{"id":88980,"date":"2024-02-22T09:55:00","date_gmt":"2024-02-22T12:55:00","guid":{"rendered":"https:\/\/bluestudio.estadao.com.br\/agencia-de-comunicacao\/releases\/releases-geral\/plano-de-saude-nao-pode-recusar-clientes\/"},"modified":"2024-02-22T09:55:00","modified_gmt":"2024-02-22T12:55:00","slug":"plano-de-saude-nao-pode-recusar-clientes","status":"publish","type":"post","link":"https:\/\/bluestudio.estadao.com.br\/agencia-de-comunicacao\/releases\/releases-geral\/plano-de-saude-nao-pode-recusar-clientes\/","title":{"rendered":"Plano de sa\u00fade n\u00e3o pode recusar clientes"},"content":{"rendered":"<p><b>DINO DIVULGADOR DE NOT\u00cdCIAS<\/b><\/p>\n<p>S\u00e3o Paulo, SP&#8211;(<a target='_blank' href='http:\/\/www.dino.com.br' rel=\"noopener\">DINO<\/a> &#8211; 22 fev, 2024) &#8211;<br \/>\nA 3&ordf; Turma do Superior Tribunal de Justi&ccedil;a (STJ) decidiu, recentemente, que o plano de sa&uacute;de n&atilde;o pode se recusar a aceitar um novo cliente, ainda que o mesmo esteja endividado. De acordo com o <a rel=\"follow noopener\" target='_blank' href='https:\/\/www.stj.jus.br\/sites\/portalp\/Paginas\/Comunicacao\/Noticias\/2024\/18012024-Planonao-pode-recusar-contratacao-com-consumidor-inscrito-em-cadastro-de-inadimplentes--define-Terceira-Turma-.aspx'>STJ<\/a>, &ldquo;o simples fato de o consumidor possuir negativa&ccedil;&atilde;o nos cadastros de inadimplentes n&atilde;o justifica, por si s&oacute;, que a operadora recuse a contrata&ccedil;&atilde;o de plano de sa&uacute;de&rdquo;.<\/p>\n<p>A decis&atilde;o atendeu ao pedido de uma consumidora que foi impedida de contratar o conv&ecirc;nio m&eacute;dico por possuir d&iacute;vidas negativadas. O colegiado do STJ ressaltou, ainda, que negar o direito &agrave; contrata&ccedil;&atilde;o de servi&ccedil;os essenciais, como a presta&ccedil;&atilde;o de assist&ecirc;ncia &agrave; sa&uacute;de, por motivo de negativa&ccedil;&atilde;o de nome constitui afronta &agrave; dignidade da pessoa, al&eacute;m de ser incompat&iacute;vel com os princ&iacute;pios do <a rel=\"follow noopener\" target='_blank' href='https:\/\/www.planalto.gov.br\/ccivil_03\/leis\/l8078compilado.htm'>C&oacute;digo de Defesa do Consumidor<\/a> (CDC).<\/p>\n<p>O professor da p&oacute;s-gradua&ccedil;&atilde;o em Direito M&eacute;dico e Hospitalar da USP de Ribeir&atilde;o Preto e <a rel=\"follow noopener\" target='_blank' href='https:\/\/www.eltonfernandes.com.br\/advogado-especialista-em-plano-de-saude-esclarece-direitos'>advogado especialista em plano de sa&uacute;de<\/a>, Elton Fernandes, explica que este tipo de recusa &eacute; entendida como sele&ccedil;&atilde;o de risco e afronta n&atilde;o s&oacute; ao CDC, como &eacute; vetada pela Lei dos Planos de Sa&uacute;de e pela Ag&ecirc;ncia Nacional de Sa&uacute;de (ANS). Segundo o especialista, o entendimento vale tamb&eacute;m para situa&ccedil;&otilde;es em que a operadora dificulta a contrata&ccedil;&atilde;o por pessoas com <a rel=\"follow noopener\" target='_blank' href='https:\/\/www.eltonfernandes.com.br\/plano-de-saude-nao-pode-recusar-cliente-com-doenca-preexistente'>doen&ccedil;a preexistente<\/a> ou <a rel=\"follow noopener\" target='_blank' href='https:\/\/youtu.be\/AIhmsLPIAgs'>idosos<\/a>.<\/p>\n<p>&ldquo;O artigo 14 da <a rel=\"follow noopener\" target='_blank' href='https:\/\/www.planalto.gov.br\/ccivil_03\/leis\/l9656.htm'>Lei dos Planos de Sa&uacute;de<\/a> diz que ningu&eacute;m, em raz&atilde;o de ser portador de uma doen&ccedil;a ou de uma defici&ecirc;ncia, por exemplo, pode ser impedido de contratar um plano de sa&uacute;de. Ou seja, nenhuma operadora de plano de sa&uacute;de pode deixar de vender um contrato ao consumidor se este contrato estiver dispon&iacute;vel&rdquo;, detalha o advogado Elton Fernandes.<\/p>\n<p><strong>Direito &agrave; Sa&uacute;de<\/strong><\/p>\n<p>Na decis&atilde;o do STJ, o ministro Moura Ribeiro destacou que o C&oacute;digo Civil prev&ecirc; que a liberdade de contrata&ccedil;&atilde;o est&aacute; limitada pela fun&ccedil;&atilde;o social do contrato, algo maior do que a mera vontade das partes. &#8216;A contrata&ccedil;&atilde;o de servi&ccedil;os essenciais n&atilde;o mais pode ser vista pelo prisma individualista ou de utilidade do contratante, mas pelo sentido ou fun&ccedil;&atilde;o social que tem na comunidade&#8217;, afirmou o ministro.<\/p>\n<p>Em seu voto, Moura Ribeiro ponderou que o fato de o consumidor possuir uma negativa&ccedil;&atilde;o passada n&atilde;o significa que ele v&aacute; deixar de pagar futuras aquisi&ccedil;&otilde;es. No processo julgado pelo STJ, a operadora de sa&uacute;de justificou a recusa &agrave; contrata&ccedil;&atilde;o como uma forma de evitar a inadimpl&ecirc;ncia j&aacute; presumida da consumidora negativada. &#8216;Na hip&oacute;tese dos autos, com todo respeito, n&atilde;o parece justa causa o simples temor, ou presun&ccedil;&atilde;o indigesta, de futura e incerta inadimpl&ecirc;ncia do pre&ccedil;o&#8217;, concluiu.<\/p>\n<p><strong>Sele&ccedil;&atilde;o de risco<\/strong><\/p>\n<p>A decis&atilde;o do STJ, segundo o <a rel=\"follow noopener\" target='_blank' href='https:\/\/www.eltonfernandes.com.br\/advogado-especialista-em-sus-clique-e-conheca'>advogado especialista em Direito &agrave; Sa&uacute;de<\/a>, pode servir como exemplo para outros julgamentos similares, j&aacute; que se constitui um precedente. Elton Fernandes relata que h&aacute; diversos entendimentos da Justi&ccedil;a, amparados pela legisla&ccedil;&atilde;o do setor, que tamb&eacute;m condenam a sele&ccedil;&atilde;o de risco por parte dos planos de sa&uacute;de, seja motivada pela negativa&ccedil;&atilde;o do cliente, pela idade ou pela constata&ccedil;&atilde;o de uma doen&ccedil;a preexistente. &ldquo;A Justi&ccedil;a tem, reiteradamente, entendido que n&atilde;o &eacute; poss&iacute;vel &agrave;s operadoras de planos de sa&uacute;de promoverem aquilo que n&oacute;s chamamos de sele&ccedil;&atilde;o de risco&rdquo;, contou.<\/p>\n<p>O professor de Direito afirma que as operadoras de planos de sa&uacute;de fazem a sele&ccedil;&atilde;o de risco porque para elas &eacute; mais rent&aacute;vel ter apenas pessoas saud&aacute;veis em seus contratos ou que n&atilde;o v&atilde;o gerar despesas, mas a legisla&ccedil;&atilde;o do setor veda este tipo de conduta. &ldquo;Se existe uma pessoa com alguma <a rel=\"follow noopener\" target='_blank' href='https:\/\/youtu.be\/SglV3ONToOY'>doen&ccedil;a preexistente<\/a>, por exemplo, pode ser imputada at&eacute; uma car&ecirc;ncia, ou seja, um tempo que ela vai pagar o plano de sa&uacute;de sem acessar alguns servi&ccedil;os de alta complexidade para tratar aquela doen&ccedil;a especificamente, mas ela n&atilde;o pode ser impedida da contrata&ccedil;&atilde;o do plano de sa&uacute;de&rdquo;, conclui Elton Fernandes.<\/p>\n<p>Website: <a target='_blank' href='http:\/\/www.eltonfernandes.com.br' rel=\"follow noopener\">http:\/\/www.eltonfernandes.com.br<\/a><img src='https:\/\/api.dino.com.br\/v2\/news\/tr\/300966' alt='' style='border:0px;width:1px;height:1px' \/><br \/>\nA <b>OESP<\/b> n\u00e3o \u00e9(s\u00e3o) respons\u00e1vel(is) por erros, incorre\u00e7\u00f5es, atrasos ou quaisquer decis\u00f5es tomadas por seus clientes com base nos Conte\u00fados ora disponibilizados, bem como tais Conte\u00fados n\u00e3o representam a opini\u00e3o da <b>OESP<\/b> e s\u00e3o de inteira responsabilidade da <b>Dino Divulgador de Noticias Online Ltda<\/b><\/p>\n","protected":false},"excerpt":{"rendered":"DINO DIVULGADOR DE NOT\u00cdCIAS S\u00e3o Paulo, SP&#8211;(DINO &#8211; 22 fev, 2024) &#8211; A 3&ordf; Turma do Superior Tribunal de Justi&ccedil;a (STJ) decidiu, recentemente, que o plano de sa&uacute;de","protected":false},"author":1,"featured_media":0,"comment_status":"open","ping_status":"closed","sticky":false,"template":"","format":"standard","meta":{"_acf_changed":false,"inline_featured_image":false,"_monsterinsights_skip_tracking":false,"_monsterinsights_sitenote_active":false,"_monsterinsights_sitenote_note":"","_monsterinsights_sitenote_category":0,"footnotes":""},"categories":[34],"tags":[],"class_list":["post-88980","post","type-post","status-publish","format-standard","hentry","category-releases-geral"],"acf":[],"_links":{"self":[{"href":"https:\/\/bluestudio.estadao.com.br\/agencia-de-comunicacao\/wp-json\/wp\/v2\/posts\/88980","targetHints":{"allow":["GET"]}}],"collection":[{"href":"https:\/\/bluestudio.estadao.com.br\/agencia-de-comunicacao\/wp-json\/wp\/v2\/posts"}],"about":[{"href":"https:\/\/bluestudio.estadao.com.br\/agencia-de-comunicacao\/wp-json\/wp\/v2\/types\/post"}],"author":[{"embeddable":true,"href":"https:\/\/bluestudio.estadao.com.br\/agencia-de-comunicacao\/wp-json\/wp\/v2\/users\/1"}],"replies":[{"embeddable":true,"href":"https:\/\/bluestudio.estadao.com.br\/agencia-de-comunicacao\/wp-json\/wp\/v2\/comments?post=88980"}],"version-history":[{"count":0,"href":"https:\/\/bluestudio.estadao.com.br\/agencia-de-comunicacao\/wp-json\/wp\/v2\/posts\/88980\/revisions"}],"wp:attachment":[{"href":"https:\/\/bluestudio.estadao.com.br\/agencia-de-comunicacao\/wp-json\/wp\/v2\/media?parent=88980"}],"wp:term":[{"taxonomy":"category","embeddable":true,"href":"https:\/\/bluestudio.estadao.com.br\/agencia-de-comunicacao\/wp-json\/wp\/v2\/categories?post=88980"},{"taxonomy":"post_tag","embeddable":true,"href":"https:\/\/bluestudio.estadao.com.br\/agencia-de-comunicacao\/wp-json\/wp\/v2\/tags?post=88980"}],"curies":[{"name":"wp","href":"https:\/\/api.w.org\/{rel}","templated":true}]}}