{"id":88351,"date":"2024-02-14T15:30:00","date_gmt":"2024-02-14T18:30:00","guid":{"rendered":"https:\/\/bluestudio.estadao.com.br\/agencia-de-comunicacao\/releases\/releases-geral\/janaina-weigel-e-a-nova-convidada-do-knewin-podcast\/"},"modified":"2024-02-14T15:30:00","modified_gmt":"2024-02-14T18:30:00","slug":"janaina-weigel-e-a-nova-convidada-do-knewin-podcast","status":"publish","type":"post","link":"https:\/\/bluestudio.estadao.com.br\/agencia-de-comunicacao\/releases\/releases-geral\/janaina-weigel-e-a-nova-convidada-do-knewin-podcast\/","title":{"rendered":"Janaina Weigel \u00e9 a nova convidada do Knewin Podcast"},"content":{"rendered":"<p><b>DINO DIVULGADOR DE NOT\u00cdCIAS<\/b><\/p>\n<p>(<a target='_blank' href='http:\/\/www.dino.com.br' rel=\"noopener\">DINO<\/a> &#8211; 14 fev, 2024) &#8211;<br \/>\nPublicado no dia 06\/02, o mais recente epis\u00f3dio do Knewin Podcast trouxe como entrevistada da vez a profissional Janaina Weigel, que possui passagem em empresas como Alliance One Brasil, PR Newswire, Serasa Experian e DIA Brasil, e que agora investe seu tempo na W Futurismo como s\u00f3cia e consultora de comunica\u00e7\u00e3o.&nbsp;<\/p>\n<p>Num momento inicial, Camilo Manfredi e Gabriel Tripodi, apresentadores do programa, abordam a vida acad\u00eamica e profissional de Janaina, que tem como principais pontos especializa\u00e7\u00e3o no gerenciamento da comunica\u00e7\u00e3o corporativa em empresas privadas com foco em comunica\u00e7\u00e3o interna e externa, projetos de posicionamento e gest\u00e3o da reputa\u00e7\u00e3o, gerenciamento de crises de imagem, relacionamento com a imprensa e defini\u00e7\u00e3o e gest\u00e3o da presen\u00e7a digital.<\/p>\n<p>Seguindo a conversa, Janina explica um pouco aos telespectadores sobre o papel de uma executiva de rela\u00e7\u00f5es p\u00fablicas e como normalmente funciona uma estrutura de comunica\u00e7\u00e3o interna e externa dentro das organiza\u00e7\u00f5es.&nbsp;<\/p>\n<p>A especialista tamb\u00e9m comenta sobre a import\u00e2ncia e relev\u00e2ncia atual da imprensa, redes sociais e influenciadores na realidade da comunica\u00e7\u00e3o corporativa, assim como a import\u00e2ncia dos dados e da intelig\u00eancia no acompanhamento e mensura\u00e7\u00e3o dos resultados de comunica\u00e7\u00e3o e o papel da Comunica\u00e7\u00e3o na gest\u00e3o da reputa\u00e7\u00e3o, \u00e1rea em que possui ampla experi\u00eancia.&nbsp;<\/p>\n<p>Os entrevistadores tamb\u00e9m pedem que Janaina, ao longo da conversa, fale sobre seus projetos e a\u00e7\u00f5es que geraram resultados significativos e de grande impacto para a sociedade, tanto nos Estados Unidos como na \u00c1frica.&nbsp;<\/p>\n<p>Por fim, a entrevistada aponta, de acordo com sua especialidade, quais s\u00e3o as a\u00e7\u00f5es poss\u00edveis de serem tomadas para &#8216;controlar&#8217; a reputa\u00e7\u00e3o e a imagem das empresas, marcas e porta-vozes e finaliza com a sua vis\u00e3o futura da import\u00e2ncia das \u00e1reas de comunica\u00e7\u00e3o nas empresas.&nbsp;<\/p>\n<p>O epis\u00f3dio completo j\u00e1 est\u00e1 dispon\u00edvel para ser acessado via <a rel=\"follow noopener\" target='_blank' href='https:\/\/podcast-se.knewin.com\/' data-mce-target='_blank'>Site<\/a>, <a rel=\"follow noopener\" target='_blank' href='https:\/\/open.spotify.com\/episode\/7IHH634Ppr1yoP9bEjdYMS' data-mce-target='_blank'>Spotify<\/a> ou <a rel=\"follow noopener\" target='_blank' href='https:\/\/www.youtube.com\/watch?v=yofOAsu1JH0' data-mce-target='_blank'>YouTube<\/a>.<\/p>\n<p>Para saber mais, basta acessar:<a rel=\"follow noopener\" target='_blank' href='https:\/\/podcast-se.knewin.com\/' data-mce-target='_blank'> https:\/\/podcast-se.knewin.com\/<\/a><\/p>\n<p>A <b>OESP<\/b> n\u00e3o \u00e9(s\u00e3o) respons\u00e1vel(is) por erros, incorre\u00e7\u00f5es, atrasos ou quaisquer decis\u00f5es tomadas por seus clientes com base nos Conte\u00fados ora disponibilizados, bem como tais Conte\u00fados n\u00e3o representam a opini\u00e3o da <b>OESP<\/b> e s\u00e3o de inteira responsabilidade da <b>Dino Divulgador de Noticias Online Ltda<\/b><\/p>\n","protected":false},"excerpt":{"rendered":"DINO DIVULGADOR DE NOT\u00cdCIAS (DINO &#8211; 14 fev, 2024) &#8211; Publicado no dia 06\/02, o mais recente epis\u00f3dio do Knewin Podcast trouxe como entrevistada da vez a profissional Janaina Weigel, que","protected":false},"author":1,"featured_media":0,"comment_status":"open","ping_status":"closed","sticky":false,"template":"","format":"standard","meta":{"_acf_changed":false,"inline_featured_image":false,"_monsterinsights_skip_tracking":false,"_monsterinsights_sitenote_active":false,"_monsterinsights_sitenote_note":"","_monsterinsights_sitenote_category":0,"footnotes":""},"categories":[34],"tags":[],"class_list":["post-88351","post","type-post","status-publish","format-standard","hentry","category-releases-geral"],"acf":[],"_links":{"self":[{"href":"https:\/\/bluestudio.estadao.com.br\/agencia-de-comunicacao\/wp-json\/wp\/v2\/posts\/88351","targetHints":{"allow":["GET"]}}],"collection":[{"href":"https:\/\/bluestudio.estadao.com.br\/agencia-de-comunicacao\/wp-json\/wp\/v2\/posts"}],"about":[{"href":"https:\/\/bluestudio.estadao.com.br\/agencia-de-comunicacao\/wp-json\/wp\/v2\/types\/post"}],"author":[{"embeddable":true,"href":"https:\/\/bluestudio.estadao.com.br\/agencia-de-comunicacao\/wp-json\/wp\/v2\/users\/1"}],"replies":[{"embeddable":true,"href":"https:\/\/bluestudio.estadao.com.br\/agencia-de-comunicacao\/wp-json\/wp\/v2\/comments?post=88351"}],"version-history":[{"count":0,"href":"https:\/\/bluestudio.estadao.com.br\/agencia-de-comunicacao\/wp-json\/wp\/v2\/posts\/88351\/revisions"}],"wp:attachment":[{"href":"https:\/\/bluestudio.estadao.com.br\/agencia-de-comunicacao\/wp-json\/wp\/v2\/media?parent=88351"}],"wp:term":[{"taxonomy":"category","embeddable":true,"href":"https:\/\/bluestudio.estadao.com.br\/agencia-de-comunicacao\/wp-json\/wp\/v2\/categories?post=88351"},{"taxonomy":"post_tag","embeddable":true,"href":"https:\/\/bluestudio.estadao.com.br\/agencia-de-comunicacao\/wp-json\/wp\/v2\/tags?post=88351"}],"curies":[{"name":"wp","href":"https:\/\/api.w.org\/{rel}","templated":true}]}}