{"id":88171,"date":"2024-02-09T16:34:00","date_gmt":"2024-02-09T19:34:00","guid":{"rendered":"https:\/\/bluestudio.estadao.com.br\/agencia-de-comunicacao\/releases\/releases-geral\/licenca-parental-inclui-todas-as-configuracoes-familiares\/"},"modified":"2024-02-09T16:34:00","modified_gmt":"2024-02-09T19:34:00","slug":"licenca-parental-inclui-todas-as-configuracoes-familiares","status":"publish","type":"post","link":"https:\/\/bluestudio.estadao.com.br\/agencia-de-comunicacao\/releases\/releases-geral\/licenca-parental-inclui-todas-as-configuracoes-familiares\/","title":{"rendered":"Licen\u00e7a parental inclui todas as configura\u00e7\u00f5es familiares"},"content":{"rendered":"<p><b>DINO DIVULGADOR DE NOT\u00cdCIAS<\/b><\/p>\n<p>S\u00e3o Paulo, fevereiro de 2023&#8211;(<a target='_blank' href='http:\/\/www.dino.com.br' rel=\"noopener\">DINO<\/a> &#8211; 09 fev, 2024) &#8211;<br \/>\nLicen&ccedil;a parental &eacute; um termo que ainda gera muitas d&uacute;vidas. Diferente da licen&ccedil;a paternidade e da maternidade, a licen&ccedil;a parental &eacute; um benef&iacute;cio que atende a todas as configura&ccedil;&otilde;es familiares. Uma pesquisa realizada pelo <a rel=\"follow noopener\" target='_blank' href='https:\/\/valor.globo.com\/carreira\/noticia\/2023\/07\/26\/deixar-o-trabalho-para-cuidar-dos-filhos-e-pensamento-de-homens-e-mulheres.ghtml'>Filhos no Curr&iacute;culo em parceria com a HR Tech Infojobs<\/a>, revelou que a quest&atilde;o de licen&ccedil;as estendidas est&aacute; entre os benef&iacute;cios mais desejados pelos profissionais que t&ecirc;m filhos.<\/p>\n<p>No will Bank, banco 100% digital com mais de 6 milh&otilde;es de clientes em todo o Brasil, a licen&ccedil;a parental &eacute; uma realidade desde 2022. Com uma cultura igualit&aacute;ria, o banco oferece 180 dias de licen&ccedil;a para todos os colaboradores que tenham filhos biol&oacute;gicos, adotivos e\/ou reprodu&ccedil;&atilde;o assistida, sem a necessidade de identifica&ccedil;&atilde;o de g&ecirc;nero.<\/p>\n<p>A chegada de um beb&ecirc;, ou a ado&ccedil;&atilde;o de um filho, costuma, em geral, ser um motivador e impulsionador na carreira profissional. Um <a rel=\"follow noopener\" target='_blank' href='https:\/\/forbes.com.br\/carreira\/2023\/08\/licenca-paternidade-pais-contam-suas-experiencias\/'>estudo realizado pela McKinsey<\/a> revelou que 100% das pessoas entrevistadas gostariam de ter mais tempo junto &agrave; crian&ccedil;a rec&eacute;m-chegada &agrave; fam&iacute;lia, e uma parcela significativa indicou que ao voltar para as atividades, se sentiu mais motivado e propenso a permanecer trabalhando na empresa por mais tempo.<\/p>\n<p>A discuss&atilde;o &eacute; antiga, mas os benef&iacute;cios registrados a partir dessa pr&aacute;tica devem, com o tempo, ser reconhecidos e validados pela sociedade. A colaboradora Andr&eacute;a Santana, do time de marketing do will Bank, que desfrutou da licen&ccedil;a, &eacute; m&atilde;e de Gael, fruto da rela&ccedil;&atilde;o com a esposa Ana Lu&iacute;sa &ndash; que gerou a crian&ccedil;a. Ana trabalha em uma consultoria enquadrada como empresa cidad&atilde; e, conforme manda a lei, teve acesso a seis meses de licen&ccedil;a maternidade. J&aacute; Andr&eacute;a, fracionou a licen&ccedil;a. Tirou dois meses logo ap&oacute;s o parto e, o restante vai usufruir quando a parceira retornar &agrave;s atividades.<\/p>\n<p>Outro exemplo do uso da licen&ccedil;a &eacute; do colaborador Ciro Valente Filho, que acompanhou os primeiros meses do filho Otto. &ldquo;Foi uma das melhores not&iacute;cias que recebi. &Eacute; muito importante ter a oportunidade de acompanhar o desenvolvimento do meu filho e participar dos cuidados. O que me deixou ainda mais feliz &eacute; ser um benef&iacute;cio inclusivo para todas as configura&ccedil;&otilde;es familiares. Isto &eacute; uma grande representa&ccedil;&atilde;o de como o will Bank est&aacute; preocupado com seus colaboradores e com a inclus&atilde;o&rdquo;, disse o staff engineer.<\/p>\n<p>O banco digital acredita que com a cria&ccedil;&atilde;o de um ambiente de seguran&ccedil;a psicol&oacute;gica n&atilde;o h&aacute; motivos para que seus funcion&aacute;rios fiquem inseguros em rela&ccedil;&atilde;o a utiliza&ccedil;&atilde;o do benef&iacute;cio. &ldquo;Nosso objetivo foi buscar uma solu&ccedil;&atilde;o que atenda todas as configura&ccedil;&otilde;es familiares e identidades de g&ecirc;nero de forma igualit&aacute;ria. Humanizar essas rela&ccedil;&otilde;es &eacute; um ponto de inflex&atilde;o necess&aacute;rio e estamos satisfeitos com os resultados que esse acolhimento tem gerado em nossas pessoas colaboradoras, que est&atilde;o mais engajadas, comprometidas e conectadas com a empresa&rdquo;, afirma Alexandre Munhoz, COO do will Bank.<\/p>\n<p>A ader&ecirc;ncia ao benef&iacute;cio de 180 dias &eacute; opcional, com possibilidade de usar a licen&ccedil;a de uma vez s&oacute; ou dividir em mais per&iacute;odos. A saber que os per&iacute;odos exigidos por lei s&atilde;o de 120 dias em caso de licen&ccedil;a-maternidade para m&atilde;es biol&oacute;gicas e adotivas e cinco dias em caso de licen&ccedil;a paternidade. Para os colaboradores que tiveram o nascimento ou processo de ado&ccedil;&atilde;o anterior ao lan&ccedil;amento da licen&ccedil;a parental, o benef&iacute;cio se aplica normalmente e sempre &eacute; contado a partir da data de nascimento ou efetiva&ccedil;&atilde;o da ado&ccedil;&atilde;o.&nbsp;<\/p>\n<p>Website: <a target='_blank' href='http:\/\/willbank.com.br' rel=\"follow noopener\">http:\/\/willbank.com.br<\/a><img src='https:\/\/api.dino.com.br\/v2\/news\/tr\/299049' alt='' style='border:0px;width:1px;height:1px' \/><br \/>\nA <b>OESP<\/b> n\u00e3o \u00e9(s\u00e3o) respons\u00e1vel(is) por erros, incorre\u00e7\u00f5es, atrasos ou quaisquer decis\u00f5es tomadas por seus clientes com base nos Conte\u00fados ora disponibilizados, bem como tais Conte\u00fados n\u00e3o representam a opini\u00e3o da <b>OESP<\/b> e s\u00e3o de inteira responsabilidade da <b>Dino Divulgador de Noticias Online Ltda<\/b><\/p>\n","protected":false},"excerpt":{"rendered":"DINO DIVULGADOR DE NOT\u00cdCIAS S\u00e3o Paulo, fevereiro de 2023&#8211;(DINO &#8211; 09 fev, 2024) &#8211; Licen&ccedil;a parental &eacute; um termo que ainda gera muitas d&uacute;vidas. Diferente da","protected":false},"author":1,"featured_media":0,"comment_status":"open","ping_status":"closed","sticky":false,"template":"","format":"standard","meta":{"_acf_changed":false,"inline_featured_image":false,"_monsterinsights_skip_tracking":false,"_monsterinsights_sitenote_active":false,"_monsterinsights_sitenote_note":"","_monsterinsights_sitenote_category":0,"footnotes":""},"categories":[34],"tags":[],"class_list":["post-88171","post","type-post","status-publish","format-standard","hentry","category-releases-geral"],"acf":[],"_links":{"self":[{"href":"https:\/\/bluestudio.estadao.com.br\/agencia-de-comunicacao\/wp-json\/wp\/v2\/posts\/88171","targetHints":{"allow":["GET"]}}],"collection":[{"href":"https:\/\/bluestudio.estadao.com.br\/agencia-de-comunicacao\/wp-json\/wp\/v2\/posts"}],"about":[{"href":"https:\/\/bluestudio.estadao.com.br\/agencia-de-comunicacao\/wp-json\/wp\/v2\/types\/post"}],"author":[{"embeddable":true,"href":"https:\/\/bluestudio.estadao.com.br\/agencia-de-comunicacao\/wp-json\/wp\/v2\/users\/1"}],"replies":[{"embeddable":true,"href":"https:\/\/bluestudio.estadao.com.br\/agencia-de-comunicacao\/wp-json\/wp\/v2\/comments?post=88171"}],"version-history":[{"count":0,"href":"https:\/\/bluestudio.estadao.com.br\/agencia-de-comunicacao\/wp-json\/wp\/v2\/posts\/88171\/revisions"}],"wp:attachment":[{"href":"https:\/\/bluestudio.estadao.com.br\/agencia-de-comunicacao\/wp-json\/wp\/v2\/media?parent=88171"}],"wp:term":[{"taxonomy":"category","embeddable":true,"href":"https:\/\/bluestudio.estadao.com.br\/agencia-de-comunicacao\/wp-json\/wp\/v2\/categories?post=88171"},{"taxonomy":"post_tag","embeddable":true,"href":"https:\/\/bluestudio.estadao.com.br\/agencia-de-comunicacao\/wp-json\/wp\/v2\/tags?post=88171"}],"curies":[{"name":"wp","href":"https:\/\/api.w.org\/{rel}","templated":true}]}}