{"id":88012,"date":"2024-02-08T10:12:00","date_gmt":"2024-02-08T13:12:00","guid":{"rendered":"https:\/\/bluestudio.estadao.com.br\/agencia-de-comunicacao\/releases\/releases-geral\/as-reservas-de-caixa-para-private-equity-e-venture-capital-na-america-latina-sao-as-mais-altas-desde-2015-relatorios-preqin-2\/"},"modified":"2024-02-08T10:12:00","modified_gmt":"2024-02-08T13:12:00","slug":"as-reservas-de-caixa-para-private-equity-e-venture-capital-na-america-latina-sao-as-mais-altas-desde-2015-relatorios-preqin-2","status":"publish","type":"post","link":"https:\/\/bluestudio.estadao.com.br\/agencia-de-comunicacao\/releases\/releases-geral\/as-reservas-de-caixa-para-private-equity-e-venture-capital-na-america-latina-sao-as-mais-altas-desde-2015-relatorios-preqin-2\/","title":{"rendered":"As reservas de caixa para private equity e venture capital na Am\u00e9rica Latina s\u00e3o as mais altas desde 2015  Relat\u00f3rios Preqin"},"content":{"rendered":"<p><b>Preqin Ltd<\/b><\/p>\n<p align=\"left\">LONDRES, Feb.  08, 2024  (GLOBE NEWSWIRE) &#8212; <a href=\"https:\/\/www.globenewswire.com\/Tracker?data=T3KTDAihx9v5mwNl2ACjCrg3TXsILzt0C-XvPt08d0pIUytC68regKYoBntMzD33AOTtNcVzDWUwZE-uolYCdA==\" rel=\"nofollow noopener\" target=\"_blank\"><u>Preqin<\/u><\/a>, a l\u00edder global do mercado de ativos alternativos com dados e insights essenciais, publicou seu relat\u00f3rio <a href=\"https:\/\/www.globenewswire.com\/Tracker?data=pgC0qZ0pLU6C3Zb9QWfWD-elB6nukdUFbKRjbwHW3IcZg1ytKYnVJS8S-3yl7KSEwblz37SOcEOwYYczQ64aVNGCeDetJ_bEEbhS91XZolu6YlkhK410oxCE7SDd_7UfBtdRMoNBFK77XKN3ZtCLAvZVIOm7tEIJ3mVeGvk3cONHAKjMPhBIYCM9qgc4v6ekAMXymbK4C9IN8mJhe835Ivwo14tOoA1fViPZ2J1AN_cvzSIHk9fwk5qdEHuSpHl5y74eJM3Rr7Dw7LiNQKYX1FioRvTWRyYJZ79ruZjdqMTlv0TewjMw5o-Krt3PWGXS\" rel=\"nofollow noopener\" target=\"_blank\"><u>Guia Territorial Preqin : Private Equity e Venture Capital na Am\u00e9rica Latina 2023<\/u><\/a>.<\/p>\n<p align=\"left\">O relat\u00f3rio conclui que os ativos sob gest\u00e3o (assets under management, AUM) da Am\u00e9rica Latina em investimentos alternativos tiveram um crescimento cont\u00ednuo em 2023, impulsionado por private equity e por venture capital (VC). Segundo os \u00faltimos dados dispon\u00edveis, os AUM somados de private equity e VC atingiram US$ 49,2 bilh\u00f5es em mar\u00e7o de 2023. Esse valor foi superior aos US$ 45,8 bilh\u00f5es, ou um aumento de 7%, em rela\u00e7\u00e3o ao final de dezembro de 2022.<\/p>\n<p align=\"left\">Apesar da diminui\u00e7\u00e3o global na capta\u00e7\u00e3o de recursos de private equity e VC, e tamb\u00e9m no valor das transa\u00e7\u00f5es em 2023, os dados da Preqin indicam que o crescimento dos AUM em investimentos alternativos continuar\u00e1 na Am\u00e9rica Latina em 2024. Esse crescimento vai depender de como a regi\u00e3o vai lidar com as incertezas atuais em decorr\u00eancia da instabilidade pol\u00edtica, da infla\u00e7\u00e3o e do aumento das taxas de juros.<\/p>\n<p align=\"left\"><strong>As reservas de caixa para private equity e VC e o n\u00famero de investidores ativos aumentam<\/strong><\/p>\n<p align=\"left\">Em mar\u00e7o de 2023, a reserva de caixa representava US$ 13,4 bilh\u00f5es, ou 27% dos AUM, que \u00e9 a maior reserva de caixa da regi\u00e3o desde 2015, quando representava 31% do total de AUM. A pesquisa da Preqin mostra que o aumento da reserva de caixa para private equity e VC pode ser atribu\u00eddo \u00e0 inseguran\u00e7a dos investidores, devido as incertezas do mercado.<\/p>\n<p align=\"left\">Entretanto, comprovando o crescimento resiliente da Am\u00e9rica Latina em investimentos alternativos, o n\u00famero de investidores ativos em private equity e VC aumentou rapidamente. Do final de 2018 a outubro de 2023, esse n\u00famero quase dobrou de 201 para pouco menos de 400. Esse aumento expressivo no n\u00famero de investidores ativos mostra que a evolu\u00e7\u00e3o econ\u00f4mica da regi\u00e3o \u00e9 adequada para investimentos alternativos.<\/p>\n<p align=\"left\"><strong>Os neg\u00f3cios de private equity diminu\u00edram em 2023 em meio \u00e0 desacelera\u00e7\u00e3o global<\/strong><\/p>\n<p align=\"left\">O fluxo de neg\u00f3cios de private equity na Am\u00e9rica Latina refletiu a desacelera\u00e7\u00e3o dos mercados privados globais, atingindo o n\u00edvel mais baixo em cinco anos na regi\u00e3o. Em outubro de 2023, o valor agregado caiu 81%, para US$ 2,5 bilh\u00f5es em 85 neg\u00f3cios, contra US$ 13,5 bilh\u00f5es em 139 neg\u00f3cios em 2022. Em compara\u00e7\u00e3o, o fluxo global de neg\u00f3cios de private equity caiu 19%, para US$ 76,5 bilh\u00f5es, quando comparamos o 3\u00ba trimestre de 2022 com o 3\u00ba trimestre de 2023. O valor agregado dos neg\u00f3cios de US$ 76,5 bilh\u00f5es no terceiro trimestre de 2023 foi de 1.558 transa\u00e7\u00f5es.<\/p>\n<p align=\"left\">Apesar da redu\u00e7\u00e3o no valor e no volume dos neg\u00f3cios de private equity na Am\u00e9rica Latina em 2023, as transforma\u00e7\u00f5es e supply chain devido \u00e0s tend\u00eancias geopol\u00edticas e \u00e0 pandemia de COVID-19 devem beneficiar a Am\u00e9rica Latina. O crescimento do nearshoring significa que o mercado dos EUA est\u00e1 reorientando seus supply chain mais internamente.<\/p>\n<p align=\"left\"><strong>David Dawkins, redator financeiro da Preqin, afirma: <\/strong><em>&#8220;Apesar de todos os desafios da regi\u00e3o, a Am\u00e9rica Latina oferece oportunidades aos investidores. Juntamente com o impulso gerado pelo nearshoring, o investimento privado est\u00e1 demonstrando o potencial existente em seu crescente mercado de private equity.&#8221;<\/em><\/p>\n<p align=\"left\"><strong>Outras conclus\u00f5es importantes do Guia Territorial Preqin: Private Equity e Venture Capital na Am\u00e9rica Latina 2023 incluem:<\/strong><\/p>\n<ul type=\"disc\">\n<li style=\"margin-top:5pt;margin-bottom:5pt;text-align:left\"><strong>Capta\u00e7\u00e3o de recursos de private equity desacelera:<\/strong> A capta\u00e7\u00e3o de recursos em private equity na Am\u00e9rica Latina caiu para o n\u00edvel mais baixo em 10 anos em 2023. Esse valor caiu para US$ 0,6 bilh\u00e3o em outubro de 2023 (\u00faltimos dados dispon\u00edveis), contra US$ 3,4 bilh\u00f5es em 2022.<\/li>\n<li style=\"margin-top:5pt;margin-bottom:5pt;text-align:left\"><strong>Tipo de neg\u00f3cio de private equity: <\/strong>Os neg\u00f3cios discricion\u00e1rios de consumo representaram metade das dez maiores transa\u00e7\u00f5es em private equity conclu\u00eddas nos \u00faltimos dois anos, sendo a maior delas a compra da LATAM Airlines Group por US$ 4,5 bilh\u00f5es em dezembro de 2022.<\/li>\n<li style=\"margin-top:5pt;margin-bottom:5pt;text-align:left\"><strong>O Brasil e os neg\u00f3cios de private equity:<\/strong> Os neg\u00f3cios na categoria de bens de consumo discricion\u00e1rios foram not\u00e1veis no Brasil, al\u00e9m do M\u00e9xico. As Opera\u00e7\u00f5es de Abate e Desossa de Gado da Marfig Alimentos foram uma empresa comprada em uma incorpora\u00e7\u00e3o e fus\u00e3o por US$ 1,5 bilh\u00e3o em agosto de 2023.<\/li>\n<\/ul>\n<p align=\"left\">Se gostaria de ter mais informa\u00e7\u00f5es ou contatar o autor do relat\u00f3rio, entre em contato com Dawn Bowles em <a href=\"https:\/\/www.globenewswire.com\/Tracker?data=IqMrzIV7DJjOPtME0epVqF8VFlBpLXwrSobkllusNxQr05OEPTTa4QCIyNunSuoo7KAVUkU6xSc5LfxqUPcURNlixBe0eZkd8UbezS4D2To=\" rel=\"nofollow noopener\" target=\"_blank\"><u>dawn.bowles@preqin.com<\/u><\/a>.<\/p>\n<p align=\"left\"><strong>Sobre a Preqin<\/strong><\/p>\n<p align=\"left\">A Preqin, \u00e9 refer\u00eancia no mercado de Ativos Alternativos<sup><\/sup>, capacitando os profissionais financeiros que investem ou alocam em investimentos alternativos com dados e insights essenciais para tomada de decis\u00f5es. A Preqin oferece suporte durante todo o ciclo de vida do investimento com informa\u00e7\u00f5es cr\u00edticas e solu\u00e7\u00f5es de an\u00e1lise l\u00edderes do setor. A empresa \u00e9 pioneira em m\u00e9todos rigorosos de coleta de dados privados por 20 anos, permitindo que mais de 200.000 profissionais em todo o mundo agilizem a forma como levantam capital, fazem neg\u00f3cios e investimentos, entendam o desempenho e se mantenham informados. Para mais informa\u00e7\u00f5es, acesse <a href=\"https:\/\/www.globenewswire.com\/Tracker?data=hTozh3mAmymiWegBN3k2uB0niiDAaJoGJztN7bV_IPdrIRO26frEQVOEvgjTW6GTD_cf5SjjMb7DfxQzH9h3PA==\" rel=\"nofollow noopener\" target=\"_blank\"><u>www.preqin.com<\/u><\/a>.<\/p>\n<p> <img decoding=\"async\" class=\"__GNW8366DE3E__IMG\" src=\"https:\/\/www.globenewswire.com\/newsroom\/ti?nf=MTAwMDkxMjU3MCM0MDE3NTIyNjAjMjIwODUzNQ==\" \/> <br \/><img decoding=\"async\" src=\"https:\/\/ml-eu.globenewswire.com\/media\/OWEzNTM4ZGQtOGQxYS00ODllLTgyYTAtNTE5ZmY0NjdlZTM1LTEyMjAwODg=\/tiny\/Preqin-Ltd.png\" \/><br \/>\n<a href=\"https:\/\/www.globenewswire.com\/NewsRoom\/AttachmentNg\/e66a775b-9a48-4086-804a-537b5cfc8fe3\"><img loading=\"lazy\" decoding=\"async\" src=\"https:\/\/ml-eu.globenewswire.com\/media\/e66a775b-9a48-4086-804a-537b5cfc8fe3\/small\/preqin-logo-midnight-rgb-1-png.png\" border=\"0\" width=\"150\" height=\"32\" alt=\"Primary Logo\" \/><\/a><\/p>\n<p>A <b>OESP<\/b> nao e(sao) responsavel(is) por erros, incorrecoes, atrasos ou quaisquer decisoes tomadas por seus clientes com base nos Conteudos ora disponibilizados, bem como tais Conteudos nao representam a opiniao da <b>OESP<\/b> e sao de inteira responsabilidade da <b>GlobeNewswire<\/b><\/p>\n","protected":false},"excerpt":{"rendered":"Preqin Ltd LONDRES, Feb. 08, 2024 (GLOBE NEWSWIRE) &#8212; Preqin, a l\u00edder global do mercado de ativos alternativos com dados e insights essenciais, publicou seu relat\u00f3rio Guia Territorial Preqin :","protected":false},"author":1,"featured_media":0,"comment_status":"open","ping_status":"closed","sticky":false,"template":"","format":"standard","meta":{"_acf_changed":false,"inline_featured_image":false,"_monsterinsights_skip_tracking":false,"_monsterinsights_sitenote_active":false,"_monsterinsights_sitenote_note":"","_monsterinsights_sitenote_category":0,"footnotes":""},"categories":[34],"tags":[],"class_list":["post-88012","post","type-post","status-publish","format-standard","hentry","category-releases-geral"],"acf":[],"_links":{"self":[{"href":"https:\/\/bluestudio.estadao.com.br\/agencia-de-comunicacao\/wp-json\/wp\/v2\/posts\/88012","targetHints":{"allow":["GET"]}}],"collection":[{"href":"https:\/\/bluestudio.estadao.com.br\/agencia-de-comunicacao\/wp-json\/wp\/v2\/posts"}],"about":[{"href":"https:\/\/bluestudio.estadao.com.br\/agencia-de-comunicacao\/wp-json\/wp\/v2\/types\/post"}],"author":[{"embeddable":true,"href":"https:\/\/bluestudio.estadao.com.br\/agencia-de-comunicacao\/wp-json\/wp\/v2\/users\/1"}],"replies":[{"embeddable":true,"href":"https:\/\/bluestudio.estadao.com.br\/agencia-de-comunicacao\/wp-json\/wp\/v2\/comments?post=88012"}],"version-history":[{"count":0,"href":"https:\/\/bluestudio.estadao.com.br\/agencia-de-comunicacao\/wp-json\/wp\/v2\/posts\/88012\/revisions"}],"wp:attachment":[{"href":"https:\/\/bluestudio.estadao.com.br\/agencia-de-comunicacao\/wp-json\/wp\/v2\/media?parent=88012"}],"wp:term":[{"taxonomy":"category","embeddable":true,"href":"https:\/\/bluestudio.estadao.com.br\/agencia-de-comunicacao\/wp-json\/wp\/v2\/categories?post=88012"},{"taxonomy":"post_tag","embeddable":true,"href":"https:\/\/bluestudio.estadao.com.br\/agencia-de-comunicacao\/wp-json\/wp\/v2\/tags?post=88012"}],"curies":[{"name":"wp","href":"https:\/\/api.w.org\/{rel}","templated":true}]}}