{"id":87747,"date":"2024-02-06T11:29:00","date_gmt":"2024-02-06T14:29:00","guid":{"rendered":"https:\/\/bluestudio.estadao.com.br\/agencia-de-comunicacao\/releases\/releases-geral\/raio-atinge-o-residencial-mais-alto-da-america-latina\/"},"modified":"2024-02-06T11:29:00","modified_gmt":"2024-02-06T14:29:00","slug":"raio-atinge-o-residencial-mais-alto-da-america-latina","status":"publish","type":"post","link":"https:\/\/bluestudio.estadao.com.br\/agencia-de-comunicacao\/releases\/releases-geral\/raio-atinge-o-residencial-mais-alto-da-america-latina\/","title":{"rendered":"Raio atinge o residencial mais alto da Am\u00e9rica Latina"},"content":{"rendered":"<p><b>DINO DIVULGADOR DE NOT\u00cdCIAS<\/b><\/p>\n<p>Balne\u00e1rio Cambori\u00fa, SC&#8211;(<a target='_blank' href='http:\/\/www.dino.com.br' rel=\"noopener\">DINO<\/a> &#8211; 06 fev, 2024) &#8211;<br \/>\nUm v\u00eddeo gravado no in\u00edcio de janeiro, durante uma tempestade em Balne\u00e1rio Cambori\u00fa, no litoral norte de Santa Catarina, viralizou nas redes sociais no \u00faltimo dia 29 (segunda-feira): um raio atingindo o pin\u00e1culo do One Tower, constru\u00e7\u00e3o exclusivamente residencial mais alta da Am\u00e9rica Latina, chancelada pelo Conselho de Edif\u00edcios Altos e Habitat Urbano &#8211;&nbsp;<a class='c-link' target='_blank' href='https:\/\/www.skyscrapercenter.com\/building\/one-tower\/16120' rel=\"noopener noreferrer\" data-stringify-link='https:\/\/www.skyscrapercenter.com\/building\/one-tower\/16120' data-sk='tooltip_parent' data-mce-target='_blank'>CTBUH<\/a>, organismo internacional do setor de arranha-c\u00e9us e design urbano sustent\u00e1vel, assinado pela FG Empreendimentos.<\/p>\n<p>No v\u00eddeo \u00e9 poss\u00edvel ver o momento exato que o raio atinge o para-raios no pin\u00e1culo do empreendimento, e o que chama a aten\u00e7\u00e3o \u00e9 o tempo que leva at\u00e9 o trov\u00e3o ser ouvido. O engenheiro Rafael Morato explica que muitas pessoas imaginam que um para-raios \u00e9 um sistema que atrai os raios, quando, na verdade, ele \u00e9 um sistema que cria um caminho preferencial de baixa imped\u00e2ncia para que o raio possa passar sem causar danos \u00e0 estrutura e aos equipamentos.<\/p>\n<p>&#8216;Quando o One Tower foi constru\u00eddo sab\u00edamos que se tornaria um alvo preferencial para descargas atmosf\u00e9ricas, uma vez que se sobressai em altura aos empreendimentos circunvizinhos. Nesse contexto, n\u00e3o \u00e9 apenas uma op\u00e7\u00e3o ter um sistema eficiente, mas sim uma necessidade intr\u00ednseca para um empreendimento desse porte. Sempre tivemos certeza de que ocorreriam descargas, e coube \u00e0 nossa engenharia determinar esses pontos preferenciais, garantindo o funcionamento adequado e a tranquilidade dos moradores&#8217;, pontua o engenheiro da FG.<\/p>\n<p>O sistema de prote\u00e7\u00e3o contra descargas atmosf\u00e9ricas utilizado no One Tower \u00e9 do tipo estrutural, envolvendo a utiliza\u00e7\u00e3o de descidas atrav\u00e9s dos pilares do empreendimento para conduzir a descarga ao solo e criar uma gaiola de prote\u00e7\u00e3o para os usu\u00e1rios. Um pr\u00e9dio como esse possui uma funda\u00e7\u00e3o estrutural robusta, sendo a melhor forma de dissipa\u00e7\u00e3o dessa energia. O engenheiro respons\u00e1vel pelo projeto, Cesar Ricardo C\u00e2mara da Silva, complementa: &#8216;Al\u00e9m disso, nossa fachada envidra\u00e7ada possui uma estrutura totalmente equipotencializada com esse sistema, favorecendo tamb\u00e9m a condu\u00e7\u00e3o em descargas parciais e laterais, que podem ocorrer como deriva\u00e7\u00f5es da descarga principal&#8217;.<\/p>\n<p>A construtora catarinense \u00e9 uma das empresas que mais investe em tecnologia construtiva no pa\u00eds, contribuindo tamb\u00e9m para o desenvolvimento do segmento no Brasil.<\/p>\n<p>V\u00eddeo no link: <a rel=\"follow noopener\" target='_blank' href='https:\/\/drive.google.com\/file\/d\/1rYTVqCfOe398pbOZEO8vzpXgs8mLuC1D\/view?usp=sharing' data-mce-target='_blank'>https:\/\/drive.google.com\/file\/d\/1rYTVqCfOe398pbOZEO8vzpXgs8mLuC1D\/view?usp=sharing<\/a><\/p>\n<p>Website: <a target='_blank' href='http:\/\/www.fgempreendimentos.com.br' rel=\"follow noopener\">http:\/\/www.fgempreendimentos.com.br<\/a><img src='https:\/\/api.dino.com.br\/v2\/news\/tr\/291279' alt='' style='border:0px;width:1px;height:1px' \/><br \/>\nA <b>OESP<\/b> n\u00e3o \u00e9(s\u00e3o) respons\u00e1vel(is) por erros, incorre\u00e7\u00f5es, atrasos ou quaisquer decis\u00f5es tomadas por seus clientes com base nos Conte\u00fados ora disponibilizados, bem como tais Conte\u00fados n\u00e3o representam a opini\u00e3o da <b>OESP<\/b> e s\u00e3o de inteira responsabilidade da <b>Dino Divulgador de Noticias Online Ltda<\/b><\/p>\n","protected":false},"excerpt":{"rendered":"DINO DIVULGADOR DE NOT\u00cdCIAS Balne\u00e1rio Cambori\u00fa, SC&#8211;(DINO &#8211; 06 fev, 2024) &#8211; Um v\u00eddeo gravado no in\u00edcio de janeiro, durante uma tempestade em Balne\u00e1rio Cambori\u00fa, no litoral","protected":false},"author":1,"featured_media":0,"comment_status":"open","ping_status":"closed","sticky":false,"template":"","format":"standard","meta":{"_acf_changed":false,"inline_featured_image":false,"_monsterinsights_skip_tracking":false,"_monsterinsights_sitenote_active":false,"_monsterinsights_sitenote_note":"","_monsterinsights_sitenote_category":0,"footnotes":""},"categories":[34],"tags":[],"class_list":["post-87747","post","type-post","status-publish","format-standard","hentry","category-releases-geral"],"acf":[],"_links":{"self":[{"href":"https:\/\/bluestudio.estadao.com.br\/agencia-de-comunicacao\/wp-json\/wp\/v2\/posts\/87747","targetHints":{"allow":["GET"]}}],"collection":[{"href":"https:\/\/bluestudio.estadao.com.br\/agencia-de-comunicacao\/wp-json\/wp\/v2\/posts"}],"about":[{"href":"https:\/\/bluestudio.estadao.com.br\/agencia-de-comunicacao\/wp-json\/wp\/v2\/types\/post"}],"author":[{"embeddable":true,"href":"https:\/\/bluestudio.estadao.com.br\/agencia-de-comunicacao\/wp-json\/wp\/v2\/users\/1"}],"replies":[{"embeddable":true,"href":"https:\/\/bluestudio.estadao.com.br\/agencia-de-comunicacao\/wp-json\/wp\/v2\/comments?post=87747"}],"version-history":[{"count":0,"href":"https:\/\/bluestudio.estadao.com.br\/agencia-de-comunicacao\/wp-json\/wp\/v2\/posts\/87747\/revisions"}],"wp:attachment":[{"href":"https:\/\/bluestudio.estadao.com.br\/agencia-de-comunicacao\/wp-json\/wp\/v2\/media?parent=87747"}],"wp:term":[{"taxonomy":"category","embeddable":true,"href":"https:\/\/bluestudio.estadao.com.br\/agencia-de-comunicacao\/wp-json\/wp\/v2\/categories?post=87747"},{"taxonomy":"post_tag","embeddable":true,"href":"https:\/\/bluestudio.estadao.com.br\/agencia-de-comunicacao\/wp-json\/wp\/v2\/tags?post=87747"}],"curies":[{"name":"wp","href":"https:\/\/api.w.org\/{rel}","templated":true}]}}