{"id":87639,"date":"2024-02-05T15:19:00","date_gmt":"2024-02-05T18:19:00","guid":{"rendered":"https:\/\/bluestudio.estadao.com.br\/agencia-de-comunicacao\/releases\/releases-geral\/bahia-tem-aumento-de-36-nos-voos-internacionais-diz-setur\/"},"modified":"2024-02-05T15:19:00","modified_gmt":"2024-02-05T18:19:00","slug":"bahia-tem-aumento-de-36-nos-voos-internacionais-diz-setur","status":"publish","type":"post","link":"https:\/\/bluestudio.estadao.com.br\/agencia-de-comunicacao\/releases\/releases-geral\/bahia-tem-aumento-de-36-nos-voos-internacionais-diz-setur\/","title":{"rendered":"Bahia tem aumento de 36% nos voos internacionais, diz Setur"},"content":{"rendered":"<p><b>DINO DIVULGADOR DE NOT\u00cdCIAS<\/b><\/p>\n<p>(<a target='_blank' href='http:\/\/www.dino.com.br' rel=\"noopener\">DINO<\/a> &#8211; 05 fev, 2024) &#8211;<br \/>\nO Aeroporto Internacional de Salvador Lu&iacute;s Eduardo Magalh&atilde;es, na Bahia, <a rel=\"follow noopener\" target='_blank' href='http:\/\/www.setur.ba.gov.br\/2024\/01\/2631\/Malha-aerea-internacional-da-Bahia-cresce-36-.html'>tem apresentado um aumento da malha a&eacute;rea internacional<\/a> nesta temporada de ver&atilde;o. Os voos internacionais destinados &agrave; capital baiana aumentaram 36% e o fluxo de passageiros vindos do exterior cresceu 38%.<\/p>\n<p>Os dados foram obtidos atrav&eacute;s da an&aacute;lise e previs&atilde;o das opera&ccedil;&otilde;es no aeroporto no per&iacute;odo de 15 de dezembro do ano passado at&eacute; 31 de janeiro deste ano, em resultado de acordos e medidas adotadas pela Secretaria de Turismo do Estado (Setur-BA), companhias de avia&ccedil;&atilde;o e a Vinci Airports, administradora do aeroporto.<\/p>\n<p>Um dos destaques ficou por conta do aumento de voos para destinos como Montevid&eacute;u (Uruguai), que cresceu 189%; Madri (Espanha), com aumento de 54%; Buenos Aires (Argentina), com 20%; e Lisboa (Portugal), com 4%.&nbsp;<\/p>\n<p>Entre as novidades apresentadas na malha a&eacute;rea internacional de Salvador durante o per&iacute;odo est&aacute; a abertura de uma rota de Santiago, no Chile, com escala em Montevid&eacute;u, al&eacute;m do in&iacute;cio de voos fretados de Vars&oacute;via, na Pol&ocirc;nia.<\/p>\n<p>Para Felipe Oliveira Pedreira, propriet&aacute;rio da ag&ecirc;ncia de viagens Bahia Terra Turismo, o crescimento das viagens internacionais para Salvador &eacute; fruto da amplia&ccedil;&atilde;o da divulga&ccedil;&atilde;o da Bahia como destino tur&iacute;stico no exterior.<\/p>\n<p>&ldquo;Temos um estado com dimens&otilde;es de um pa&iacute;s e possu&iacute;mos destinos exuberantes como <a rel=\"follow noopener\" target='_blank' href='https:\/\/www.bahiaterra.com\/posts\/o-que-fazer-em-salvador'>Salvador<\/a>, <a rel=\"follow noopener\" target='_blank' href='https:\/\/www.morrodesaopaulocatamara.com\/post\/como-ir-para-morro-de-sp'>Morro de S&atilde;o Paulo<\/a>, <a rel=\"follow noopener\" target='_blank' href='https:\/\/www.bahiaterra.com\/passeios\/passeio-lancha-barra-grande-boipeba'>Barra Grande<\/a>, <a rel=\"follow noopener\" target='_blank' href='https:\/\/www.boipebatur.com.br\/post\/onde-esta-localizada-boipeba'>Boipeba<\/a>, <a rel=\"follow noopener\" target='_blank' href='https:\/\/www.bahiaterra.com\/posts\/passeios-chapada-diamantina'>Chapada Diamantina<\/a> entre outras op&ccedil;&otilde;es&rdquo;, disse Pedreira.<\/p>\n<p>Para o especialista, o poder p&uacute;blico e privado precisa priorizar a divulga&ccedil;&atilde;o dos destinos tur&iacute;sticos da Bahia no exterior a cada ano para que este crescimento ocorra com mais intensidade.<\/p>\n<p>No in&iacute;cio deste ano o Instituto Brasileiro de Turismo (Embratur), com a participa&ccedil;&atilde;o da Setur-BA, <a rel=\"follow noopener\" target='_blank' href='http:\/\/www.setur.ba.gov.br\/2024\/01\/2639\/Promocao-turistica-e-exposicao-fotografica-retratam-a-Bahia-na-Espanha.html'>lan&ccedil;ou a campanha de divulga&ccedil;&atilde;o do destino Brasil<\/a> na capital da Espanha. O voo Madri-Salvador tem import&acirc;ncia estrat&eacute;gica para o turismo brasileiro por apresentar 91% de ocupa&ccedil;&atilde;o, conectar com outros destinos europeus e ser o &uacute;nico voo direto do nordeste do pa&iacute;s para a cidade espanhola.<\/p>\n<p><strong>Turismo que movimenta a economia<\/strong><\/p>\n<p>Em <a rel=\"follow noopener\" target='_blank' href='https:\/\/www.correio24horas.com.br\/minha-bahia\/turistas-internacionais-gastam-em-media-r-17-mil-por-semana-na-bahia-0124'>estimativa<\/a> realizada pela Secretaria de Turismo do Estado (Setur-BA), turistas estrangeiros que v&atilde;o para a Bahia gastam, em m&eacute;dia, 17 mil reais por semana considerando valores de hospedagens, transporte municipal e intermunicipal, gastronomia, passeios tur&iacute;sticos e outros servi&ccedil;os.<\/p>\n<p>De acordo com <a rel=\"follow noopener\" target='_blank' href='https:\/\/www.ba.gov.br\/noticias\/315635'>dados da Embratur<\/a>, cerca de 8% do Produto Interno Bruto (PIB) do Brasil corresponde ao turismo. Para Pedreira, a Bahia se destaca entre os destinos nacionais devido a diversidade cultural e ambiental.<\/p>\n<p>O empres&aacute;rio tamb&eacute;m destaca que a energia da receptividade do povo baiano e o Carnaval de Salvador faz com que o estado seja mais procurado por turistas estrangeiros como destino de viagem.<\/p>\n<p>A Setur-BA espera este ano um aumento de 26% no n&uacute;mero de voos no aeroporto de Salvador durante o Carnaval, em compara&ccedil;&atilde;o ao mesmo per&iacute;odo de 2023, com um crescimento de 22% na oferta de assentos. Al&eacute;m da malha internacional, destinos nacionais como S&atilde;o Paulo, Rio de Janeiro, Belo Horizonte, Bras&iacute;lia, Recife, Fortaleza, Vit&oacute;ria, Curitiba e Porto Alegre aparecem como principais polos emissores de turistas para a capital baiana.<\/p>\n<p>Para saber mais, basta acessar: <a rel=\"follow noopener\" target='_blank' href='http:\/\/www.bahiaterra.com\/'>www.bahiaterra.com<\/a><\/p>\n<p>A <b>OESP<\/b> n\u00e3o \u00e9(s\u00e3o) respons\u00e1vel(is) por erros, incorre\u00e7\u00f5es, atrasos ou quaisquer decis\u00f5es tomadas por seus clientes com base nos Conte\u00fados ora disponibilizados, bem como tais Conte\u00fados n\u00e3o representam a opini\u00e3o da <b>OESP<\/b> e s\u00e3o de inteira responsabilidade da <b>Dino Divulgador de Noticias Online Ltda<\/b><\/p>\n","protected":false},"excerpt":{"rendered":"DINO DIVULGADOR DE NOT\u00cdCIAS (DINO &#8211; 05 fev, 2024) &#8211; O Aeroporto Internacional de Salvador Lu&iacute;s Eduardo Magalh&atilde;es, na Bahia, tem apresentado um aumento da malha a&eacute;rea","protected":false},"author":1,"featured_media":0,"comment_status":"open","ping_status":"closed","sticky":false,"template":"","format":"standard","meta":{"_acf_changed":false,"inline_featured_image":false,"_monsterinsights_skip_tracking":false,"_monsterinsights_sitenote_active":false,"_monsterinsights_sitenote_note":"","_monsterinsights_sitenote_category":0,"footnotes":""},"categories":[34],"tags":[],"class_list":["post-87639","post","type-post","status-publish","format-standard","hentry","category-releases-geral"],"acf":[],"_links":{"self":[{"href":"https:\/\/bluestudio.estadao.com.br\/agencia-de-comunicacao\/wp-json\/wp\/v2\/posts\/87639","targetHints":{"allow":["GET"]}}],"collection":[{"href":"https:\/\/bluestudio.estadao.com.br\/agencia-de-comunicacao\/wp-json\/wp\/v2\/posts"}],"about":[{"href":"https:\/\/bluestudio.estadao.com.br\/agencia-de-comunicacao\/wp-json\/wp\/v2\/types\/post"}],"author":[{"embeddable":true,"href":"https:\/\/bluestudio.estadao.com.br\/agencia-de-comunicacao\/wp-json\/wp\/v2\/users\/1"}],"replies":[{"embeddable":true,"href":"https:\/\/bluestudio.estadao.com.br\/agencia-de-comunicacao\/wp-json\/wp\/v2\/comments?post=87639"}],"version-history":[{"count":0,"href":"https:\/\/bluestudio.estadao.com.br\/agencia-de-comunicacao\/wp-json\/wp\/v2\/posts\/87639\/revisions"}],"wp:attachment":[{"href":"https:\/\/bluestudio.estadao.com.br\/agencia-de-comunicacao\/wp-json\/wp\/v2\/media?parent=87639"}],"wp:term":[{"taxonomy":"category","embeddable":true,"href":"https:\/\/bluestudio.estadao.com.br\/agencia-de-comunicacao\/wp-json\/wp\/v2\/categories?post=87639"},{"taxonomy":"post_tag","embeddable":true,"href":"https:\/\/bluestudio.estadao.com.br\/agencia-de-comunicacao\/wp-json\/wp\/v2\/tags?post=87639"}],"curies":[{"name":"wp","href":"https:\/\/api.w.org\/{rel}","templated":true}]}}