{"id":87425,"date":"2024-02-02T14:24:00","date_gmt":"2024-02-02T17:24:00","guid":{"rendered":"https:\/\/bluestudio.estadao.com.br\/agencia-de-comunicacao\/releases\/releases-geral\/mercado-imobiliario-de-luxo-cresceu-em-2023\/"},"modified":"2024-02-02T14:24:00","modified_gmt":"2024-02-02T17:24:00","slug":"mercado-imobiliario-de-luxo-cresceu-em-2023","status":"publish","type":"post","link":"https:\/\/bluestudio.estadao.com.br\/agencia-de-comunicacao\/releases\/releases-geral\/mercado-imobiliario-de-luxo-cresceu-em-2023\/","title":{"rendered":"Mercado imobili\u00e1rio de luxo cresceu em 2023"},"content":{"rendered":"<p><b>DINO DIVULGADOR DE NOT\u00cdCIAS<\/b><\/p>\n<p>(<a target='_blank' href='http:\/\/www.dino.com.br' rel=\"noopener\">DINO<\/a> &#8211; 02 fev, 2024) &#8211;<br \/>\nO mercado de im\u00f3veis de luxo apresentou alta de 39,2% no segundo semestre de 2023 em rela\u00e7\u00e3o ao mesmo per\u00edodo do ano passado. Os dados s\u00e3o da Brain Intelig\u00eancia Estrat\u00e9gica, <a rel=\"follow noopener\" target='_blank' href='https:\/\/forbes.com.br\/forbes-money\/2023\/07\/lancamentos-de-imoveis-de-luxo-contrariam-setor-no-semestre-e-crescem-392\/' data-mce-target='_blank'>noticiados pela revista Forbes<\/a>.<\/p>\n<p>Segundo o estudo, os n\u00fameros de lan\u00e7amentos, Valor Geral de Vendas (VGV) e Valor Geral de Loca\u00e7\u00f5es (VGL) cresceram, com o valor gerado pelas unidades de luxo lan\u00e7adas tendo atingido R$ 2,4 bilh\u00f5es.&nbsp;<\/p>\n<p>Os respons\u00e1veis pela pesquisa afirmam ter expectativas de ainda mais crescimento nos pr\u00f3ximos meses, j\u00e1 que os n\u00fameros mostram que h\u00e1 demanda para esse tipo de investimento.<\/p>\n<p>&#8216;O ano de 2023, foi marcado por grandes negocia\u00e7\u00f5es nas vendas de <a rel=\"follow noopener\" target='_blank' href='https:\/\/imoveisvilarealdeitu.com.br\/condominio\/Terras-de-Sao-Jose-2\/ITU-SP' data-mce-target='_blank'>im\u00f3veis de alto padr\u00e3o<\/a>. Este \u00e9 um segmento de pessoas que buscam conforto, exclusividade, e acima de tudo, determinado estilo de vida, com op\u00e7\u00f5es que apresentam lazer, comodidade e seguran\u00e7a&#8217;, esclarece Rafael Rodrigues,&nbsp; <a rel=\"follow noopener\" target='_blank' href='https:\/\/imoveisvilarealdeitu.com.br\/condominio\/fazenda-vila-real\/Itu-SP' data-mce-target='_blank'>CEO da Im\u00f3veis Vila Real<\/a>.&nbsp;<\/p>\n<p>Uma regi\u00e3o em que o mercado de im\u00f3veis de luxo tem evidenciado esse aquecimento \u00e9 o interior do estado de S\u00e3o Paulo, relata Rodrigues. Dados do Sindicato de Compra, Venda e Administra\u00e7\u00e3o de Im\u00f3veis de S\u00e3o Paulo (SECOVI-SP) mostram que foram lan\u00e7ados 4.696 im\u00f3veis de luxo e 702 <a rel=\"follow noopener\" target='_blank' href='https:\/\/imoveisvilarealdeitu.com.br\/condominio\/Terras-de-Sao-Jose-1\/Itu-SP' data-mce-target='_blank'>im\u00f3veis de superluxo<\/a> na regi\u00e3o no segundo trimestre de 2023. Os dados s\u00e3o do relat\u00f3rio <a rel=\"follow noopener\" target='_blank' href='https:\/\/secovi.com.br\/wp-content\/uploads\/2023\/09\/pmi-31cidades2t23.pdf' data-mce-target='_blank'>Pesquisa do Mercado Imobili\u00e1rio do Interior, da Baixada Santista e da Regi\u00e3o Metropolitana de SP<\/a> &#8211; 2\u00ba Trimestre 2023.<\/p>\n<p>&#8216;As fam\u00edlias est\u00e3o buscando por seguran\u00e7a e qualidade de vida com acesso f\u00e1cil a S\u00e3o Paulo e um exemplo para isso \u00e9 a cidade de Itu, (regi\u00e3o que est\u00e1 no <a rel=\"follow noopener\" target='_blank' href='https:\/\/itu.sp.gov.br\/itu-esta-mais-uma-vez-entre-as-10-cidades-mais-seguras-do-pais-no-ranking-da-urban-systems\/#:~:text=A%20cidade%20%C3%A9%20considerada%20a,de%20seguran%C3%A7a%20p%C3%BAblica%20em%20Itu' data-mce-target='_blank'>ranking<\/a> das 10 cidades mais seguras do pa\u00eds) a apenas uma hora da capital, onde <a rel=\"follow noopener\" target='_blank' href='https:\/\/imoveisvilarealdeitu.com.br\/condominios' data-mce-target='_blank'>condom\u00ednios de luxo<\/a> t\u00eam atra\u00eddo mais compradores nesse per\u00edodo p\u00f3s pandemia e p\u00f3s elei\u00e7\u00f5es&#8217;, detalha Rodrigues.&nbsp;<\/p>\n<p>O relat\u00f3rio da SECOVI-SP aponta ainda 9.052 lan\u00e7amentos de alto padr\u00e3o na regi\u00e3o. A cidade de Campinas, tamb\u00e9m a aproximadamente uma hora da capital, lidera o ranking de lan\u00e7amentos de im\u00f3veis de superluxo na regi\u00e3o, com 230 empreendimentos lan\u00e7ados no segundo trimestre de 2023.&nbsp;<\/p>\n<p>&#8216;As cidades do interior est\u00e3o se tornando novos polos para as pessoas de classes altas, que buscam qualidade de vida e op\u00e7\u00f5es de lazer, como campos de golfe, quadra de t\u00eanis, de beach tennis, academia, h\u00edpica, entre outros&#8217;, conclui Rodrigues.&nbsp;<\/p>\n<p>Para saber mais, basta acessar <a rel=\"follow noopener\" target='_blank' href='http:\/\/www.imoveisvilarealdeitu.com.br' data-mce-target='_blank'>http:\/\/www.imoveisvilarealdeitu.com.br<\/a>&nbsp;<\/p>\n<p>A <b>OESP<\/b> n\u00e3o \u00e9(s\u00e3o) respons\u00e1vel(is) por erros, incorre\u00e7\u00f5es, atrasos ou quaisquer decis\u00f5es tomadas por seus clientes com base nos Conte\u00fados ora disponibilizados, bem como tais Conte\u00fados n\u00e3o representam a opini\u00e3o da <b>OESP<\/b> e s\u00e3o de inteira responsabilidade da <b>Dino Divulgador de Noticias Online Ltda<\/b><\/p>\n","protected":false},"excerpt":{"rendered":"DINO DIVULGADOR DE NOT\u00cdCIAS (DINO &#8211; 02 fev, 2024) &#8211; O mercado de im\u00f3veis de luxo apresentou alta de 39,2% no segundo semestre de 2023 em rela\u00e7\u00e3o ao mesmo per\u00edodo do ano passado. Os","protected":false},"author":1,"featured_media":0,"comment_status":"open","ping_status":"closed","sticky":false,"template":"","format":"standard","meta":{"_acf_changed":false,"inline_featured_image":false,"_monsterinsights_skip_tracking":false,"_monsterinsights_sitenote_active":false,"_monsterinsights_sitenote_note":"","_monsterinsights_sitenote_category":0,"footnotes":""},"categories":[34],"tags":[],"class_list":["post-87425","post","type-post","status-publish","format-standard","hentry","category-releases-geral"],"acf":[],"_links":{"self":[{"href":"https:\/\/bluestudio.estadao.com.br\/agencia-de-comunicacao\/wp-json\/wp\/v2\/posts\/87425","targetHints":{"allow":["GET"]}}],"collection":[{"href":"https:\/\/bluestudio.estadao.com.br\/agencia-de-comunicacao\/wp-json\/wp\/v2\/posts"}],"about":[{"href":"https:\/\/bluestudio.estadao.com.br\/agencia-de-comunicacao\/wp-json\/wp\/v2\/types\/post"}],"author":[{"embeddable":true,"href":"https:\/\/bluestudio.estadao.com.br\/agencia-de-comunicacao\/wp-json\/wp\/v2\/users\/1"}],"replies":[{"embeddable":true,"href":"https:\/\/bluestudio.estadao.com.br\/agencia-de-comunicacao\/wp-json\/wp\/v2\/comments?post=87425"}],"version-history":[{"count":0,"href":"https:\/\/bluestudio.estadao.com.br\/agencia-de-comunicacao\/wp-json\/wp\/v2\/posts\/87425\/revisions"}],"wp:attachment":[{"href":"https:\/\/bluestudio.estadao.com.br\/agencia-de-comunicacao\/wp-json\/wp\/v2\/media?parent=87425"}],"wp:term":[{"taxonomy":"category","embeddable":true,"href":"https:\/\/bluestudio.estadao.com.br\/agencia-de-comunicacao\/wp-json\/wp\/v2\/categories?post=87425"},{"taxonomy":"post_tag","embeddable":true,"href":"https:\/\/bluestudio.estadao.com.br\/agencia-de-comunicacao\/wp-json\/wp\/v2\/tags?post=87425"}],"curies":[{"name":"wp","href":"https:\/\/api.w.org\/{rel}","templated":true}]}}