{"id":87241,"date":"2024-01-31T11:35:16","date_gmt":"2024-01-31T14:35:16","guid":{"rendered":"https:\/\/bluestudio.estadao.com.br\/agencia-de-comunicacao\/?p=87241"},"modified":"2024-02-01T11:36:06","modified_gmt":"2024-02-01T14:36:06","slug":"faturamento-do-setor-de-mineracao-se-manteve-estavel-em-2023-diz-ibram-2","status":"publish","type":"post","link":"https:\/\/bluestudio.estadao.com.br\/agencia-de-comunicacao\/agencia-minera-brasil\/faturamento-do-setor-de-mineracao-se-manteve-estavel-em-2023-diz-ibram-2\/","title":{"rendered":"FATURAMENTO DO SETOR DE MINERA\u00c7\u00c3O SE MANTEVE EST\u00c1VEL EM 2023, DIZ IBRAM"},"content":{"rendered":"\n<p><strong>Mineradoras pretendem ampliar investimentos. Valor pode chegar US$ 64,5 bilh\u00f5es at\u00e9 2028. projetos de min\u00e9rio de ferro e sustentabilidade das opera\u00e7\u00f5es ir\u00e1 receber a maior fatia desses investimentos.<\/strong><\/p>\n\n\n\n<p><strong>O faturamento da ind\u00fastria da minera\u00e7\u00e3o brasileira se manteve est\u00e1vel em 2023, em rela\u00e7\u00e3o ao ano anterior, passando de R$ 250 bilh\u00f5es para R$ 248,2 bilh\u00f5es, uma redu\u00e7\u00e3o de 0,7%. Minas Gerais aparece com a maior participa\u00e7\u00e3o no faturamento: 41,7% em 2023 &#8211; passando de R$ 100,5 bilh\u00f5es em 2022 para R$ 103,6 bilh\u00f5es. J\u00e1 entre as subst\u00e2ncias, min\u00e9rio de ferro e ouro registraram queda, em d\u00f3lar, de 3,6% e 11,9%, respectivamente. Cobre, calc\u00e1rio, granito e bauxita registraram alta de 6,5%, 11%, 25,6% e 0,3% no faturamento.<\/strong><\/p>\n\n\n\n<p>Os dados divulgados nesta quarta-feira (30\/1), pelo Instituto Brasileiro de Minera\u00e7\u00e3o (IBRAM) e divulgados pelo diretor-presidente, Raul Jungmann, durante coletiva de imprensa, mostra que o resultado est\u00e1vel em termos de faturamento reflete o cen\u00e1rio internacional mais favor\u00e1vel, mesmo diante da queda nos pre\u00e7os das commodities ao longo do ano.<\/p>\n\n\n\n<p>Destaque entre os dados divulgados est\u00e1 o incremento nos investimentos que as mineradoras planejam no pa\u00eds. Para o per\u00edodo 2023-2027, a previs\u00e3o era de investirem US$ 50 bilh\u00f5es; agora, para o per\u00edodo 2024-2028, o valor poder\u00e1 chegar a US$ 64,5 bilh\u00f5es.<\/p>\n\n\n\n<p>A sustentabilidade das opera\u00e7\u00f5es \u00e9 destaque nos investimentos. At\u00e9 2028, a ind\u00fastria da minera\u00e7\u00e3o pretende elevar em 62,7% os investimentos em projetos socioambientais. Eles representam a segunda maior parcela dos investimentos setoriais previstos at\u00e9 2028: 16,6% ou US$ 10,7 bilh\u00f5es, ante os US$ 6,6 bilh\u00f5es projetados para 2023-2027.<\/p>\n\n\n\n<p>Os investimentos em projetos de min\u00e9rio de ferro devem receber os maiores aportes, com cerca de US$ 17 bilh\u00f5es at\u00e9 2028 (26,8% do total de investimentos do setor). Haver\u00e1 tamb\u00e9m aportes para minerais cr\u00edticos para a transi\u00e7\u00e3o energ\u00e9tica (veja mais adiante).<\/p>\n\n\n\n<p><strong>Perspectivas do setor para 2024<\/strong><\/p>\n\n\n\n<p>Na avalia\u00e7\u00e3o do IBRAM, os dados sinalizam perspectivas positivas ao setor para 2024 e anos seguintes. A nova pol\u00edtica industrial, anunciada em 22 de janeiro, situa a minera\u00e7\u00e3o como setor estrat\u00e9gico para que o pa\u00eds possa cumprir seus objetivos, com destaque para a transi\u00e7\u00e3o energ\u00e9tica, a descarboniza\u00e7\u00e3o e o desenvolvimento tecnol\u00f3gico da ind\u00fastria nacional.<br>&#8220;S\u00e3o iniciativas que demandam oferta crescente e perene de min\u00e9rios. Mas o pa\u00eds precisa investir mais em conhecimento geol\u00f3gico, em instrumentos de cr\u00e9dito para o setor mineral, al\u00e9m de estabelecer maior n\u00edvel de seguran\u00e7a jur\u00eddica para atrair mais investimentos externos&#8221;, avalia Raul Jungmann.<br>&#8220;Quem apresentar oferta de min\u00e9rios ter\u00e1 excelentes oportunidades para expandir sua produ\u00e7\u00e3o, faturamento e gerar reflexos positivos em seu PIB&#8221;, acrescenta. Jungmann refor\u00e7a que quando a minera\u00e7\u00e3o encontra ambientes de neg\u00f3cios e legislativo favor\u00e1veis, obt\u00e9m um faturamento melhor. &#8220;Isso resulta em benef\u00edcios em cadeia ao pa\u00eds. S\u00e3o mais exporta\u00e7\u00f5es e divisas; mais empregos, maior n\u00edvel de renda e de tributos, investimentos em maior volume&#8221;.<\/p>\n\n\n\n<p><strong>IBRAM identifica alta nas exporta\u00e7\u00f5es minerais<\/strong><\/p>\n\n\n\n<p>O levantamento do IBRAM mostra que, em 2023, as exporta\u00e7\u00f5es minerais tiveram alta de 3,1% em rela\u00e7\u00e3o a 2022 alcan\u00e7ando quase US$ 43 bilh\u00f5es, enquanto as importa\u00e7\u00f5es minerais tiveram queda de 34,2% (US$ 11 bilh\u00f5es). O saldo comercial do setor, portanto, se situou em US$ 31,95 bilh\u00f5es, 28,3% a mais do que em 2022 &#8211; isso significa que o saldo mineral corresponde a 32% do saldo total da balan\u00e7a comercial de 2023.<\/p>\n\n\n\n<p><strong>Setor proporciona R$ 85,6 bilh\u00f5es em tributos e encargos<\/strong><\/p>\n\n\n\n<p>O recolhimento de tributos e encargos acompanhou o movimento do faturamento, em 2023. Teve queda de 0,7%, passando de R$ 86,2 bilh\u00f5es em 2022 para R$ 85,6 bilh\u00f5es. A arrecada\u00e7\u00e3o do royalty do setor &#8211; Compensa\u00e7\u00e3o Financeira pela Explora\u00e7\u00e3o Mineral (CFEM) &#8211; ficou praticamente est\u00e1vel: de R$ 7 bilh\u00f5es baixou para R$ 6,9 bilh\u00f5es de um ano para outro.<\/p>\n\n\n\n<p><strong>9 mil vagas a mais &#8211; Em termos de empregos, o setor mineral manteve mais de 210 mil empregos diretos, dado apurado em novembro de 2023 junto ao Novo Caged, do Minist\u00e9rio do Trabalho e Emprego. Em janeiro do ano passado, o n\u00famero de empregos diretos superava 201 mil vagas.<\/strong><\/p>\n\n\n\n<p>A&nbsp;<strong>OESP<\/strong>&nbsp;n\u00e3o \u00e9(s\u00e3o) respons\u00e1vel(is) por erros, incorre\u00e7\u00f5es, atrasos ou quaisquer decis\u00f5es tomadas por seus clientes com base nos Conte\u00fados ora disponibilizados, bem como tais Conte\u00fados n\u00e3o representam a opini\u00e3o da&nbsp;<strong>OESP<\/strong>&nbsp;e s\u00e3o de inteira responsabilidade da&nbsp;<strong>WP Comunica\u00e7\u00e3o LTDA<\/strong><\/p>\n","protected":false},"excerpt":{"rendered":"Os dados divulgados nesta quarta-feira (30\/1), pelo Instituto Brasileiro de Minera\u00e7\u00e3o (IBRAM) e divulgados pelo diretor-presidente&#8230;","protected":false},"author":12,"featured_media":0,"comment_status":"open","ping_status":"closed","sticky":false,"template":"","format":"standard","meta":{"_acf_changed":false,"inline_featured_image":false,"_monsterinsights_skip_tracking":false,"_monsterinsights_sitenote_active":false,"_monsterinsights_sitenote_note":"","_monsterinsights_sitenote_category":0,"footnotes":""},"categories":[351],"tags":[],"class_list":["post-87241","post","type-post","status-publish","format-standard","hentry","category-agencia-minera-brasil"],"acf":[],"_links":{"self":[{"href":"https:\/\/bluestudio.estadao.com.br\/agencia-de-comunicacao\/wp-json\/wp\/v2\/posts\/87241","targetHints":{"allow":["GET"]}}],"collection":[{"href":"https:\/\/bluestudio.estadao.com.br\/agencia-de-comunicacao\/wp-json\/wp\/v2\/posts"}],"about":[{"href":"https:\/\/bluestudio.estadao.com.br\/agencia-de-comunicacao\/wp-json\/wp\/v2\/types\/post"}],"author":[{"embeddable":true,"href":"https:\/\/bluestudio.estadao.com.br\/agencia-de-comunicacao\/wp-json\/wp\/v2\/users\/12"}],"replies":[{"embeddable":true,"href":"https:\/\/bluestudio.estadao.com.br\/agencia-de-comunicacao\/wp-json\/wp\/v2\/comments?post=87241"}],"version-history":[{"count":1,"href":"https:\/\/bluestudio.estadao.com.br\/agencia-de-comunicacao\/wp-json\/wp\/v2\/posts\/87241\/revisions"}],"predecessor-version":[{"id":87242,"href":"https:\/\/bluestudio.estadao.com.br\/agencia-de-comunicacao\/wp-json\/wp\/v2\/posts\/87241\/revisions\/87242"}],"wp:attachment":[{"href":"https:\/\/bluestudio.estadao.com.br\/agencia-de-comunicacao\/wp-json\/wp\/v2\/media?parent=87241"}],"wp:term":[{"taxonomy":"category","embeddable":true,"href":"https:\/\/bluestudio.estadao.com.br\/agencia-de-comunicacao\/wp-json\/wp\/v2\/categories?post=87241"},{"taxonomy":"post_tag","embeddable":true,"href":"https:\/\/bluestudio.estadao.com.br\/agencia-de-comunicacao\/wp-json\/wp\/v2\/tags?post=87241"}],"curies":[{"name":"wp","href":"https:\/\/api.w.org\/{rel}","templated":true}]}}