{"id":87001,"date":"2024-01-30T14:44:00","date_gmt":"2024-01-30T17:44:00","guid":{"rendered":"https:\/\/bluestudio.estadao.com.br\/agencia-de-comunicacao\/releases\/releases-geral\/janeiro-branco-saude-fisica-e-mental-tem-relacao-estreita\/"},"modified":"2024-01-30T14:44:00","modified_gmt":"2024-01-30T17:44:00","slug":"janeiro-branco-saude-fisica-e-mental-tem-relacao-estreita","status":"publish","type":"post","link":"https:\/\/bluestudio.estadao.com.br\/agencia-de-comunicacao\/releases\/releases-geral\/janeiro-branco-saude-fisica-e-mental-tem-relacao-estreita\/","title":{"rendered":"Janeiro Branco: sa\u00fade f\u00edsica e mental t\u00eam rela\u00e7\u00e3o estreita"},"content":{"rendered":"<p><b>DINO DIVULGADOR DE NOT\u00cdCIAS<\/b><\/p>\n<p>(<a target='_blank' href='http:\/\/www.dino.com.br' rel=\"noopener\">DINO<\/a> &#8211; 30 jan, 2024) &#8211;<br \/>\nEst\u00e1 chegando ao fim a <a rel=\"follow noopener\" target='_blank' href='https:\/\/www.gov.br\/inss\/pt-br\/assuntos\/janeiro-branco-mes-de-conscientizacao-pela-saude-mental-e-emocional' data-mce-target='_blank'>campanha de 2024 do Janeiro Branco<\/a>, feita anualmente para conscientizar a popula\u00e7\u00e3o brasileira sobre a import\u00e2ncia dos cuidados com a sa\u00fade mental e emocional. Neste m\u00eas, procura-se alertar sobre a preven\u00e7\u00e3o e tratamento de doen\u00e7as como depress\u00e3o, ansiedade, s\u00edndrome do p\u00e2nico, esquizofrenia e transtorno bipolar.&nbsp;<\/p>\n<p>O <a rel=\"follow noopener\" target='_blank' href='https:\/\/janeirobranco.com.br\/' data-mce-target='_blank'>Instituto Janeiro Branco<\/a> <a rel=\"follow noopener\" target='_blank' href='https:\/\/janeirobranco.com.br\/ideias-para-realizar-o-janeiro-branco-dentro-de-empresas\/' data-mce-target='_blank'>oferece diversos materiais<\/a> com ideias para promover a cultura da sa\u00fade mental e, entre eles, est\u00e3o programas de atividades f\u00edsicas e caminhadas. O Instituto tem como objetivo promover a conscientiza\u00e7\u00e3o sobre a import\u00e2ncia da sa\u00fade mental e inspirar a cria\u00e7\u00e3o de pol\u00edticas p\u00fablicas dedicadas \u00e0s necessidades psicossociais das pessoas.<\/p>\n<p>Para o m\u00e9dico ortopedista Dr. Marco Aur\u00e9lio S. Neves, a inclus\u00e3o de exerc\u00edcios f\u00edsicos entre as dicas de cuidado da sa\u00fade mental indica a relev\u00e2ncia da rela\u00e7\u00e3o entre a sa\u00fade f\u00edsica com poss\u00edveis transtornos emocionais e mentais.&nbsp;<\/p>\n<p>&#8216;As condi\u00e7\u00f5es f\u00edsicas e a sa\u00fade mental est\u00e3o interligadas de diversas maneiras&#8217;, explica Dr. Neves. &#8216;Muitas doen\u00e7as ortop\u00e9dicas est\u00e3o associadas \u00e0 dor cr\u00f4nica e desconforto persistente, por exemplo, o que pode contribuir para o desenvolvimento de transtornos mentais como depress\u00e3o e ansiedade&#8217;, conta o especialista.<\/p>\n<p>As altera\u00e7\u00f5es na qualidade de vida e o impacto nas rela\u00e7\u00f5es sociais tamb\u00e9m s\u00e3o caracter\u00edsticas das doen\u00e7as ortop\u00e9dicas que podem levar ao desenvolvimento de sintomas depressivos, segundo o m\u00e9dico.&nbsp;<\/p>\n<p>Com efeito, <a rel=\"follow noopener\" target='_blank' href='https:\/\/jamanetwork.com\/journals\/jamapsychiatry\/article-abstract\/2804355' data-mce-target='_blank'>de acordo com o peri\u00f3dico Jama (Jornal da Associa\u00e7\u00e3o M\u00e9dica dos EUA)<\/a>, a sa\u00fade mental \u00e9 indissoci\u00e1vel da sa\u00fade f\u00edsica: o estudo apontou que transtornos como depress\u00e3o ou problemas psiqui\u00e1tricos est\u00e3o cada vez mais relacionados a uma piora de todo o organismo.<\/p>\n<p>O Dr. Marco Aur\u00e9lio S. Neves refor\u00e7a essa quest\u00e3o, pontuando que a &#8216;rela\u00e7\u00e3o entre doen\u00e7as ortop\u00e9dicas e transtornos mentais n\u00e3o \u00e9 puramente unidirecional&#8217;, sendo que os transtornos de sa\u00fade mental tamb\u00e9m podem impactar na percep\u00e7\u00e3o da dor e recupera\u00e7\u00e3o f\u00edsica.&nbsp;<\/p>\n<p>&#8216;O tratamento hol\u00edstico \u00e9 essencial para promover a recupera\u00e7\u00e3o completa e melhorar a qualidade de vida do paciente. Isso pode incluir interven\u00e7\u00f5es como a fisioterapia, a terapia cognitivo-comportamental, a gest\u00e3o da dor e o apoio psicossocial&#8217;, diz. &#8216;A abordagem multidisciplinar \u00e9 fundamental para atender \u00e0s complexidades dessas condi\u00e7\u00f5es&#8217;, finaliza o m\u00e9dico.<\/p>\n<p><strong>Janeiro Branco<\/strong><\/p>\n<p>Assim como o Outubro Rosa e o Novembro Azul, o foco do Janeiro Branco \u00e9 a conscientiza\u00e7\u00e3o da necessidade de cuidar de uma \u00e1rea espec\u00edfica da sa\u00fade. Segundo o comunicado do governo sobre a campanha, a raz\u00e3o da escolha de janeiro \u00e9 a associa\u00e7\u00e3o simb\u00f3lica e cultural do primeiro m\u00eas do ano com a tend\u00eancia das pessoas a refletirem sobre suas rela\u00e7\u00f5es sociais e condi\u00e7\u00f5es emocionais. J\u00e1 o uso da cor branca, <a rel=\"follow noopener\" target='_blank' href='https:\/\/janeirobranco.com.br\/#:~:text=A%20cor%20branca%20foi%20escolhida' data-mce-target='_blank'>segundo o Instituto Janeiro Branco<\/a>, \u00e9 devido ao fato de a cor representar &#8216;folhas em branco&#8217; sobre as quais pode-se escrever expectativas e mudan\u00e7as desejadas.&nbsp;<\/p>\n<p>\u00c9 poss\u00edvel, atualmente, obter <a rel=\"follow noopener\" target='_blank' href='https:\/\/www.gov.br\/inss\/pt-br\/assuntos\/janeiro-branco-mes-de-conscientizacao-pela-saude-mental-e-emocional#:~:text=os%20benef%C3%ADcios%20previdenci%C3%A1rios%20pagos%20pelo%20Instituto%20Nacional%20do%20Seguro%20Social%20(INSS)' data-mce-target='_blank'>benef\u00edcios previdenci\u00e1rios<\/a> do Instituto Nacional do Seguro Social (INSS) devido a transtornos e incapacita\u00e7\u00f5es decorrentes de problemas de sa\u00fade mental.&nbsp;<\/p>\n<p>&#8216;O foco da campanha \u00e9 a sa\u00fade mental no geral, mas existem v\u00e1rios assuntos espec\u00edficos dentro desse universo que podemos abordar, como intelig\u00eancia emocional, felicidade e prop\u00f3sito no trabalho, equil\u00edbrio entre vida pessoal e profissional e sinais de alerta f\u00edsicos da sa\u00fade mental&#8217;, lembra o Dr. Marco Aur\u00e9lio S. Neves.<\/p>\n<p>Para saber mais, basta acessar <a rel=\"follow noopener\" target='_blank' href='http:\/\/www.drmarcoaurelio.com.br' data-mce-target='_blank'>http:\/\/www.drmarcoaurelio.com.br<\/a>&nbsp;<\/p>\n<p>A <b>OESP<\/b> n\u00e3o \u00e9(s\u00e3o) respons\u00e1vel(is) por erros, incorre\u00e7\u00f5es, atrasos ou quaisquer decis\u00f5es tomadas por seus clientes com base nos Conte\u00fados ora disponibilizados, bem como tais Conte\u00fados n\u00e3o representam a opini\u00e3o da <b>OESP<\/b> e s\u00e3o de inteira responsabilidade da <b>Dino Divulgador de Noticias Online Ltda<\/b><\/p>\n","protected":false},"excerpt":{"rendered":"DINO DIVULGADOR DE NOT\u00cdCIAS (DINO &#8211; 30 jan, 2024) &#8211; Est\u00e1 chegando ao fim a campanha de 2024 do Janeiro Branco, feita anualmente para conscientizar a popula\u00e7\u00e3o brasileira sobre a","protected":false},"author":1,"featured_media":0,"comment_status":"open","ping_status":"closed","sticky":false,"template":"","format":"standard","meta":{"_acf_changed":false,"inline_featured_image":false,"_monsterinsights_skip_tracking":false,"_monsterinsights_sitenote_active":false,"_monsterinsights_sitenote_note":"","_monsterinsights_sitenote_category":0,"footnotes":""},"categories":[34],"tags":[],"class_list":["post-87001","post","type-post","status-publish","format-standard","hentry","category-releases-geral"],"acf":[],"_links":{"self":[{"href":"https:\/\/bluestudio.estadao.com.br\/agencia-de-comunicacao\/wp-json\/wp\/v2\/posts\/87001","targetHints":{"allow":["GET"]}}],"collection":[{"href":"https:\/\/bluestudio.estadao.com.br\/agencia-de-comunicacao\/wp-json\/wp\/v2\/posts"}],"about":[{"href":"https:\/\/bluestudio.estadao.com.br\/agencia-de-comunicacao\/wp-json\/wp\/v2\/types\/post"}],"author":[{"embeddable":true,"href":"https:\/\/bluestudio.estadao.com.br\/agencia-de-comunicacao\/wp-json\/wp\/v2\/users\/1"}],"replies":[{"embeddable":true,"href":"https:\/\/bluestudio.estadao.com.br\/agencia-de-comunicacao\/wp-json\/wp\/v2\/comments?post=87001"}],"version-history":[{"count":0,"href":"https:\/\/bluestudio.estadao.com.br\/agencia-de-comunicacao\/wp-json\/wp\/v2\/posts\/87001\/revisions"}],"wp:attachment":[{"href":"https:\/\/bluestudio.estadao.com.br\/agencia-de-comunicacao\/wp-json\/wp\/v2\/media?parent=87001"}],"wp:term":[{"taxonomy":"category","embeddable":true,"href":"https:\/\/bluestudio.estadao.com.br\/agencia-de-comunicacao\/wp-json\/wp\/v2\/categories?post=87001"},{"taxonomy":"post_tag","embeddable":true,"href":"https:\/\/bluestudio.estadao.com.br\/agencia-de-comunicacao\/wp-json\/wp\/v2\/tags?post=87001"}],"curies":[{"name":"wp","href":"https:\/\/api.w.org\/{rel}","templated":true}]}}