{"id":86989,"date":"2024-01-30T14:29:00","date_gmt":"2024-01-30T17:29:00","guid":{"rendered":"https:\/\/bluestudio.estadao.com.br\/agencia-de-comunicacao\/releases\/releases-geral\/drivetech-adquire-controle-da-metta-com-o-suporte-da-buyco\/"},"modified":"2024-01-30T14:29:00","modified_gmt":"2024-01-30T17:29:00","slug":"drivetech-adquire-controle-da-metta-com-o-suporte-da-buyco","status":"publish","type":"post","link":"https:\/\/bluestudio.estadao.com.br\/agencia-de-comunicacao\/releases\/releases-geral\/drivetech-adquire-controle-da-metta-com-o-suporte-da-buyco\/","title":{"rendered":"Drivetech adquire controle da Metta com o suporte da BuyCo"},"content":{"rendered":"<p><b>DINO DIVULGADOR DE NOT\u00cdCIAS<\/b><\/p>\n<p>(<a target='_blank' href='http:\/\/www.dino.com.br' rel=\"noopener\">DINO<\/a> &#8211; 30 jan, 2024) &#8211;<br \/>\nA <a rel=\"follow noopener\" target='_blank' href='https:\/\/www.drivetech.com.br\/' data-mce-target='_blank'>Drivetech Solu\u00e7\u00f5es Tecnol\u00f3gicas<\/a>, empresa especializada em pain\u00e9is el\u00e9tricos, anunciou a compra do controle da <a rel=\"follow noopener\" target='_blank' href='http:\/\/metta.ind.br\/' data-mce-target='_blank'>Metta Equipamentos El\u00e9tricos<\/a>. Este foi o segundo investimento da empresa em 2023 e foi feito com o apoio da <a rel=\"follow noopener\" target='_blank' href='https:\/\/buyco.com.br\/' data-mce-target='_blank'>BuyCo.<\/a>, empresa de <a rel=\"follow noopener\" target='_blank' href='https:\/\/buyco.com.br\/avaliar\/' data-mce-target='_blank'>valuation<\/a> e <a rel=\"follow noopener\" target='_blank' href='https:\/\/buyco.com.br\/fusoes-e-aquisicoes\/' data-mce-target='_blank'>M&amp;A<\/a> de pequenas e m\u00e9dias empresas. O primeiro investimento ocorreu em agosto de 2023, no qual a Drivetech investiu em uma nova f\u00e1brica em Ribeir\u00e3o Preto, no interior de S\u00e3o Paulo.<\/p>\n<p>A Metta atua no mercado de solu\u00e7\u00f5es el\u00e9tricas h\u00e1 mais de 30 anos e agora crescer\u00e1 junto com a Drivetech, que foi fundada em 2007. A empresa comprada vem se preparando para a venda nos \u00faltimos dois anos, resultando em uma negocia\u00e7\u00e3o que durou seis meses.<\/p>\n<p>Com sede em Contagem, em Minas Gerais, a Metta se especializou em fabrica\u00e7\u00e3o e montagem de pain\u00e9is el\u00e9tricos, cub\u00edculos de m\u00e9dia tens\u00e3o, eletrocentros, automa\u00e7\u00e3o e servi\u00e7os. A Drivetech tem sede em Sert\u00e3ozinho, no estado de S\u00e3o Paulo, e \u00e9 focada em solu\u00e7\u00f5es para aplica\u00e7\u00f5es em sistemas el\u00e9tricos de gera\u00e7\u00e3o e cogera\u00e7\u00e3o de energia a partir de fontes renov\u00e1veis, transmiss\u00e3o e distribui\u00e7\u00e3o de energia.<\/p>\n<p>&#8216;Chega um momento em que as empresas crescem tanto, que come\u00e7am a atrair investidores e precisam dar uma alavancada no mercado, com isso, torna-se necess\u00e1rio a venda da empresa.&#8217;, relata Daniel Jeber, s\u00f3cio da Metta. &#8216;Estou tranquilo com a decis\u00e3o, pois a Drivetech \u00e9 uma empresa do mesmo ramo da Metta para continuar com a atividade principal e tudo casou bem, pois a Drivetech \u00e9 focada em energia e a Metta em minera\u00e7\u00e3o, siderurgia e \u00f3leo-g\u00e1s, ent\u00e3o foi uma complementa\u00e7\u00e3o&#8217;, acrescenta Jorge Jeber, s\u00f3cio-fundador da Metta.<\/p>\n<p>O CEO da Drivetech, Rafael Par\u00e3o, apontou a relev\u00e2ncia da aquisi\u00e7\u00e3o para fortalecer a presen\u00e7a do grupo em um estado com grande potencial de mercado, Minas Gerais. &#8216;Uma das nossas estrat\u00e9gias \u00e9 a verticaliza\u00e7\u00e3o da empresa e, com isso, a gente consegue fortalecer nossa presen\u00e7a no mercado, al\u00e9m de verticalizar nossos produtos e solu\u00e7\u00f5es para todo o mercado nacional e internacional&#8217;, completou Renato Gumieri, o diretor de opera\u00e7\u00f5es da empresa.<\/p>\n<p>Essa transi\u00e7\u00e3o estrat\u00e9gica tem por objetivo ampliar a expertise de ambas as empresas no mercado, com a expectativa de se consolidarem como um importante player no setor.<\/p>\n<p>&#8216;Sem a ajuda de uma empresa especializada, como a BuyCo., n\u00e3o ter\u00edamos conseguido concluir o <a rel=\"follow noopener\" target='_blank' href='https:\/\/buyco.com.br\/ma-tudo-que-voce-precisa-saber\/' data-mce-target='_blank'>M&amp;A<\/a>. Acredito que a parceria entre Drivetech e Metta continuar\u00e1 levando o melhor do mercado para os nossos clientes no Brasil e exterior&#8217;, avalia Victor Jeber, s\u00f3cio e diretor comercial da Metta.<\/p>\n<p>Segundo a companhia, a opera\u00e7\u00e3o com a Metta foi baseada em tr\u00eas pilares: o crescimento via <a rel=\"follow noopener\" target='_blank' href='https:\/\/www.youtube.com\/watch?v=V_Muepg3RLU' data-mce-target='_blank'>fus\u00f5es e aquisi\u00e7\u00f5es<\/a> em regi\u00f5es onde ainda n\u00e3o possui atua\u00e7\u00e3o e de dif\u00edcil penetra\u00e7\u00e3o org\u00e2nica, o potencial de acelerar o plano de crescimento das duas empresas por meio de sinergias e alavancas de cria\u00e7\u00e3o de valor, e o profissionalismo da Metta com times de gest\u00e3o e opera\u00e7\u00e3o bem alinhados.<\/p>\n<p>A Metta foi fundada em julho de 1988 e j\u00e1 teve como clientes as empresas <a rel=\"follow noopener\" target='_blank' href='https:\/\/vale.com\/pt\/' data-mce-target='_blank'>Vale<\/a>, <a rel=\"follow noopener\" target='_blank' href='https:\/\/www.samarco.com\/' data-mce-target='_blank'>Samarco<\/a>, <a rel=\"follow noopener\" target='_blank' href='https:\/\/brasil.arcelormittal.com\/' data-mce-target='_blank'>ArcelorMittal<\/a>, <a rel=\"follow noopener\" target='_blank' href='https:\/\/petrobras.com.br\/' data-mce-target='_blank'>Petrobras<\/a>, <a rel=\"follow noopener\" target='_blank' href='https:\/\/ri.gerdau.com\/' data-mce-target='_blank'>Gerdau<\/a> e <a rel=\"follow noopener\" target='_blank' href='https:\/\/www.cemig.com.br\/' data-mce-target='_blank'>CEMIG<\/a>. &#8216;Fundei a Metta h\u00e1 35 anos e fomos crescendo durante esse processo e acompanhando a demanda do mercado, que cresceu muito com a entrada dos eletrocentros, um equipamento de alto porte&#8217;, diz Jorge Jeber, s\u00f3cio-fundador da Metta. &#8216;A Metta me ensinou muito sobre organiza\u00e7\u00e3o e controle, e sentimos seguran\u00e7a e confian\u00e7a em toda a negocia\u00e7\u00e3o com a Drivetech&#8217;, concluiu.<\/p>\n<p>Para saber mais, basta acessar <a rel=\"follow noopener\" target='_blank' href='https:\/\/buyco.com.br' data-mce-target='_blank'>https:\/\/buyco.com.br<\/a>&nbsp;<\/p>\n<p>A <b>OESP<\/b> n\u00e3o \u00e9(s\u00e3o) respons\u00e1vel(is) por erros, incorre\u00e7\u00f5es, atrasos ou quaisquer decis\u00f5es tomadas por seus clientes com base nos Conte\u00fados ora disponibilizados, bem como tais Conte\u00fados n\u00e3o representam a opini\u00e3o da <b>OESP<\/b> e s\u00e3o de inteira responsabilidade da <b>Dino Divulgador de Noticias Online Ltda<\/b><\/p>\n","protected":false},"excerpt":{"rendered":"DINO DIVULGADOR DE NOT\u00cdCIAS (DINO &#8211; 30 jan, 2024) &#8211; A Drivetech Solu\u00e7\u00f5es Tecnol\u00f3gicas, empresa especializada em pain\u00e9is el\u00e9tricos, anunciou a compra do controle da Metta Equipamentos","protected":false},"author":1,"featured_media":0,"comment_status":"open","ping_status":"closed","sticky":false,"template":"","format":"standard","meta":{"_acf_changed":false,"inline_featured_image":false,"_monsterinsights_skip_tracking":false,"_monsterinsights_sitenote_active":false,"_monsterinsights_sitenote_note":"","_monsterinsights_sitenote_category":0,"footnotes":""},"categories":[34],"tags":[],"class_list":["post-86989","post","type-post","status-publish","format-standard","hentry","category-releases-geral"],"acf":[],"_links":{"self":[{"href":"https:\/\/bluestudio.estadao.com.br\/agencia-de-comunicacao\/wp-json\/wp\/v2\/posts\/86989","targetHints":{"allow":["GET"]}}],"collection":[{"href":"https:\/\/bluestudio.estadao.com.br\/agencia-de-comunicacao\/wp-json\/wp\/v2\/posts"}],"about":[{"href":"https:\/\/bluestudio.estadao.com.br\/agencia-de-comunicacao\/wp-json\/wp\/v2\/types\/post"}],"author":[{"embeddable":true,"href":"https:\/\/bluestudio.estadao.com.br\/agencia-de-comunicacao\/wp-json\/wp\/v2\/users\/1"}],"replies":[{"embeddable":true,"href":"https:\/\/bluestudio.estadao.com.br\/agencia-de-comunicacao\/wp-json\/wp\/v2\/comments?post=86989"}],"version-history":[{"count":0,"href":"https:\/\/bluestudio.estadao.com.br\/agencia-de-comunicacao\/wp-json\/wp\/v2\/posts\/86989\/revisions"}],"wp:attachment":[{"href":"https:\/\/bluestudio.estadao.com.br\/agencia-de-comunicacao\/wp-json\/wp\/v2\/media?parent=86989"}],"wp:term":[{"taxonomy":"category","embeddable":true,"href":"https:\/\/bluestudio.estadao.com.br\/agencia-de-comunicacao\/wp-json\/wp\/v2\/categories?post=86989"},{"taxonomy":"post_tag","embeddable":true,"href":"https:\/\/bluestudio.estadao.com.br\/agencia-de-comunicacao\/wp-json\/wp\/v2\/tags?post=86989"}],"curies":[{"name":"wp","href":"https:\/\/api.w.org\/{rel}","templated":true}]}}