{"id":86946,"date":"2024-01-30T12:19:00","date_gmt":"2024-01-30T15:19:00","guid":{"rendered":"https:\/\/bluestudio.estadao.com.br\/agencia-de-comunicacao\/releases\/releases-geral\/rio-recebe-1o-seminario-internacional-de-gestao-de-ativos\/"},"modified":"2024-01-30T12:19:00","modified_gmt":"2024-01-30T15:19:00","slug":"rio-recebe-1o-seminario-internacional-de-gestao-de-ativos","status":"publish","type":"post","link":"https:\/\/bluestudio.estadao.com.br\/agencia-de-comunicacao\/releases\/releases-geral\/rio-recebe-1o-seminario-internacional-de-gestao-de-ativos\/","title":{"rendered":"Rio recebe 1\u00ba Semin\u00e1rio Internacional de Gest\u00e3o de Ativos"},"content":{"rendered":"<p><b>DINO DIVULGADOR DE NOT\u00cdCIAS<\/b><\/p>\n<p>Rio de Janeiro, RJ&#8211;(<a target='_blank' href='http:\/\/www.dino.com.br' rel=\"noopener\">DINO<\/a> &#8211; 30 jan, 2024) &#8211;<br \/>\nO Rio de Janeiro foi sede do Primeiro Semin\u00e1rio Internacional de Gest\u00e3o de Ativos &#8211; SIGA iniciado na&nbsp;quarta-feira (24). Coorganizado pela Associa\u00e7\u00e3o Brasileira de Normas T\u00e9cnicas (ABNT) e pela Associa\u00e7\u00e3o Brasileira de Manuten\u00e7\u00e3o e Gest\u00e3o de Ativos (ABRAMAN), o evento reuniu no Hotel Hilton, em Copacabana, profissionais e especialistas de diversos pa\u00edses. Al\u00e9m do Brasil, representantes dos Estados Unidos, Austr\u00e1lia, Canad\u00e1 e Col\u00f4mbia promoveram o di\u00e1logo acerca da gest\u00e3o de ativos em n\u00edvel mundial.<\/p>\n<p>Entre os representantes brasileiros, nomes como Carlos Roberto Bortolon (Transpetro), Paulo Leonardo Borges (Petrobras) e Felipe Beserra (Infotec Brasil) apresentaram cases de sucesso e conversaram sobre opera\u00e7\u00f5es que envolvem a gest\u00e3o de ativos em diversos setores do mercado.&nbsp;<\/p>\n<p>&#8216;A troca de experi\u00eancia internacional \u00e9 uma excelente oportunidade de mostrarmos o que o Brasil tem de melhor e conhecermos o que outros pa\u00edses t\u00eam de melhor. \u00c9 um momento de entendermos o quanto uma na\u00e7\u00e3o pode contribuir com a outra. \u00c9 a melhor conson\u00e2ncia na qual todos estamos juntos pelo mesmo conceito da gest\u00e3o e manuten\u00e7\u00e3o de ativos&#8217;, declarou Marcela Scalco Freitas, diretora presidente da ABRAMAN.<\/p>\n<p>A abertura do semin\u00e1rio contou com Jo\u00e3o Ricardo Lafraia, CEO da Con-A7, que conversou sobre o atual cen\u00e1rio de GA no Brasil e no mundo. Na apresenta\u00e7\u00e3o, Lafraia destacou a import\u00e2ncia da busca por aprimoramento t\u00e9cnico e certifica\u00e7\u00f5es pelos profissionais do setor, al\u00e9m da necessidade de um conhecimento maior das empresas em rela\u00e7\u00e3o \u00e0 gest\u00e3o de ativos. &#8216;Na gest\u00e3o de ativos, se n\u00e3o h\u00e1 bagagem t\u00e9cnica, n\u00e3o h\u00e1 nada. Sem conhecimento n\u00e3o existe maturidade nem excel\u00eancia nos processos&#8217;, afirmou.&nbsp;<\/p>\n<p>Palestrante do tema &#8216;PCM Remoto para Gest\u00e3o de Ativos&#8217;, Felipe Beserra tamb\u00e9m defendeu a necessidade das grandes companhias compreenderem o escopo da GA em suas opera\u00e7\u00f5es: &#8216;\u00c9 necess\u00e1rio conscientizar as empresas do quanto \u00e9 importante a atua\u00e7\u00e3o da gest\u00e3o de ativos. Ela vem antes dos processos de manuten\u00e7\u00e3o, por exemplo. \u00c9 uma etapa antecedente. Atua como gest\u00e3o para estruturar todos os processos e a partir da\u00ed consegue elaborar uma forma eficiente de envolver todos os setores que constituem uma ind\u00fastria como a de petr\u00f3leo e g\u00e1s, energia, minera\u00e7\u00e3o e siderurgia, por exemplo&#8217;, explicou o profissional que atua como especialista na Infotec Brasil, companhia especializada em terceiriza\u00e7\u00e3o de servi\u00e7os, processos (BPO) e pessoas.<\/p>\n<p>Em paralelo \u00e0s palestras, foi realizada Reuni\u00e3o Plen\u00e1ria do TC-251 da ISO (Comit\u00ea t\u00e9cnico de gest\u00e3o de ativos da ISO no Rio de Janeiro), a \u00faltima reuni\u00e3o para aprova\u00e7\u00e3o da revis\u00e3o das normas da fam\u00edlia 55.000. &#8216;A \u00faltima atualiza\u00e7\u00e3o foi feita em 2014. Hoje vamos acompanhar essa revis\u00e3o. \u00c9 de grande import\u00e2ncia para a Infotec Brasil estar presente neste evento para nos atualizarmos de tudo aquilo que foi revisto e colocar em pr\u00e1tica essas normas o mais r\u00e1pido poss\u00edvel no mercado&#8217;, disse Beserra.<\/p>\n<p>Website: <a target='_blank' href='https:\/\/infotecbrasil.com.br\/' rel=\"follow noopener\">https:\/\/infotecbrasil.com.br\/<\/a><img src='https:\/\/api.dino.com.br\/v2\/news\/tr\/298491' alt='' style='border:0px;width:1px;height:1px' \/><br \/>\nA <b>OESP<\/b> n\u00e3o \u00e9(s\u00e3o) respons\u00e1vel(is) por erros, incorre\u00e7\u00f5es, atrasos ou quaisquer decis\u00f5es tomadas por seus clientes com base nos Conte\u00fados ora disponibilizados, bem como tais Conte\u00fados n\u00e3o representam a opini\u00e3o da <b>OESP<\/b> e s\u00e3o de inteira responsabilidade da <b>Dino Divulgador de Noticias Online Ltda<\/b><\/p>\n","protected":false},"excerpt":{"rendered":"DINO DIVULGADOR DE NOT\u00cdCIAS Rio de Janeiro, RJ&#8211;(DINO &#8211; 30 jan, 2024) &#8211; O Rio de Janeiro foi sede do Primeiro Semin\u00e1rio Internacional de Gest\u00e3o de Ativos &#8211; SIGA iniciado","protected":false},"author":1,"featured_media":0,"comment_status":"open","ping_status":"closed","sticky":false,"template":"","format":"standard","meta":{"_acf_changed":false,"inline_featured_image":false,"_monsterinsights_skip_tracking":false,"_monsterinsights_sitenote_active":false,"_monsterinsights_sitenote_note":"","_monsterinsights_sitenote_category":0,"footnotes":""},"categories":[34],"tags":[],"class_list":["post-86946","post","type-post","status-publish","format-standard","hentry","category-releases-geral"],"acf":[],"_links":{"self":[{"href":"https:\/\/bluestudio.estadao.com.br\/agencia-de-comunicacao\/wp-json\/wp\/v2\/posts\/86946","targetHints":{"allow":["GET"]}}],"collection":[{"href":"https:\/\/bluestudio.estadao.com.br\/agencia-de-comunicacao\/wp-json\/wp\/v2\/posts"}],"about":[{"href":"https:\/\/bluestudio.estadao.com.br\/agencia-de-comunicacao\/wp-json\/wp\/v2\/types\/post"}],"author":[{"embeddable":true,"href":"https:\/\/bluestudio.estadao.com.br\/agencia-de-comunicacao\/wp-json\/wp\/v2\/users\/1"}],"replies":[{"embeddable":true,"href":"https:\/\/bluestudio.estadao.com.br\/agencia-de-comunicacao\/wp-json\/wp\/v2\/comments?post=86946"}],"version-history":[{"count":0,"href":"https:\/\/bluestudio.estadao.com.br\/agencia-de-comunicacao\/wp-json\/wp\/v2\/posts\/86946\/revisions"}],"wp:attachment":[{"href":"https:\/\/bluestudio.estadao.com.br\/agencia-de-comunicacao\/wp-json\/wp\/v2\/media?parent=86946"}],"wp:term":[{"taxonomy":"category","embeddable":true,"href":"https:\/\/bluestudio.estadao.com.br\/agencia-de-comunicacao\/wp-json\/wp\/v2\/categories?post=86946"},{"taxonomy":"post_tag","embeddable":true,"href":"https:\/\/bluestudio.estadao.com.br\/agencia-de-comunicacao\/wp-json\/wp\/v2\/tags?post=86946"}],"curies":[{"name":"wp","href":"https:\/\/api.w.org\/{rel}","templated":true}]}}