{"id":86783,"date":"2024-01-29T12:24:00","date_gmt":"2024-01-29T15:24:00","guid":{"rendered":"https:\/\/bluestudio.estadao.com.br\/agencia-de-comunicacao\/releases\/releases-geral\/programa-conversas-artisticas-discute-mercado-cultural\/"},"modified":"2024-01-29T12:24:00","modified_gmt":"2024-01-29T15:24:00","slug":"programa-conversas-artisticas-discute-mercado-cultural","status":"publish","type":"post","link":"https:\/\/bluestudio.estadao.com.br\/agencia-de-comunicacao\/releases\/releases-geral\/programa-conversas-artisticas-discute-mercado-cultural\/","title":{"rendered":"Programa &#8216;Conversas Art\u00edsticas&#8217; discute mercado cultural"},"content":{"rendered":"<p><b>DINO DIVULGADOR DE NOT\u00cdCIAS<\/b><\/p>\n<p>S\u00e3o Paulo, SP&#8211;(<a target='_blank' href='http:\/\/www.dino.com.br' rel=\"noopener\">DINO<\/a> &#8211; 29 jan, 2024) &#8211;<br \/>\nA din\u00e2mica do setor cultural est\u00e1 passando por importantes mudan\u00e7as, refletindo diretamente no panorama profissional e nas oportunidades de carreira. De acordo com dados do <a rel=\"follow noopener\" target='_blank' href='https:\/\/www.gov.br\/cultura\/pt-br\/assuntos\/noticias\/estudo-do-ibge-sobre-setor-cultural-pode-orientar-politicas-do-minc' data-mce-target='_blank'>Sistema de Informa\u00e7\u00f5es e Indicadores Culturais (SIIC) 2011-2022<\/a>, as empresas do setor cultural brasileiro registraram um crescimento de 3,1% em rela\u00e7\u00e3o a 2011, atingindo o n\u00famero de 387,6 mil empresas.<\/p>\n<p>Para analisar esta perspectiva, a segunda edi\u00e7\u00e3o do projeto &#8216;Conversas Art\u00edsticas&#8217; levou ao CEU Jaguar\u00e9, em S\u00e3o Paulo, profissionais reconhecidos nas mais diversas linguagens art\u00edsticas, a fim de compartilhar o conhecimento de especialistas com o grande p\u00fablico e estimular o empreendedorismo cultural.<\/p>\n<p>Viabilizada atrav\u00e9s do Programa Municipal de Apoio a Projetos Culturais (PROMAC) da Prefeitura de S\u00e3o Paulo, a produ\u00e7\u00e3o radiof\u00f4nica oferece 48 epis\u00f3dios gratuitos, que ser\u00e3o disponibilizados diariamente em diversas plataformas, para p\u00fablicos de todas as idades.<\/p>\n<p>Os comunicadores Maiara Bastianello e Paulo Bonf\u00e1 s\u00e3o os respons\u00e1veis por receber representantes de renome da economia criativa. Os epis\u00f3dios t\u00eam o prop\u00f3sito de trazer conte\u00fado informativo, explorando do cinema \u00e0 literatura, da dan\u00e7a ao design, do circo \u00e0 m\u00fasica erudita, abordando tamb\u00e9m as oportunidades de trabalho associadas a cada express\u00e3o art\u00edstica.<\/p>\n<p>&#8216;A principal miss\u00e3o do Instituto SYN \u00e9 promover a empregabilidade, estimular o empreendedorismo e incentivar a cultura. Projetos como o &#8216;Conversas Art\u00edsticas&#8217; s\u00e3o importantes para que os jovens tenham informa\u00e7\u00e3o sobre as possibilidades de carreiras nos diversos setores&#8217;, diz Thiago Muramatsu, CEO da SYN. &#8216;Existem v\u00e1rias oportunidades de trabalhar com arte no mercado de trabalho e v\u00e3o muito al\u00e9m de artista pl\u00e1stico ou pintor&#8217;, complementa.<\/p>\n<p> O projeto &#8216;Conversas Art\u00edsticas &#8211; 2\u00aa edi\u00e7\u00e3o&#8217; foi realizado com a chancela do Programa Municipal de Apoio a Projetos Culturais (PROMAC) da Prefeitura de S\u00e3o Paulo e conta com o patroc\u00ednio da Syn Prop &amp; Tech e do Shopping Cidade S\u00e3o Paulo.<br \/>\n <strong><u><br \/>\n<\/u><\/strong>Para ouvir gratuitamente os epis\u00f3dios do programa, basta acessar:<\/p>\n<p><strong>YouTube: <\/strong><a rel=\"follow noopener\" target='_blank' href='https:\/\/www.youtube.com\/channel\/UCxpfZ94suyKNrAXhWJ6mt5A' data-mce-target='_blank'>https:\/\/www.youtube.com\/channel\/UCxpfZ94suyKNrAXhWJ6mt5A<\/a><\/p>\n<p><strong>Spotify: <\/strong><a rel=\"follow noopener\" target='_blank' href='https:\/\/open.spotify.com\/show\/1sb0tddIEzOkztVjJ7onA0' data-mce-target='_blank'>https:\/\/open.spotify.com\/show\/1sb0tddIEzOkztVjJ7onA0<\/a><\/p>\n<p><strong>Deezer: <\/strong><a rel=\"follow noopener\" target='_blank' href='https:\/\/www.deezer.com\/br\/show\/1000526132' data-mce-target='_blank'>https:\/\/www.deezer.com\/br\/show\/1000526132<\/a><u><\/p>\n<p> <\/u><strong>Castbox: <\/strong><a rel=\"follow noopener\" target='_blank' href='https:\/\/castbox.fm\/channel\/Conversas-Art%C3%ADsticas-id4776420?country=br' data-mce-target='_blank' data-mce-selected='inline-boundary'>https:\/\/castbox.fm\/channel\/Conversas-Art%C3%ADsticas-id4776420?country=br<\/a><\/p>\n<p><strong>Conversas Art\u00edsticas &#8211; 2\u00aa edi\u00e7\u00e3<u>o<\/u><\/strong><\/p>\n<p><strong>Apresenta\u00e7\u00e3o: <\/strong>PROMAC e Prefeitura de S\u00e3o Paulo<\/p>\n<p> <strong>Patroc\u00ednio: <\/strong>Syn Prop &amp; Tech e Shopping Cidade S\u00e3o Paulo<\/p>\n<p> <strong>Gratuito<\/strong><\/p>\n<\/p>\n<p>Website: <a target='_blank' href='https:\/\/www.instagram.com\/conversas.artisticas\/' rel=\"follow noopener\">https:\/\/www.instagram.com\/conversas.artisticas\/<\/a><img src='https:\/\/api.dino.com.br\/v2\/news\/tr\/300548' alt='' style='border:0px;width:1px;height:1px' \/><br \/>\nA <b>OESP<\/b> n\u00e3o \u00e9(s\u00e3o) respons\u00e1vel(is) por erros, incorre\u00e7\u00f5es, atrasos ou quaisquer decis\u00f5es tomadas por seus clientes com base nos Conte\u00fados ora disponibilizados, bem como tais Conte\u00fados n\u00e3o representam a opini\u00e3o da <b>OESP<\/b> e s\u00e3o de inteira responsabilidade da <b>Dino Divulgador de Noticias Online Ltda<\/b><\/p>\n","protected":false},"excerpt":{"rendered":"DINO DIVULGADOR DE NOT\u00cdCIAS S\u00e3o Paulo, SP&#8211;(DINO &#8211; 29 jan, 2024) &#8211; A din\u00e2mica do setor cultural est\u00e1 passando por importantes mudan\u00e7as, refletindo diretamente no panorama","protected":false},"author":1,"featured_media":0,"comment_status":"open","ping_status":"closed","sticky":false,"template":"","format":"standard","meta":{"_acf_changed":false,"inline_featured_image":false,"_monsterinsights_skip_tracking":false,"_monsterinsights_sitenote_active":false,"_monsterinsights_sitenote_note":"","_monsterinsights_sitenote_category":0,"footnotes":""},"categories":[34],"tags":[],"class_list":["post-86783","post","type-post","status-publish","format-standard","hentry","category-releases-geral"],"acf":[],"_links":{"self":[{"href":"https:\/\/bluestudio.estadao.com.br\/agencia-de-comunicacao\/wp-json\/wp\/v2\/posts\/86783","targetHints":{"allow":["GET"]}}],"collection":[{"href":"https:\/\/bluestudio.estadao.com.br\/agencia-de-comunicacao\/wp-json\/wp\/v2\/posts"}],"about":[{"href":"https:\/\/bluestudio.estadao.com.br\/agencia-de-comunicacao\/wp-json\/wp\/v2\/types\/post"}],"author":[{"embeddable":true,"href":"https:\/\/bluestudio.estadao.com.br\/agencia-de-comunicacao\/wp-json\/wp\/v2\/users\/1"}],"replies":[{"embeddable":true,"href":"https:\/\/bluestudio.estadao.com.br\/agencia-de-comunicacao\/wp-json\/wp\/v2\/comments?post=86783"}],"version-history":[{"count":0,"href":"https:\/\/bluestudio.estadao.com.br\/agencia-de-comunicacao\/wp-json\/wp\/v2\/posts\/86783\/revisions"}],"wp:attachment":[{"href":"https:\/\/bluestudio.estadao.com.br\/agencia-de-comunicacao\/wp-json\/wp\/v2\/media?parent=86783"}],"wp:term":[{"taxonomy":"category","embeddable":true,"href":"https:\/\/bluestudio.estadao.com.br\/agencia-de-comunicacao\/wp-json\/wp\/v2\/categories?post=86783"},{"taxonomy":"post_tag","embeddable":true,"href":"https:\/\/bluestudio.estadao.com.br\/agencia-de-comunicacao\/wp-json\/wp\/v2\/tags?post=86783"}],"curies":[{"name":"wp","href":"https:\/\/api.w.org\/{rel}","templated":true}]}}