{"id":86773,"date":"2024-01-29T11:50:00","date_gmt":"2024-01-29T14:50:00","guid":{"rendered":"https:\/\/bluestudio.estadao.com.br\/agencia-de-comunicacao\/releases\/releases-geral\/alem-da-saude-pesquisas-revelam-motivos-para-ir-a-academia\/"},"modified":"2024-01-29T11:50:00","modified_gmt":"2024-01-29T14:50:00","slug":"alem-da-saude-pesquisas-revelam-motivos-para-ir-a-academia","status":"publish","type":"post","link":"https:\/\/bluestudio.estadao.com.br\/agencia-de-comunicacao\/releases\/releases-geral\/alem-da-saude-pesquisas-revelam-motivos-para-ir-a-academia\/","title":{"rendered":"Al\u00e9m da sa\u00fade: pesquisas revelam motivos para ir \u00e0 academia"},"content":{"rendered":"<p><b>DINO DIVULGADOR DE NOT\u00cdCIAS<\/b><\/p>\n<p>(<a target='_blank' href='http:\/\/www.dino.com.br' rel=\"noopener\">DINO<\/a> &#8211; 29 jan, 2024) &#8211;<br \/>\nSegundo levantamento da <a rel=\"follow noopener\" target='_blank' href='https:\/\/www.who.int\/publications\/i\/item\/9789240059153'>OMS (Organiza&ccedil;&atilde;o Mundial de Sa&uacute;de)<\/a>, quase 500 milh&otilde;es de pessoas v&atilde;o desenvolver doen&ccedil;as por causa da inatividade f&iacute;sica entre 2020 e 2030. Cientes disso, muitas colocam a busca por uma vida mais saud&aacute;vel como principal resolu&ccedil;&atilde;o para o ano novo, aumentando o fluxo nas academias em janeiro. Contudo, esses espa&ccedil;os s&atilde;o cada vez mais desejados por quem visa melhorar o sono, o bem-estar e ter novas experi&ecirc;ncias.<\/p>\n<p>Como aponta um estudo da <a rel=\"follow noopener\" target='_blank' href='https:\/\/fitbizweekly.ca\/top-3-reasons-they-are-comingand-how-to-make-them-stay\/#:~:text=A%20study%20published%20in%20the,also%20increases%20accountability%20and%20motivation.'>British Journal of Sports Medicine<\/a>, indiv&iacute;duos que participam de aulas de gin&aacute;stica em grupo aumentam seu bem-estar social e reduzem a sensa&ccedil;&atilde;o de solid&atilde;o. Na mesma linha, dados de uma pesquisa da <a rel=\"follow noopener\" target='_blank' href='https:\/\/www.ukactive.com\/news\/january-gyms-over-half-of-brits-go-to-the-gym-to-manage-a-health-condition\/'><em>ukactive<\/em><\/a> mostram que 78% das pessoas dizem ter um impacto positivo na sua sa&uacute;de mental e bem-estar ao frequentar a academia.<\/p>\n<p>&ldquo;H&aacute; uma consci&ecirc;ncia muito grande de que exerc&iacute;cio &eacute; rem&eacute;dio. A busca por academias aumenta no come&ccedil;o do ano, mas precisamos olhar com muita aten&ccedil;&atilde;o e oferecer uma experi&ecirc;ncia agrad&aacute;vel e prazerosa para que a atividade f&iacute;sica se torne parte da rotina desses novatos e, consequentemente, eles continuem a frequentar o espa&ccedil;o&rdquo;, diz Richard Bilton, fundador e CEO da Cia Athletica.<\/p>\n<p>Ainda em rela&ccedil;&atilde;o ao levantamento feito pela ukactive, 66% dos entrevistados&nbsp;acreditam que o exerc&iacute;cio os ajuda a dormir melhor. &ldquo;Esses efeitos tang&iacute;veis devem estar no topo da lista dos novos membros e devemos ressaltar as vantagens de melhorar o condicionamento f&iacute;sico. Assim, faremos com que esses novos alunos permane&ccedil;am por muito tempo&rdquo;, aponta Bilton.<\/p>\n<p>Celia Tanaka, aluna da unidade Curitiba h&aacute; 17 anos, &eacute; um exemplo. Ela conta que faz atividade f&iacute;sica desde crian&ccedil;a, come&ccedil;ou com nata&ccedil;&atilde;o e hoje faz aulas de muscula&ccedil;&atilde;o e gin&aacute;stica diariamente. &ldquo;Nunca deixei de praticar atividade f&iacute;sica, nem mesmo durante as duas gesta&ccedil;&otilde;es, e continuo me movimentando at&eacute; hoje. Gosto de me exercitar e realmente acredito que a pr&aacute;tica da atividade f&iacute;sica tem me ajudado muito em rela&ccedil;&atilde;o &agrave; minha sa&uacute;de. Indico a pr&aacute;tica para todos&rdquo;.&nbsp;<\/p>\n<p><strong>Mercado em alta e Brasil perto do topo<\/p>\n<p><\/strong>O maior interesse em atividades f&iacute;sicas e pr&aacute;ticas saud&aacute;veis &eacute; algo que vem aumentando muito nos &uacute;ltimos 10 anos. De acordo com <a rel=\"follow noopener\" target='_blank' href='https:\/\/globalwellnessinstitute.org\/industry-research\/the-global-wellness-economy\/'>Global Wellness<\/a>, a receita global saltou 65% entre 2013 e 2022, saindo de US$ 3,4 trilh&otilde;es (R$ 16,8 trilh&otilde;es) para US$ 5,6 trilh&otilde;es (R$ 27 trilh&otilde;es).<\/p>\n<p>Com um crescimento m&eacute;dio de 27% ao ano entre 2021 e 2022, o Brasil possui atualmente 32.011 academias ativas, de acordo com dados da <a rel=\"follow noopener\" target='_blank' href='https:\/\/medicinasa.com.br\/academias-brasil\/'>Cortex<\/a>, ficando atr&aacute;s apenas dos Estados Unidos neste quesito. O pa&iacute;s tamb&eacute;m ocupa o segundo lugar, empatado com a &Aacute;frica do Sul, em praticantes de atividades f&iacute;sicas, com 21% da popula&ccedil;&atilde;o, conforme <a rel=\"follow noopener\" target='_blank' href='https:\/\/maquinadoesporte.com.br\/outros\/brasileiros-estao-em-2o-lugar-no-ranking-mundial-dos-que-mais-frequentam-academias\/'>pesquisa da Cupom V&aacute;lido, com dados da Numbeo, Instituto Brasileiro de Geografia e Estat&iacute;stica (IBGE) e Statista<\/a>. A &Iacute;ndia lidera este ranking com 24%.<\/p>\n<p>Website: <a target='_blank' href='https:\/\/www.ciaathletica.com.br' rel=\"follow noopener\">https:\/\/www.ciaathletica.com.br<\/a><img src='https:\/\/api.dino.com.br\/v2\/news\/tr\/287084' alt='' style='border:0px;width:1px;height:1px' \/><br \/>\nA <b>OESP<\/b> n\u00e3o \u00e9(s\u00e3o) respons\u00e1vel(is) por erros, incorre\u00e7\u00f5es, atrasos ou quaisquer decis\u00f5es tomadas por seus clientes com base nos Conte\u00fados ora disponibilizados, bem como tais Conte\u00fados n\u00e3o representam a opini\u00e3o da <b>OESP<\/b> e s\u00e3o de inteira responsabilidade da <b>Dino Divulgador de Noticias Online Ltda<\/b><\/p>\n","protected":false},"excerpt":{"rendered":"DINO DIVULGADOR DE NOT\u00cdCIAS (DINO &#8211; 29 jan, 2024) &#8211; Segundo levantamento da OMS (Organiza&ccedil;&atilde;o Mundial de Sa&uacute;de), quase 500 milh&otilde;es de pessoas v&atilde;o","protected":false},"author":1,"featured_media":0,"comment_status":"open","ping_status":"closed","sticky":false,"template":"","format":"standard","meta":{"_acf_changed":false,"inline_featured_image":false,"_monsterinsights_skip_tracking":false,"_monsterinsights_sitenote_active":false,"_monsterinsights_sitenote_note":"","_monsterinsights_sitenote_category":0,"footnotes":""},"categories":[34],"tags":[],"class_list":["post-86773","post","type-post","status-publish","format-standard","hentry","category-releases-geral"],"acf":[],"_links":{"self":[{"href":"https:\/\/bluestudio.estadao.com.br\/agencia-de-comunicacao\/wp-json\/wp\/v2\/posts\/86773","targetHints":{"allow":["GET"]}}],"collection":[{"href":"https:\/\/bluestudio.estadao.com.br\/agencia-de-comunicacao\/wp-json\/wp\/v2\/posts"}],"about":[{"href":"https:\/\/bluestudio.estadao.com.br\/agencia-de-comunicacao\/wp-json\/wp\/v2\/types\/post"}],"author":[{"embeddable":true,"href":"https:\/\/bluestudio.estadao.com.br\/agencia-de-comunicacao\/wp-json\/wp\/v2\/users\/1"}],"replies":[{"embeddable":true,"href":"https:\/\/bluestudio.estadao.com.br\/agencia-de-comunicacao\/wp-json\/wp\/v2\/comments?post=86773"}],"version-history":[{"count":0,"href":"https:\/\/bluestudio.estadao.com.br\/agencia-de-comunicacao\/wp-json\/wp\/v2\/posts\/86773\/revisions"}],"wp:attachment":[{"href":"https:\/\/bluestudio.estadao.com.br\/agencia-de-comunicacao\/wp-json\/wp\/v2\/media?parent=86773"}],"wp:term":[{"taxonomy":"category","embeddable":true,"href":"https:\/\/bluestudio.estadao.com.br\/agencia-de-comunicacao\/wp-json\/wp\/v2\/categories?post=86773"},{"taxonomy":"post_tag","embeddable":true,"href":"https:\/\/bluestudio.estadao.com.br\/agencia-de-comunicacao\/wp-json\/wp\/v2\/tags?post=86773"}],"curies":[{"name":"wp","href":"https:\/\/api.w.org\/{rel}","templated":true}]}}