{"id":86668,"date":"2024-01-26T15:12:00","date_gmt":"2024-01-26T18:12:00","guid":{"rendered":"https:\/\/bluestudio.estadao.com.br\/agencia-de-comunicacao\/releases\/releases-geral\/na-sua-decima-edicao-a-ife-conference-se-estabeleceu-como-o-principal-congresso-de-inovacao-educacional-de-lingua-espanhola-2\/"},"modified":"2024-01-26T15:12:00","modified_gmt":"2024-01-26T18:12:00","slug":"na-sua-decima-edicao-a-ife-conference-se-estabeleceu-como-o-principal-congresso-de-inovacao-educacional-de-lingua-espanhola-2","status":"publish","type":"post","link":"https:\/\/bluestudio.estadao.com.br\/agencia-de-comunicacao\/releases\/releases-geral\/na-sua-decima-edicao-a-ife-conference-se-estabeleceu-como-o-principal-congresso-de-inovacao-educacional-de-lingua-espanhola-2\/","title":{"rendered":"Na sua d\u00e9cima edi\u00e7\u00e3o, a IFE Conference se estabeleceu como o principal congresso de inova\u00e7\u00e3o educacional de l\u00edngua espanhola"},"content":{"rendered":"<p><b>Tecnol\u00f3gico de Monterrey<\/b><\/p>\n<ul>\n<li style=\"text-align:justify\"><strong>Na sua d\u00e9cima edi\u00e7\u00e3o, a IFE Conference focou no tema da educa\u00e7\u00e3o na era da intelig\u00eancia artificial, incentivando discuss\u00f5es sobre os desafios tecnol\u00f3gicos e \u00e9ticos associados ao seu uso.<\/strong><\/li>\n<li style=\"text-align:justify\"><strong>Ao longo de tr\u00eas dias, foram realizadas mais de 250 atividades dedicadas \u00e0 aprendizagem, colabora\u00e7\u00e3o e inova\u00e7\u00e3o.<\/strong><\/li>\n<\/ul>\n<p align=\"justify\">MONTERREY, M\u00e9xico, Jan.  26, 2024  (GLOBE NEWSWIRE) &#8212; A d\u00e9cima edi\u00e7\u00e3o da IFE Conference, organizada pelo Instituto Tecnol\u00f3gico de Monterrey para o Futuro da Educa\u00e7\u00e3o (IFE 2024) foi um grande sucesso. O evento reuniu mais de 4.000 participantes e especialistas em inova\u00e7\u00e3o educacional de mais de 39 pa\u00edses, que discutiram e compartilharam ideias sobre o tema da educa\u00e7\u00e3o na era da Intelig\u00eancia Artificial e os desafios tecnol\u00f3gicos associados ao seu uso.<\/p>\n<p align=\"justify\">A confer\u00eancia apresentou mais de 250 atividades simult\u00e2neas, incluindo confer\u00eancias, pain\u00e9is e eventos tem\u00e1ticos. O congresso tamb\u00e9m incluiu o Artificial Intelligence in Education Summit, o IFE EdTech Summit e o Cyber-Physical Learning Alliance Summit (CPLAS 2024), com oportunidades de aprendizado, colabora\u00e7\u00e3o e de networking.<\/p>\n<p align=\"justify\">Al\u00e9m disso, foram apresentados mais de 170 projetos de pesquisa e inova\u00e7\u00e3o educacional de 30 pa\u00edses, abrangendo os temas de Tend\u00eancias Educacionais, Tecnologias para a Educa\u00e7\u00e3o, Inova\u00e7\u00e3o Acad\u00eamica em Sa\u00fade, Gest\u00e3o da Inova\u00e7\u00e3o Educacional e Aprendizagem ao Longo da Vida.<\/p>\n<p align=\"justify\">Os palestrantes principais do evento foram Michelle Marks, Chanceler da University of Colorado Denver; Scott Pulsipher, Presidente da Western Governor University; Bharat N. Anand, Vice-Reitora de Avan\u00e7os em Aprendizagem da Harvard University; Jo Angouri, Diretora Acad\u00eamica de Educa\u00e7\u00e3o e Internacionaliza\u00e7\u00e3o da University of Warwick; Simon Bates, Vice-Reitor e Vice-Presidente Associado de Ensino e Aprendizagem da University of British Columbia; e Mar\u00eda Jos\u00e9 Gonz\u00e1lez Solaz, Diretora de Microcredenciais da CEU Cardenal Herrera University Rectorate.<\/p>\n<p align=\"justify\">Durante o encerramento do evento, Jos\u00e9 Escamilla, diretor associado do Instituto para o Futuro da Educa\u00e7\u00e3o, falou sobre as li\u00e7\u00f5es em inova\u00e7\u00e3o e educa\u00e7\u00e3o que foram compartilhadas. Ele concluiu: &#8220;Esperamos que este congresso tenha sido uma oportunidade de conex\u00e3o e aprendizado. Foi uma grande oportunidade t\u00ea-los aqui para que possamos cumprir em conjunto a nossa miss\u00e3o de melhorar a vida de milh\u00f5es de pessoas no mundo, transformando o ensino superior e a aprendizagem ao longo da vida.<\/p>\n<p align=\"justify\">Desde a sua primeira edi\u00e7\u00e3o em 2014, a Confer\u00eancia IFE, anteriormente conhecida como Congresso Internacional de Inova\u00e7\u00e3o Educacional, tornou-se o mais importante congresso de inova\u00e7\u00e3o educacional entre os pa\u00edses de l\u00edngua espanhola.<\/p>\n<p align=\"justify\">Este evento ofereceu uma s\u00e9rie de oportunidades para o estabelecimento de contatos, permitindo a intera\u00e7\u00e3o entre acad\u00eamicos, empres\u00e1rios da educa\u00e7\u00e3o, pesquisadores, formuladores de pol\u00edticas educacionais e organiza\u00e7\u00f5es da sociedade civil para enriquecer a troca de ideias e perspectivas.<\/p>\n<p align=\"justify\">Para ver fotos do evento, clique em: : <a href=\"https:\/\/www.globenewswire.com\/Tracker?data=ouyhArE7oQHfJyRFeuvU1KCx2CQ8ZrVTRDuzXAZ3ab2DkFjzxgJi5HZLGWFiyvbomrN54iknGDyTM6PNvRGjB_TaLL9rNjLc1fRt8yjzqEYF01V-UDeFFxInMmC9vCRmsmrh03hS2jQNHHO42OgOwDOUlFB4Nm6G1-GiMKa-TyNl5h2rLv3QNMWc9czwW9-_TV3gynOQ6eYW97VO4uMb-9QfkiTTEQxUB8r9TfZPWScIQ-Mgu46aJQtEyHOng6FbAXKZ3w-mdEIjplr39me5kz1tVgdTmPfGAfNhikOXNPwh83pBK_JrDlgH4HnadkWsGKEFCgykyUAHue14dXsd7vEvFYz6ZUN0nXLez2oJySs=\" rel=\"nofollow noopener\" target=\"_blank\"><u>https:\/\/tec.rs\/IFEConference_D\u00eda3<\/u><\/a><\/p>\n<p align=\"justify\">Visite o <a href=\"https:\/\/www.globenewswire.com\/Tracker?data=_V8DETvPUW-wzA8bayr7L0OLUUDOBvt3naRYlEasqkfXjrmegd9RA7DyNjNPhr7D65a9fURowhV1XJ5dvjH7qg==\" rel=\"nofollow noopener\" target=\"_blank\"><em><u>News<\/u><\/em><u>room<\/u><\/a> do Tecnol\u00f3gico de Monterrey<\/p>\n<p align=\"center\">Siga nas redes sociais:<\/p>\n<table style=\"border-collapse: collapse;width:100%;border-collapse:collapse\">\n<tr>\n<td style=\"max-width:33%;width:33%;min-width:33%;text-align: center;vertical-align: middle;vertical-align: middle\">Facebook:\u00a0<a href=\"https:\/\/www.facebook.com\/IFEconference\" rel=\"nofollow noopener\" target=\"_blank\"><strong><em><u>IFE Conference<\/u><\/em><\/strong><\/a><\/td>\n<td style=\"max-width:34%;width:34%;min-width:34%;text-align: center;vertical-align: middle;vertical-align: middle\">X:\u00a0<a href=\"https:\/\/twitter.com\/IFEconference\" rel=\"nofollow noopener\" target=\"_blank\"><strong><u>@IFEconference<\/u><\/strong><\/a><\/td>\n<td style=\"max-width:33%;width:33%;min-width:33%;text-align: center;vertical-align: middle;vertical-align: middle\">Instagram:\u00a0<a href=\"https:\/\/www.instagram.com\/IFEconference\/\" rel=\"nofollow noopener\" target=\"_blank\"><strong><u>@ifeconference<\/u><\/strong><\/a><\/td>\n<\/tr>\n<tr>\n<td style=\"max-width:33%;width:33%;min-width:33%;text-align: center;vertical-align: middle;vertical-align: middle\">\u00a0<\/td>\n<td style=\"max-width:34%;width:34%;min-width:34%;text-align: center;vertical-align: middle;vertical-align: middle\">\u00a0<\/td>\n<td style=\"max-width:33%;width:33%;min-width:33%;text-align: center;vertical-align: middle;vertical-align: middle\">\u00a0<\/td>\n<\/tr>\n<\/table>\n<p align=\"center\"><strong><em>Sobre o Tecnol\u00f3gico de Monterrey<\/em><\/strong><\/p>\n<p align=\"justify\">O <em>Tecnol\u00f3gico de Monterrey (<\/em><a href=\"https:\/\/www.globenewswire.com\/Tracker?data=XwKccUSJj-naxn6yCM0_GUYpcGwzIR488g7xnGgNBXLkDFtp8V616GTvC27i1yxs7cOMbbktzgHqd34xLmrRhg==\" rel=\"nofollow noopener\" target=\"_blank\"><em><u>http:\/\/www.tec.mx<\/u><\/em><\/a><em>) \u00e9 um sistema universit\u00e1rio privado sem fins lucrativos fundado em 1943 conhecido mundialmente por sua excel\u00eancia acad\u00eamica, inova\u00e7\u00e3o em educa\u00e7\u00e3o, empreendedorismo e vis\u00e3o global, juntamente com seu profundo envolvimento com a ind\u00fastria e os empregadores. Presente em 33 munic\u00edpios e 20 estados mexicanos, a institui\u00e7\u00e3o tem mais de 62.000 alunos de gradua\u00e7\u00e3o e p\u00f3s-gradua\u00e7\u00e3o matriculados, quase 7.000 membros do corpo docente e mais de 27.000 alunos de ensino m\u00e9dio atendidos por 2.500 professores. A institui\u00e7\u00e3o \u00e9 credenciada pela Comiss\u00e3o de Faculdades da Associa\u00e7\u00e3o de Faculdades e Escolas do Sul (SACSCOC) desde 1950. De acordo com o QS World University Rankings (2024), o Tecnol\u00f3gico de Monterrey ocupa o 184\u00ba lugar e est\u00e1 entre as 29 melhores universidades privadas de todo o mundo. O Times Higher Education Latin America University Rankings (2023) classifica a institui\u00e7\u00e3o em 1\u00ba lugar no M\u00e9xico e 4\u00ba lugar na Am\u00e9rica Latina, e o The Global University Employability Ranking coloca a institui\u00e7\u00e3o em 1\u00ba lugar na Am\u00e9rica Latina e 78\u00ba lugar em todo o mundo. O ranking da revista Princeton Review &amp; Entrepreneur do Top Schools for Entrepreneurship Ranking (2023), coloca a institui\u00e7\u00e3o em 6<\/em><sup><em>o<\/em><\/sup><em> lugar entre os cursos de gradua\u00e7\u00e3o em empreendedorismo. O Tecnol\u00f3gico de Monterrey pertence a v\u00e1rias redes globais de prest\u00edgio, incluindo a Association of Pacific Rim Universities (APRU), Universitas 21 (U21) e The Worldwide Universities Network (WUN), entre outras.<\/em><\/p>\n<p align=\"justify\" style=\"text-align: justify\" \/> <img decoding=\"async\" class=\"__GNW8366DE3E__IMG\" src=\"https:\/\/www.globenewswire.com\/newsroom\/ti?nf=OTAyNjYxOCM2MDM5OTQ0IzUwMDExOTQ3OA==\" \/> <br \/><img decoding=\"async\" src=\"https:\/\/ml.globenewswire.com\/media\/NzRmYjcwYTItODRiMy00ODllLWExNjctNzI3ZTYyYzk1MGU1LTUwMDExOTQ3OA==\/tiny\/Tecnol-gico-de-Monterrey.png\" \/><\/p>\n<pre>Contato de Imprensa:\n\nTecnol\u00f3gico de Monterrey\nPamela Granados\npamela.granados@tec.mx\nCel.: 81 1080 8256\n\nAlterpraxis\nDaniela Garc\u00eda\ndaniela.garc\u00eda@alterpraxis.com\nCel.: 55 5059 1135\n\nMiranda Partners\nAna Sofia Fraser\nsofia.fraser@miranda-partners.com<\/pre>\n<p><a href=\"https:\/\/www.globenewswire.com\/NewsRoom\/AttachmentNg\/9ae18480-d07a-4447-a42d-04537218479e\"><img loading=\"lazy\" decoding=\"async\" src=\"https:\/\/ml.globenewswire.com\/media\/9ae18480-d07a-4447-a42d-04537218479e\/small\/untitled-design-3-png.png\" border=\"0\" width=\"150\" height=\"46\" alt=\"Primary Logo\" \/><\/a><\/p>\n<p>A <b>OESP<\/b> nao e(sao) responsavel(is) por erros, incorrecoes, atrasos ou quaisquer decisoes tomadas por seus clientes com base nos Conteudos ora disponibilizados, bem como tais Conteudos nao representam a opiniao da <b>OESP<\/b> e sao de inteira responsabilidade da <b>GlobeNewswire<\/b><\/p>\n","protected":false},"excerpt":{"rendered":"Tecnol\u00f3gico de Monterrey Na sua d\u00e9cima edi\u00e7\u00e3o, a IFE Conference focou no tema da educa\u00e7\u00e3o na era da intelig\u00eancia artificial, incentivando discuss\u00f5es sobre os desafios tecnol\u00f3gicos e \u00e9ticos","protected":false},"author":1,"featured_media":0,"comment_status":"open","ping_status":"closed","sticky":false,"template":"","format":"standard","meta":{"_acf_changed":false,"inline_featured_image":false,"_monsterinsights_skip_tracking":false,"_monsterinsights_sitenote_active":false,"_monsterinsights_sitenote_note":"","_monsterinsights_sitenote_category":0,"footnotes":""},"categories":[34],"tags":[],"class_list":["post-86668","post","type-post","status-publish","format-standard","hentry","category-releases-geral"],"acf":[],"_links":{"self":[{"href":"https:\/\/bluestudio.estadao.com.br\/agencia-de-comunicacao\/wp-json\/wp\/v2\/posts\/86668","targetHints":{"allow":["GET"]}}],"collection":[{"href":"https:\/\/bluestudio.estadao.com.br\/agencia-de-comunicacao\/wp-json\/wp\/v2\/posts"}],"about":[{"href":"https:\/\/bluestudio.estadao.com.br\/agencia-de-comunicacao\/wp-json\/wp\/v2\/types\/post"}],"author":[{"embeddable":true,"href":"https:\/\/bluestudio.estadao.com.br\/agencia-de-comunicacao\/wp-json\/wp\/v2\/users\/1"}],"replies":[{"embeddable":true,"href":"https:\/\/bluestudio.estadao.com.br\/agencia-de-comunicacao\/wp-json\/wp\/v2\/comments?post=86668"}],"version-history":[{"count":0,"href":"https:\/\/bluestudio.estadao.com.br\/agencia-de-comunicacao\/wp-json\/wp\/v2\/posts\/86668\/revisions"}],"wp:attachment":[{"href":"https:\/\/bluestudio.estadao.com.br\/agencia-de-comunicacao\/wp-json\/wp\/v2\/media?parent=86668"}],"wp:term":[{"taxonomy":"category","embeddable":true,"href":"https:\/\/bluestudio.estadao.com.br\/agencia-de-comunicacao\/wp-json\/wp\/v2\/categories?post=86668"},{"taxonomy":"post_tag","embeddable":true,"href":"https:\/\/bluestudio.estadao.com.br\/agencia-de-comunicacao\/wp-json\/wp\/v2\/tags?post=86668"}],"curies":[{"name":"wp","href":"https:\/\/api.w.org\/{rel}","templated":true}]}}