{"id":86346,"date":"2024-01-23T16:09:00","date_gmt":"2024-01-23T19:09:00","guid":{"rendered":"https:\/\/bluestudio.estadao.com.br\/agencia-de-comunicacao\/releases\/releases-geral\/inss-divulga-o-novo-calendario-de-pagamentos-para-2024\/"},"modified":"2024-01-23T16:09:00","modified_gmt":"2024-01-23T19:09:00","slug":"inss-divulga-o-novo-calendario-de-pagamentos-para-2024","status":"publish","type":"post","link":"https:\/\/bluestudio.estadao.com.br\/agencia-de-comunicacao\/releases\/releases-geral\/inss-divulga-o-novo-calendario-de-pagamentos-para-2024\/","title":{"rendered":"INSS divulga o novo calend\u00e1rio de pagamentos para 2024"},"content":{"rendered":"<p><b>DINO DIVULGADOR DE NOT\u00cdCIAS<\/b><\/p>\n<p>(<a target='_blank' href='http:\/\/www.dino.com.br' rel=\"noopener\">DINO<\/a> &#8211; 23 jan, 2024) &#8211;<br \/>\nA cada virada de ano, <a rel=\"follow noopener\" target='_blank' href='https:\/\/jornaljf.com.br\/urgente-aumento-de-r92-comeca-a-ser-pago-aos-segurados-do-inss-confira-o-calendario\/'>aposentados<\/a> e <a rel=\"follow noopener\" target='_blank' href='https:\/\/diariooficialnoticias.com.br\/?s=pensionista+inss'>pensionistas do INSS<\/a> (Instituto Nacional do Seguro Social) aguardam a divulga&ccedil;&atilde;o do calend&aacute;rio para recebimento de seus benef&iacute;cios.&nbsp;<\/p>\n<p>Assim como nos anos anteriores, o &ldquo;<a rel=\"follow noopener\" target='_blank' href='https:\/\/diariooficialnoticias.com.br\/calendario-de-pagamento-inss-2024-confira-as-datas-de-deposito-dos-beneficios-e-programe-se-para-receber\/'>Calend&aacute;rio de pagamento de benef&iacute;cios 2024<\/a>&rdquo;, divulgado em dezembro de 2023 pelo &oacute;rg&atilde;o do Minist&eacute;rio da Previd&ecirc;ncia Social, segue o n&uacute;mero final do cart&atilde;o de benef&iacute;cio, sem considerar o &uacute;ltimo d&iacute;gito verificador, que vem logo ap&oacute;s o tra&ccedil;o.<\/p>\n<p>Jo&atilde;o Adolfo de Souza, propriet&aacute;rio da Jo&atilde;o Financeira, portal de not&iacute;cias focado em informa&ccedil;&otilde;es para benefici&aacute;rios do <a rel=\"follow noopener\" target='_blank' href='https:\/\/jornaljf.com.br\/?s=inss'>INSS<\/a>, destaca que houve especula&ccedil;&otilde;es de que o calend&aacute;rio de pagamento pudesse ser antecipado. Por&eacute;m, a antecipa&ccedil;&atilde;o seria complexa, j&aacute; que se trata de um cronograma anual que impacta milh&otilde;es de benefici&aacute;rios.<\/p>\n<p>&ldquo;O que pode ocorrer &eacute; que, pelo quinto ano consecutivo, o governo antecipe o <a rel=\"follow noopener\" target='_blank' href='https:\/\/diariooficialnoticias.com.br\/antecipacao-do-13o-salario-do-inss-em-2024-saiba-tudo-sobre-o-beneficio-para-milhoes-de-brasileiros\/'>13&ordm; sal&aacute;rio<\/a>, por&eacute;m n&atilde;o h&aacute; nada oficial divulgado&rdquo;, afirma. Segundo um levantamento recente divulgado pelo <a rel=\"follow noopener\" target='_blank' href='https:\/\/www.gov.br\/inss\/pt-br\/assuntos\/sai-o-calendario-de-pagamentos-de-2024'>INSS<\/a>, h&aacute; cerca de 39.036.865 benef&iacute;cios previdenci&aacute;rios. Desse montante, 5.657.745 s&atilde;o benef&iacute;cios assistenciais, e 33.379.120 previdenci&aacute;rios. De acordo com o &oacute;rg&atilde;o, 26.168.062 de brasileiros recebem at&eacute; um <a rel=\"follow noopener\" target='_blank' href='https:\/\/diariooficialnoticias.com.br\/novo-reajuste-do-salario-minimo-de-2024-decepciona-brasileiros-saiba-mais\/'>sal&aacute;rio m&iacute;nimo<\/a> (R$ 1.412), enquanto 12.868.803 de segurados ganham acima do piso nacional.<\/p>\n<p>&ldquo;Segundo o calend&aacute;rio, os segurados com benef&iacute;cio com d&iacute;gito final 1 ser&atilde;o os primeiros a receber o pagamento este ano, no dia 25 de janeiro&rdquo;, reporta Souza. &ldquo;Para consultar a data exata de pagamento, basta acessar os canais oficiais do INSS com o n&uacute;mero final do cart&atilde;o de benef&iacute;cio, desconsiderando o &uacute;ltimo d&iacute;gito verificador&rdquo;, refor&ccedil;a.<\/p>\n<p>Para facilitar a compreens&atilde;o, o propriet&aacute;rio da <a rel=\"follow noopener\" target='_blank' href='https:\/\/joaofinanceira.com.br\/'>Jo&atilde;o Financeira<\/a> destaca as principais datas do <a rel=\"follow noopener\" target='_blank' href='https:\/\/www.youtube.com\/watch?v=YdgyYyVjrXA'>calend&aacute;rio de pagamento de benef&iacute;cios do INSS<\/a> de janeiro nos t&oacute;picos a seguir:<\/p>\n<p>At&eacute; 1 sal&aacute;rio m&iacute;nimo:<\/p>\n<ul>\n<li style='font-weight: 400'>Final 1: 25 de janeiro;<\/li>\n<li style='font-weight: 400'>Final 2: 26 de janeiro;<\/li>\n<li style='font-weight: 400'>Final 3: 29 de janeiro;<\/li>\n<li style='font-weight: 400'>Final 4: 30 de janeiro;<\/li>\n<li style='font-weight: 400'>Final 5: 31 de janeiro;<\/li>\n<li style='font-weight: 400'>Final 6: 1 de fevereiro;<\/li>\n<li style='font-weight: 400'>Final 7: 2 de fevereiro;<\/li>\n<li style='font-weight: 400'>Final 8: 5 de fevereiro;<\/li>\n<li style='font-weight: 400'>Final 9: 6 de fevereiro;<\/li>\n<li style='font-weight: 400'>Final 0: 7 de fevereiro.<\/li>\n<\/ul>\n<p>Acima de 1 sal&aacute;rio m&iacute;nimo:<\/p>\n<ul>\n<li style='font-weight: 400'>Finais 1 e 6: 1 de fevereiro;<\/li>\n<li style='font-weight: 400'>Finais 2 e 7: 2 de fevereiro;<\/li>\n<li style='font-weight: 400'>Finais 3 e 8: 5 de fevereiro;<\/li>\n<li style='font-weight: 400'>Finais 4 e 9: 6 de fevereiro;<\/li>\n<li style='font-weight: 400'>Finais 5 e 0: 7 de fevereiro.<\/li>\n<\/ul>\n<p>Souza destaca que &eacute; poss&iacute;vel acessar todos detalhes sobre o pagamento do benef&iacute;cio por meio do site &ldquo;Meu INSS&rdquo; (<a rel=\"follow noopener\" target='_blank' href='https:\/\/meu.inss.gov.br\/'>https:\/\/meu.inss.gov.br\/<\/a>). Al&eacute;m disso, os segurados podem baixar o <a rel=\"follow noopener\" target='_blank' href='https:\/\/jornaljf.com.br\/aplicativo-meu-inss-maximize-seus-beneficios-explore-todos-os-recursos\/'>aplicativo &ldquo;Meu INSS<\/a>&rdquo; para smartphones com os sistemas Android e iOS.<\/p>\n<p>&ldquo;Sabemos que, ainda hoje, nem todos t&ecirc;m acesso &agrave; internet ou autonomia para consultar os canais digitais. Por isso, em caso de d&uacute;vidas tamb&eacute;m &eacute; poss&iacute;vel ligar para a Central 135 de segunda-feira a s&aacute;bado, das 7h &agrave;s 22h&rdquo;, explica Souza. &ldquo;Nesse caso, &eacute; preciso informar o n&uacute;mero do CPF e confirmar uma s&eacute;rie de informa&ccedil;&otilde;es cadastrais&rdquo;, explica.<\/p>\n<p>Para mais informa&ccedil;&otilde;es, basta acessar:&nbsp;<\/p>\n<p><a rel=\"follow noopener\" target='_blank' href='https:\/\/joaofinanceira.com.br\/blog-da-joao-financeira-como-acelerar-seu-processo-de-aposentadoria-por-invalidez\/'>https:\/\/joaofinanceira.com.br\/blog-da-joao-financeira-como-acelerar-seu-processo-de-aposentadoria-por-invalidez\/<\/a><\/p>\n<p>A <b>OESP<\/b> n\u00e3o \u00e9(s\u00e3o) respons\u00e1vel(is) por erros, incorre\u00e7\u00f5es, atrasos ou quaisquer decis\u00f5es tomadas por seus clientes com base nos Conte\u00fados ora disponibilizados, bem como tais Conte\u00fados n\u00e3o representam a opini\u00e3o da <b>OESP<\/b> e s\u00e3o de inteira responsabilidade da <b>Dino Divulgador de Noticias Online Ltda<\/b><\/p>\n","protected":false},"excerpt":{"rendered":"DINO DIVULGADOR DE NOT\u00cdCIAS (DINO &#8211; 23 jan, 2024) &#8211; A cada virada de ano, aposentados e pensionistas do INSS (Instituto Nacional do Seguro Social) aguardam a divulga&ccedil;&atilde;o do","protected":false},"author":1,"featured_media":0,"comment_status":"open","ping_status":"closed","sticky":false,"template":"","format":"standard","meta":{"_acf_changed":false,"inline_featured_image":false,"_monsterinsights_skip_tracking":false,"_monsterinsights_sitenote_active":false,"_monsterinsights_sitenote_note":"","_monsterinsights_sitenote_category":0,"footnotes":""},"categories":[34],"tags":[],"class_list":["post-86346","post","type-post","status-publish","format-standard","hentry","category-releases-geral"],"acf":[],"_links":{"self":[{"href":"https:\/\/bluestudio.estadao.com.br\/agencia-de-comunicacao\/wp-json\/wp\/v2\/posts\/86346","targetHints":{"allow":["GET"]}}],"collection":[{"href":"https:\/\/bluestudio.estadao.com.br\/agencia-de-comunicacao\/wp-json\/wp\/v2\/posts"}],"about":[{"href":"https:\/\/bluestudio.estadao.com.br\/agencia-de-comunicacao\/wp-json\/wp\/v2\/types\/post"}],"author":[{"embeddable":true,"href":"https:\/\/bluestudio.estadao.com.br\/agencia-de-comunicacao\/wp-json\/wp\/v2\/users\/1"}],"replies":[{"embeddable":true,"href":"https:\/\/bluestudio.estadao.com.br\/agencia-de-comunicacao\/wp-json\/wp\/v2\/comments?post=86346"}],"version-history":[{"count":0,"href":"https:\/\/bluestudio.estadao.com.br\/agencia-de-comunicacao\/wp-json\/wp\/v2\/posts\/86346\/revisions"}],"wp:attachment":[{"href":"https:\/\/bluestudio.estadao.com.br\/agencia-de-comunicacao\/wp-json\/wp\/v2\/media?parent=86346"}],"wp:term":[{"taxonomy":"category","embeddable":true,"href":"https:\/\/bluestudio.estadao.com.br\/agencia-de-comunicacao\/wp-json\/wp\/v2\/categories?post=86346"},{"taxonomy":"post_tag","embeddable":true,"href":"https:\/\/bluestudio.estadao.com.br\/agencia-de-comunicacao\/wp-json\/wp\/v2\/tags?post=86346"}],"curies":[{"name":"wp","href":"https:\/\/api.w.org\/{rel}","templated":true}]}}