{"id":86175,"date":"2024-01-22T15:53:00","date_gmt":"2024-01-22T18:53:00","guid":{"rendered":"https:\/\/bluestudio.estadao.com.br\/agencia-de-comunicacao\/releases\/releases-geral\/pesquisa-traca-perfil-da-mulher-empreendedora-no-brasil\/"},"modified":"2024-01-22T15:53:00","modified_gmt":"2024-01-22T18:53:00","slug":"pesquisa-traca-perfil-da-mulher-empreendedora-no-brasil","status":"publish","type":"post","link":"https:\/\/bluestudio.estadao.com.br\/agencia-de-comunicacao\/releases\/releases-geral\/pesquisa-traca-perfil-da-mulher-empreendedora-no-brasil\/","title":{"rendered":"Pesquisa tra\u00e7a perfil da mulher empreendedora no Brasil"},"content":{"rendered":"<p><b>DINO DIVULGADOR DE NOT\u00cdCIAS<\/b><\/p>\n<p>(<a target='_blank' href='http:\/\/www.dino.com.br' rel=\"noopener\">DINO<\/a> &#8211; 22 jan, 2024) &#8211;<br \/>\nA pesquisa &#8216;Empreendedoras e seus Neg&oacute;cios 2023&#8217;, feita pelo Instituto Rede Mulher Empreendedora (IRME) e <a rel=\"follow noopener\" target='_blank' href='https:\/\/www.meioemensagem.com.br\/womentowatch\/empreendedoras-brasileiras-faturam-ate-2-500-por-mes-mostra-pesquisa'>divulgada no portal<\/a> Meio &amp; Mensagem, gerou resultados que permitem tra&ccedil;ar um perfil do empreendedorismo feminino no Brasil. Atrav&eacute;s de uma pesquisa quantitativa on-line, foram feitas 4.180 entrevistas com empreendedores.<\/p>\n<p>O levantamento teve abrang&ecirc;ncia nacional e usou como defini&ccedil;&atilde;o de &#8216;empreendedora&#8217; a pessoa que tem neg&oacute;cio pr&oacute;prio ou trabalha por conta pr&oacute;pria. O primeiro resultado apresentado pela pesquisa &eacute; a predomin&acirc;ncia de mulheres negras entre as entrevistadas: elas representam 82% das participantes. Outro dado destacado pelos autores da pesquisa &eacute; a classe social predominante, j&aacute; que metade das entrevistadas pertencem &agrave;s classes DE (baixa renda).<\/p>\n<p>O estudo destacou ainda os segmentos de neg&oacute;cios nos quais as mulheres est&atilde;o empreendendo. Segundo os resultados, os setores de alimenta&ccedil;&atilde;o e bebidas, de beleza e cosm&eacute;ticos e de artesanato e vestu&aacute;rio s&atilde;o aqueles em que as mulheres mais atuam.<\/p>\n<p>&ldquo;Era esperada essa predomin&acirc;ncia das mulheres na &aacute;rea de beleza, artesanato, alimenta&ccedil;&atilde;o, porque teoricamente &eacute; com o que a mulher mais se identifica, se compararmos com uma &aacute;rea em que eu trabalhava antes e que era predominantemente masculina&rdquo;, relata Vanda Vargas, formada em Ci&ecirc;ncias Cont&aacute;beis e CEO da Holding VG Beauty, empresa de beleza e est&eacute;tica avan&ccedil;ada. &ldquo;A forma com que eu tinha que me posicionar em rela&ccedil;&atilde;o &agrave; est&eacute;tica diz muito sobre o momento que a gente vem passando&rdquo;.<\/p>\n<p>Entre os homens empreendedores, o segmento que predomina &eacute; o da tecnologia e informa&ccedil;&atilde;o. Vanda, que atuava no segmento metal&uacute;rgico antes de investir em est&eacute;tica, conta que sempre teve que &ldquo;endurecer para poder lidar com os homens&rdquo; e que, mesmo demonstrando a mesma aptid&atilde;o para o cargo que eles, ganhava menos.<\/p>\n<p>&ldquo;Ent&atilde;o comecei a migrar para uma &aacute;rea em que vi potencial para as mulheres, que precisam se posicionar atrav&eacute;s da quest&atilde;o da apar&ecirc;ncia para poder se impor&rdquo;, explica a empreendedora. Entre as mulheres participantes da pesquisa citada, a maioria (55%) afirmou ter come&ccedil;ado a empreender por necessidade, enquanto as 40% restantes o fizeram por ter enxergado uma &ldquo;oportunidade&rdquo; de neg&oacute;cios.<\/p>\n<p>Informa&ccedil;&otilde;es coletadas pelo levantamento do IRME permitiram concluir que quatro em cada dez empreendedoras ainda n&atilde;o faturam o suficiente para cobrir os custos dos seus neg&oacute;cios. Somente uma em cada dez delas lucra para conseguir investir, al&eacute;m de pagar despesas b&aacute;sicas do neg&oacute;cio e contas pessoais.<\/p>\n<p>&ldquo;No ambiente de trabalho, muitas vezes uma mulher tem que se posicionar em rela&ccedil;&atilde;o a um homem atrav&eacute;s da est&eacute;tica. Ent&atilde;o realmente tem esse vi&eacute;s, tem esse &lsquo;gap&rsquo;, que &eacute; bem importante salientar&rdquo;, diz Vanda, que entende que &eacute; poss&iacute;vel transformar essa diferen&ccedil;a em oportunidade de neg&oacute;cios.&nbsp;<\/p>\n<p>&ldquo;Podemos pensar em um formato de academia que ensina mulheres a compreender a parte de vendas e de organiza&ccedil;&atilde;o. Algo n&atilde;o s&oacute; focado na est&eacute;tica em si, no sal&atilde;o em si, mas que possa abranger e ajudar outras mulheres a potencializarem seus empreendimentos&rdquo;, finaliza a empres&aacute;ria.<\/p>\n<p>A <b>OESP<\/b> n\u00e3o \u00e9(s\u00e3o) respons\u00e1vel(is) por erros, incorre\u00e7\u00f5es, atrasos ou quaisquer decis\u00f5es tomadas por seus clientes com base nos Conte\u00fados ora disponibilizados, bem como tais Conte\u00fados n\u00e3o representam a opini\u00e3o da <b>OESP<\/b> e s\u00e3o de inteira responsabilidade da <b>Dino Divulgador de Noticias Online Ltda<\/b><\/p>\n","protected":false},"excerpt":{"rendered":"DINO DIVULGADOR DE NOT\u00cdCIAS (DINO &#8211; 22 jan, 2024) &#8211; A pesquisa &#8216;Empreendedoras e seus Neg&oacute;cios 2023&#8217;, feita pelo Instituto Rede Mulher Empreendedora (IRME) e divulgada","protected":false},"author":1,"featured_media":0,"comment_status":"open","ping_status":"closed","sticky":false,"template":"","format":"standard","meta":{"_acf_changed":false,"inline_featured_image":false,"_monsterinsights_skip_tracking":false,"_monsterinsights_sitenote_active":false,"_monsterinsights_sitenote_note":"","_monsterinsights_sitenote_category":0,"footnotes":""},"categories":[34],"tags":[],"class_list":["post-86175","post","type-post","status-publish","format-standard","hentry","category-releases-geral"],"acf":[],"_links":{"self":[{"href":"https:\/\/bluestudio.estadao.com.br\/agencia-de-comunicacao\/wp-json\/wp\/v2\/posts\/86175","targetHints":{"allow":["GET"]}}],"collection":[{"href":"https:\/\/bluestudio.estadao.com.br\/agencia-de-comunicacao\/wp-json\/wp\/v2\/posts"}],"about":[{"href":"https:\/\/bluestudio.estadao.com.br\/agencia-de-comunicacao\/wp-json\/wp\/v2\/types\/post"}],"author":[{"embeddable":true,"href":"https:\/\/bluestudio.estadao.com.br\/agencia-de-comunicacao\/wp-json\/wp\/v2\/users\/1"}],"replies":[{"embeddable":true,"href":"https:\/\/bluestudio.estadao.com.br\/agencia-de-comunicacao\/wp-json\/wp\/v2\/comments?post=86175"}],"version-history":[{"count":0,"href":"https:\/\/bluestudio.estadao.com.br\/agencia-de-comunicacao\/wp-json\/wp\/v2\/posts\/86175\/revisions"}],"wp:attachment":[{"href":"https:\/\/bluestudio.estadao.com.br\/agencia-de-comunicacao\/wp-json\/wp\/v2\/media?parent=86175"}],"wp:term":[{"taxonomy":"category","embeddable":true,"href":"https:\/\/bluestudio.estadao.com.br\/agencia-de-comunicacao\/wp-json\/wp\/v2\/categories?post=86175"},{"taxonomy":"post_tag","embeddable":true,"href":"https:\/\/bluestudio.estadao.com.br\/agencia-de-comunicacao\/wp-json\/wp\/v2\/tags?post=86175"}],"curies":[{"name":"wp","href":"https:\/\/api.w.org\/{rel}","templated":true}]}}