{"id":85002,"date":"2024-01-08T16:13:00","date_gmt":"2024-01-08T19:13:00","guid":{"rendered":"https:\/\/bluestudio.estadao.com.br\/agencia-de-comunicacao\/prnewswire\/prnewseconomia\/mastercard-anuncia-sexta-edicao-de-experiencias-que-nao-tem-preco-para-temporada-de-verao-em-trancoso-3\/"},"modified":"2024-01-08T16:13:00","modified_gmt":"2024-01-08T19:13:00","slug":"mastercard-anuncia-sexta-edicao-de-experiencias-que-nao-tem-preco-para-temporada-de-verao-em-trancoso-3","status":"publish","type":"post","link":"https:\/\/bluestudio.estadao.com.br\/agencia-de-comunicacao\/prnewswire\/prnewseconomia\/mastercard-anuncia-sexta-edicao-de-experiencias-que-nao-tem-preco-para-temporada-de-verao-em-trancoso-3\/","title":{"rendered":"Mastercard anuncia sexta edi\u00e7\u00e3o de experi\u00eancias que n\u00e3o t\u00eam pre\u00e7o para temporada de ver\u00e3o em Trancoso"},"content":{"rendered":"<p><b>PR NEWSWIRE<\/b><\/p>\n<div class=\"xn-content\">\n<p class=\"prntac\"><i>Clientes Mastercard Black ter\u00e3o benef\u00edcios como acesso a espa\u00e7o exclusivo na praia e a ensaios na casa de <span class=\"xn-person\">Elba Ramalho<\/span><\/i><\/p>\n<p id=\"temp_ReleaseStart\"><span class=\"legendSpanClass\">S\u00c3O PAULO<\/span>, <span class=\"legendSpanClass\">8 de janeiro de 2024<\/span> \/PRNewswire\/ &#8212; A\u00a0Mastercard realiza pelo sexto ano consecutivo o Priceless Trancoso, oferecendo experi\u00eancias exclusivas aos seus clientes, que viver\u00e3o momentos \u00fanicos no sul da Bahia. Entre os dias 26 de dezembro de 2023 e 2 de fevereiro de 2024, portadores de cart\u00f5es Mastercard Black ativos ter\u00e3o benef\u00edcios como descontos e facilidade de reservas para experi\u00eancias gastron\u00f4micas e culturais, com artistas e em restaurantes renomados.<\/p>\n<p class=\"prntaj\">&#8220;Assim como nos \u00faltimos anos, nosso objetivo com a sexta temporada do Priceless Trancoso \u00e9 valorizar a rela\u00e7\u00e3o com os nossos clientes, proporcionando experi\u00eancias com a cultura regional e conectando todos com possibilidades que n\u00e3o t\u00eam pre\u00e7o&#8221;, comenta Leandro Sim\u00f5es, Diretor de Consumer Marketing da Mastercard Brasil. &#8220;Por meio das experi\u00eancias em Trancoso, conseguimos aumentar a visibilidade dos artistas e produtores locais e, ao mesmo tempo, oferecer viv\u00eancias \u00fanicas aos nossos clientes&#8221;, finaliza.<\/p>\n<p class=\"prntaj\"><b>As experi\u00eancias e benef\u00edcios oferecidos para clientes Mastercard Black nesse ano s\u00e3o:<\/b><\/p>\n<ul type=\"disc\">\n<li><b>Ensaios da cantora <span class=\"xn-person\">Elba Ramalho<\/span>, <\/b>que receber\u00e1 em sua casa alguns dos maiores nomes da MPB. Os clientes poder\u00e3o participar dos eventos, que\u00a0 acontecer\u00e3o nos mesmos dias dos shows da cantora no Fly Club &#8211; \u00a05, 9, 13 e \u00a017 de janeiro e garantir os seus ingressos pelo <a href=\"priceless.com\" target=\"_blank\" rel=\"nofollow noopener\">Priceless.com<\/a>.<\/li>\n<li><b>Beach Lounge no Aw\u00ea, na <span class=\"xn-location\">Praia<\/span> dos Nativos<\/b>, um espa\u00e7o exclusivo em uma das principais e mais belas praias da regi\u00e3o, com equipamentos para pr\u00e1tica de esportes de praia, como Futebol e Beach Tennis. Al\u00e9m disso, tamb\u00e9m poder\u00e3o contar com \u00e1gua de coco de boas-vindas. Para isso, basta apresentar o cart\u00e3o na entrada do Beach Lounge &#8211; o acesso funcionar\u00e1 por ordem de chegada a partir do dia <span class=\"xn-chron\">26\/12\/23<\/span> com t\u00e9rmino previsto para dia 04\/02\/2024. O funcionamento ser\u00e1 de ter\u00e7a a domingo, das 10hs \u00e0s 17hs.<\/li>\n<li><b>Isen\u00e7\u00e3o na taxa de rolha<\/b> da primeira garrafa de vinho e reserva de mesa para um n\u00famero selecionado de assentos via benef\u00edcio de Concierge. Benef\u00edcios para que amantes de vinho e boa gastronomia possam harmonizar suas experi\u00eancias em Trancoso com seus r\u00f3tulos e restaurantes preferidos. O desconto est\u00e1 dispon\u00edvel em alguns dos principais restaurantes do vilarejo: Cacau, Jacar\u00e9 e Favoritto.<\/li>\n<li>Clientes que utilizarem o cart\u00e3o Mastercard Black ganham\u00a0<b>10% de desconto<\/b> no valor das di\u00e1rias no aluguel de quadriciclos e UTVs na Trancoso Adventure no Quadrado.<\/li>\n<\/ul>\n<p class=\"prntaj\"><b>Valoriza\u00e7\u00e3o da cultura local<\/b><\/p>\n<p class=\"prntaj\">Com o intuito de aproximar os clientes da cultura local, valorizar a mesma e levar maior visibilidade para a popula\u00e7\u00e3o da regi\u00e3o, apoiando os seus neg\u00f3cios e gerando um impacto positivo na sociedade, os viajantes poder\u00e3o participar de experi\u00eancias integradas \u00e0 arte e cultura de Trancoso.<\/p>\n<p class=\"prntaj\">Uma delas ser\u00e1 a de Filhas da Gl\u00f3ria: herdeiras do conhecimento sobre a comida local e plantas, promovem uma oficina sobre os tradicionais banhos de ervas, com base na sabedoria que herdaram da m\u00e3e. Al\u00e9m disso, os clientes tamb\u00e9m poder\u00e3o experimentar a mais admirada feijoada local, vindo da m\u00e3e, Dona Gl\u00f3ria, antiga parteira. As experi\u00eancias acontecer\u00e3o nos dias 7, 14, 21 e 28 de janeiro de 2024.<\/p>\n<p class=\"prntaj\">Al\u00e9m disso, entre os dias 12 e 14 de janeiro, a marca tamb\u00e9m promover\u00e1 a 4\u00aa edi\u00e7\u00e3o do Jazz Trancoso Festival, evento que promove a cultura e o reconhecimento de artistas do g\u00eanero, al\u00e9m de valorizar o respeito \u00e0 comunidade local e ao meio ambiente.<\/p>\n<p><b>Sobre Mastercard (NYSE: MA)\u00a0\u00a0<\/b><\/p>\n<p class=\"prntaj\">A <a href=\"https:\/\/www.mastercard.com\/\" target=\"_blank\" rel=\"nofollow noopener\">Mastercard<\/a> \u00e9 uma empresa global de tecnologia do setor de pagamentos. Nossa miss\u00e3o \u00e9 conectar e impulsionar uma economia digital inclusiva que beneficie a todos, em todos os lugares, tornando as transa\u00e7\u00f5es seguras, simples, inteligentes e acess\u00edveis. Usando dados e redes seguras, parcerias e paix\u00e3o, as nossas inova\u00e7\u00f5es e solu\u00e7\u00f5es ajudam indiv\u00edduos, institui\u00e7\u00f5es financeiras, governos e empresas a alcan\u00e7ar seu maior potencial. Com conex\u00f5es em mais de 210 pa\u00edses e territ\u00f3rios, estamos construindo um mundo sustent\u00e1vel que abre possibilidades Priceless para todos.<\/p>\n<p class=\"prntaj\">Contato com a imprensa<\/p>\n<p class=\"prntaj\"><b>Weber Shandwick<br \/><\/b><a href=\"mailto:mastercardbrasil@webershandwick.com\" target=\"_blank\" rel=\"nofollow noopener\">mastercardbrasil@webershandwick.com<\/a><br \/>11 3027-0200<\/p>\n<p>FONTE  Mastercard<\/p>\n<\/div>\n<p><img decoding=\"async\" alt=\"\" src=\"https:\/\/rt.prnewswire.com\/rt.gif?NewsItemId=PT06748&amp;Transmission_Id=202401081400PR_NEWS_LATAM____PT06748&amp;DateId=20240108\" style=\"border:0px;width:1px;height:1px\" \/><\/p>\n<p>A <b>OESP<\/b> n\u00e3o \u00e9(s\u00e3o) respons\u00e1vel(is) por erros, incorre\u00e7\u00f5es, atrasos ou quaisquer decis\u00f5es tomadas por seus clientes com base nos Conte\u00fados ora disponibilizados, bem como tais Conte\u00fados n\u00e3o representam a opini\u00e3o da <b>OESP<\/b> e s\u00e3o de inteira responsabilidade da <b>PR Newswire Ltda<\/b><\/p>\n","protected":false},"excerpt":{"rendered":"PR NEWSWIRE Clientes Mastercard Black ter\u00e3o benef\u00edcios como acesso a espa\u00e7o exclusivo na praia e a ensaios na casa de Elba Ramalho S\u00c3O PAULO, 8 de janeiro de 2024 \/PRNewswire\/ &#8212;","protected":false},"author":1,"featured_media":0,"comment_status":"open","ping_status":"closed","sticky":false,"template":"","format":"standard","meta":{"_acf_changed":false,"inline_featured_image":false,"_monsterinsights_skip_tracking":false,"_monsterinsights_sitenote_active":false,"_monsterinsights_sitenote_note":"","_monsterinsights_sitenote_category":0,"footnotes":""},"categories":[29],"tags":[],"class_list":["post-85002","post","type-post","status-publish","format-standard","hentry","category-prnewseconomia"],"acf":[],"_links":{"self":[{"href":"https:\/\/bluestudio.estadao.com.br\/agencia-de-comunicacao\/wp-json\/wp\/v2\/posts\/85002","targetHints":{"allow":["GET"]}}],"collection":[{"href":"https:\/\/bluestudio.estadao.com.br\/agencia-de-comunicacao\/wp-json\/wp\/v2\/posts"}],"about":[{"href":"https:\/\/bluestudio.estadao.com.br\/agencia-de-comunicacao\/wp-json\/wp\/v2\/types\/post"}],"author":[{"embeddable":true,"href":"https:\/\/bluestudio.estadao.com.br\/agencia-de-comunicacao\/wp-json\/wp\/v2\/users\/1"}],"replies":[{"embeddable":true,"href":"https:\/\/bluestudio.estadao.com.br\/agencia-de-comunicacao\/wp-json\/wp\/v2\/comments?post=85002"}],"version-history":[{"count":0,"href":"https:\/\/bluestudio.estadao.com.br\/agencia-de-comunicacao\/wp-json\/wp\/v2\/posts\/85002\/revisions"}],"wp:attachment":[{"href":"https:\/\/bluestudio.estadao.com.br\/agencia-de-comunicacao\/wp-json\/wp\/v2\/media?parent=85002"}],"wp:term":[{"taxonomy":"category","embeddable":true,"href":"https:\/\/bluestudio.estadao.com.br\/agencia-de-comunicacao\/wp-json\/wp\/v2\/categories?post=85002"},{"taxonomy":"post_tag","embeddable":true,"href":"https:\/\/bluestudio.estadao.com.br\/agencia-de-comunicacao\/wp-json\/wp\/v2\/tags?post=85002"}],"curies":[{"name":"wp","href":"https:\/\/api.w.org\/{rel}","templated":true}]}}