{"id":84977,"date":"2024-01-08T13:09:00","date_gmt":"2024-01-08T16:09:00","guid":{"rendered":"https:\/\/bluestudio.estadao.com.br\/agencia-de-comunicacao\/releases\/releases-geral\/varejo-maioria-quer-investir-mais-em-transformacao-digital\/"},"modified":"2024-01-08T13:09:00","modified_gmt":"2024-01-08T16:09:00","slug":"varejo-maioria-quer-investir-mais-em-transformacao-digital","status":"publish","type":"post","link":"https:\/\/bluestudio.estadao.com.br\/agencia-de-comunicacao\/releases\/releases-geral\/varejo-maioria-quer-investir-mais-em-transformacao-digital\/","title":{"rendered":"Varejo: maioria quer investir mais em Transforma\u00e7\u00e3o Digital"},"content":{"rendered":"<p><b>DINO DIVULGADOR DE NOT\u00cdCIAS<\/b><\/p>\n<p>(<a target='_blank' href='http:\/\/www.dino.com.br' rel=\"noopener\">DINO<\/a> &#8211; 08 jan, 2024) &#8211;<br \/>\nEm m&eacute;dia, seis a cada dez (64%) varejistas pretendem investir mais em Transforma&ccedil;&atilde;o Digital em 2023, conforme dados de um <a rel=\"follow noopener\" target='_blank' href='https:\/\/sbvc.com.br\/estudo-5a-edicao-transformacao-digital-no-varejo-brasileiro\/'>levantamento<\/a> realizado pela SBVC (Sociedade Brasileira de Varejo e Consumo), em parceria com o OasisLab Innovation Space. Segundo o balan&ccedil;o, mais da metade (52%) dos neg&oacute;cios em quest&atilde;o demonstraram que pretendem investir mais de 0,61% de seu faturamento bruto.<\/p>\n<p>Segundo dados da 5&ordf; edi&ccedil;&atilde;o do estudo &ldquo;Transforma&ccedil;&atilde;o Digital no Varejo Brasileiro&rdquo;, as principais &aacute;reas de investimento em transforma&ccedil;&atilde;o digital este ano dever&atilde;o ser as vendas on-line (88%), seguido por omnicanalidade (80%) e experi&ecirc;ncia do consumidor (80%). Para o setor, o aumento da receita da empresa (74%) e do valor do neg&oacute;cio (64%) s&atilde;o, respectivamente, os maiores benef&iacute;cios trazidos pelos aportes em transforma&ccedil;&atilde;o digital.<\/p>\n<p>Ainda de acordo com a <a rel=\"follow noopener\" target='_blank' href='https:\/\/sbvc.com.br\/estudo-5a-edicao-transformacao-digital-no-varejo-brasileiro\/'>pesquisa<\/a>, a transforma&ccedil;&atilde;o digital se tornou uma prioridade para 76% dos entrevistados. Para efeito de compara&ccedil;&atilde;o, na edi&ccedil;&atilde;o anterior, esse &iacute;ndice era de 50%, com investimentos e a&ccedil;&otilde;es definidas ferramentas.&nbsp;<\/p>\n<p>Para Pedro Cabral, COO da SISQUAL WFM, empresa que atua com ferramentas de WFM (Workforce Management &#8211; gerenciamento de for&ccedil;a de trabalho), o aumento significativo no interesse e investimento em transforma&ccedil;&atilde;o digital por parte dos varejistas reflete a necessidade de adapta&ccedil;&atilde;o a um ambiente de mercado em constante evolu&ccedil;&atilde;o, sobretudo impulsionado pela acelera&ccedil;&atilde;o digital.<\/p>\n<p>&ldquo;O varejo, historicamente centrado em opera&ccedil;&otilde;es f&iacute;sicas, reconhece a import&acirc;ncia de integrar estrat&eacute;gias digitais para permanecer competitivo&rdquo;, afirma. &ldquo;A urg&ecirc;ncia resulta da demanda crescente dos consumidores por experi&ecirc;ncias on-line, conveni&ecirc;ncia e personaliza&ccedil;&atilde;o, al&eacute;m da press&atilde;o para otimizar opera&ccedil;&otilde;es e permanecer &aacute;gil em um ambiente comercial din&acirc;mico&rdquo;, articula.<\/p>\n<p><strong>Gest&atilde;o de equipe e otimiza&ccedil;&atilde;o s&atilde;o alternativa para a transforma&ccedil;&atilde;o digital<\/strong><\/p>\n<p>Na vis&atilde;o de Cabral, para al&eacute;m do &ldquo;e-commerce&rdquo;, &ldquo;omnicanalidade&rdquo; e da &ldquo;experi&ecirc;ncia do consumidor&rdquo;, elementos que foram citados no estudo da SBVC, a gest&atilde;o de toda a equipe e sua otimiza&ccedil;&atilde;o s&atilde;o pilares de sustenta&ccedil;&atilde;o de qualquer empresa de varejo.<\/p>\n<p>&ldquo;A inova&ccedil;&atilde;o nas opera&ccedil;&otilde;es e infraestrutura, atrav&eacute;s da explora&ccedil;&atilde;o de novas formas de operar, incorporando tecnologias emergentes para aumentar a efici&ecirc;ncia e a flexibilidade, s&atilde;o o caminho necess&aacute;rio e fundamental para o crescimento da receita&rdquo;, diz ele.<\/p>\n<p>Para o COO da SISQUAL WFM, o estudo destaca n&atilde;o apenas a ado&ccedil;&atilde;o de estrat&eacute;gias digitais, mas tamb&eacute;m a mudan&ccedil;a cultural e organizacional que acompanha a transforma&ccedil;&atilde;o digital. Para ele, a flexibilidade e a capacidade de adapta&ccedil;&atilde;o tornam-se cruciais em um ambiente de neg&oacute;cios vol&aacute;til.<\/p>\n<p>&ldquo;Al&eacute;m disso, a integra&ccedil;&atilde;o da transforma&ccedil;&atilde;o digital em v&aacute;rias &aacute;reas, incluindo opera&ccedil;&otilde;es, log&iacute;stica e infraestrutura, evidencia uma abordagem hol&iacute;stica para impulsionar a efici&ecirc;ncia em toda a cadeia de valor do varejo&rdquo;, explica Cabral. &ldquo;O comprometimento demonstrado pelas empresas em reinventar modelos de neg&oacute;cios destaca a compreens&atilde;o de que a transforma&ccedil;&atilde;o digital n&atilde;o &eacute; apenas uma resposta &agrave;s demandas atuais, mas uma estrat&eacute;gia para garantir a sustentabilidade e a competitividade no longo prazo&rdquo;, complementa.<\/p>\n<p>Para mais informa&ccedil;&otilde;es, basta acessar: <a rel=\"follow noopener\" target='_blank' href='https:\/\/www.sisqualwfm.com\/'>https:\/\/www.sisqualwfm.com\/<\/a><\/p>\n<p>A <b>OESP<\/b> n\u00e3o \u00e9(s\u00e3o) respons\u00e1vel(is) por erros, incorre\u00e7\u00f5es, atrasos ou quaisquer decis\u00f5es tomadas por seus clientes com base nos Conte\u00fados ora disponibilizados, bem como tais Conte\u00fados n\u00e3o representam a opini\u00e3o da <b>OESP<\/b> e s\u00e3o de inteira responsabilidade da <b>Dino Divulgador de Noticias Online Ltda<\/b><\/p>\n","protected":false},"excerpt":{"rendered":"DINO DIVULGADOR DE NOT\u00cdCIAS (DINO &#8211; 08 jan, 2024) &#8211; Em m&eacute;dia, seis a cada dez (64%) varejistas pretendem investir mais em Transforma&ccedil;&atilde;o Digital em 2023, conforme","protected":false},"author":1,"featured_media":0,"comment_status":"open","ping_status":"closed","sticky":false,"template":"","format":"standard","meta":{"_acf_changed":false,"inline_featured_image":false,"_monsterinsights_skip_tracking":false,"_monsterinsights_sitenote_active":false,"_monsterinsights_sitenote_note":"","_monsterinsights_sitenote_category":0,"footnotes":""},"categories":[34],"tags":[],"class_list":["post-84977","post","type-post","status-publish","format-standard","hentry","category-releases-geral"],"acf":[],"_links":{"self":[{"href":"https:\/\/bluestudio.estadao.com.br\/agencia-de-comunicacao\/wp-json\/wp\/v2\/posts\/84977","targetHints":{"allow":["GET"]}}],"collection":[{"href":"https:\/\/bluestudio.estadao.com.br\/agencia-de-comunicacao\/wp-json\/wp\/v2\/posts"}],"about":[{"href":"https:\/\/bluestudio.estadao.com.br\/agencia-de-comunicacao\/wp-json\/wp\/v2\/types\/post"}],"author":[{"embeddable":true,"href":"https:\/\/bluestudio.estadao.com.br\/agencia-de-comunicacao\/wp-json\/wp\/v2\/users\/1"}],"replies":[{"embeddable":true,"href":"https:\/\/bluestudio.estadao.com.br\/agencia-de-comunicacao\/wp-json\/wp\/v2\/comments?post=84977"}],"version-history":[{"count":0,"href":"https:\/\/bluestudio.estadao.com.br\/agencia-de-comunicacao\/wp-json\/wp\/v2\/posts\/84977\/revisions"}],"wp:attachment":[{"href":"https:\/\/bluestudio.estadao.com.br\/agencia-de-comunicacao\/wp-json\/wp\/v2\/media?parent=84977"}],"wp:term":[{"taxonomy":"category","embeddable":true,"href":"https:\/\/bluestudio.estadao.com.br\/agencia-de-comunicacao\/wp-json\/wp\/v2\/categories?post=84977"},{"taxonomy":"post_tag","embeddable":true,"href":"https:\/\/bluestudio.estadao.com.br\/agencia-de-comunicacao\/wp-json\/wp\/v2\/tags?post=84977"}],"curies":[{"name":"wp","href":"https:\/\/api.w.org\/{rel}","templated":true}]}}