{"id":84975,"date":"2024-01-08T13:10:00","date_gmt":"2024-01-08T16:10:00","guid":{"rendered":"https:\/\/bluestudio.estadao.com.br\/agencia-de-comunicacao\/releases\/releases-geral\/pela-primeira-vez-podcast-se-apresenta-duas-entrevistadas\/"},"modified":"2024-01-08T13:10:00","modified_gmt":"2024-01-08T16:10:00","slug":"pela-primeira-vez-podcast-se-apresenta-duas-entrevistadas","status":"publish","type":"post","link":"https:\/\/bluestudio.estadao.com.br\/agencia-de-comunicacao\/releases\/releases-geral\/pela-primeira-vez-podcast-se-apresenta-duas-entrevistadas\/","title":{"rendered":"Pela primeira vez, Podcast-se apresenta duas entrevistadas"},"content":{"rendered":"<p><b>DINO DIVULGADOR DE NOT\u00cdCIAS<\/b><\/p>\n<p>(<a target='_blank' href='http:\/\/www.dino.com.br' rel=\"noopener\">DINO<\/a> &#8211; 08 jan, 2024) &#8211;<br \/>\nPela primeira vez ao longo de duas temporadas, o epis&oacute;dio 42 lan&ccedil;ado no dia 27\/12 conta com a entrevista de duas profissionais, Heloisa Picos e Lais Guarizzi. Heloisa possui ampla experi&ecirc;ncia em comunica&ccedil;&atilde;o corporativa e &eacute; Vice presidente na G&amp;A Comunica&ccedil;&atilde;o e Lais atua na &aacute;rea de rela&ccedil;&otilde;es p&uacute;blicas, especialista em comunica&ccedil;&atilde;o corporativa e presidente da G&amp;A Comunica&ccedil;&atilde;o Empresarial. Ambas com mais de 30 anos de experi&ecirc;ncia, atuam na implanta&ccedil;&atilde;o de programas estrat&eacute;gicos em rela&ccedil;&otilde;es p&uacute;blicas, incluindo media trainings, gerenciamento de crises, relacionamento com a imprensa e engajamento digital.<\/p>\n<p>O bate-papo come&ccedil;a com as entrevistadas contando um pouco mais sobre suas trajet&oacute;rias acad&ecirc;micas e profissionais e segue com suas explica&ccedil;&otilde;es sobre o que &eacute; o media training e como funciona essa prepara&ccedil;&atilde;o de executivos como porta-vozes.<\/p>\n<p>A conversa segue abordando a import&acirc;ncia das Lideran&ccedil;as desenvolverem skills de comunica&ccedil;&atilde;o e como estar preparado para eventuais crises corporativas, assim como a import&acirc;ncia do Mindfulness (aten&ccedil;&atilde;o plena) para os executivos atuais.<\/p>\n<p>De modo a complementar o assunto, os entrevistadores, Camilo Manfredi e Gabriel Tripodi tamb&eacute;m questionam Heloisa e Lais sobre projetos de comunica&ccedil;&atilde;o que geraram resultados significativos e de grande impacto e quais s&atilde;o as principais a&ccedil;&otilde;es poss&iacute;veis para &ldquo;controlar&rdquo; a reputa&ccedil;&atilde;o e a imagem das empresas, marcas e porta-vozes.<\/p>\n<p>Heloisa e Lais finalizam o papo com dicas e conselhos para os novos profissionais da &aacute;rea a estudantes que buscam atuar em cargos de destaque nos setores de comunica&ccedil;&atilde;o e marketing.&nbsp;<\/p>\n<p>O epis&oacute;dio com ambas as profissionais j&aacute; est&aacute; dispon&iacute;vel no <a rel=\"follow noopener\" target='_blank' href='https:\/\/podcast-se.knewin.com\/'>Site<\/a>, <a rel=\"follow noopener\" target='_blank' href='https:\/\/www.youtube.com\/watch?v=-KiEmDmRhsk'>YouTube<\/a> e <a rel=\"follow noopener\" target='_blank' href='https:\/\/open.spotify.com\/episode\/6qa64DjZWyhrOWa6PDWiT0?si=aymmyccyTnufSEl4pwfsEw&amp;nd=1&amp;dlsi=227b966568004b2a'>Spotify<\/a> e pode ser acessado a qualquer momento.<\/p>\n<p>Para saber mais, basta acessar: <a rel=\"follow noopener\" target='_blank' href='https:\/\/podcast-se.knewin.com\/'>https:\/\/podcast-se.knewin.com\/<\/a><\/p>\n<p>A <b>OESP<\/b> n\u00e3o \u00e9(s\u00e3o) respons\u00e1vel(is) por erros, incorre\u00e7\u00f5es, atrasos ou quaisquer decis\u00f5es tomadas por seus clientes com base nos Conte\u00fados ora disponibilizados, bem como tais Conte\u00fados n\u00e3o representam a opini\u00e3o da <b>OESP<\/b> e s\u00e3o de inteira responsabilidade da <b>Dino Divulgador de Noticias Online Ltda<\/b><\/p>\n","protected":false},"excerpt":{"rendered":"DINO DIVULGADOR DE NOT\u00cdCIAS (DINO &#8211; 08 jan, 2024) &#8211; Pela primeira vez ao longo de duas temporadas, o epis&oacute;dio 42 lan&ccedil;ado no dia 27\/12 conta com a entrevista de duas","protected":false},"author":1,"featured_media":0,"comment_status":"open","ping_status":"closed","sticky":false,"template":"","format":"standard","meta":{"_acf_changed":false,"inline_featured_image":false,"_monsterinsights_skip_tracking":false,"_monsterinsights_sitenote_active":false,"_monsterinsights_sitenote_note":"","_monsterinsights_sitenote_category":0,"footnotes":""},"categories":[34],"tags":[],"class_list":["post-84975","post","type-post","status-publish","format-standard","hentry","category-releases-geral"],"acf":[],"_links":{"self":[{"href":"https:\/\/bluestudio.estadao.com.br\/agencia-de-comunicacao\/wp-json\/wp\/v2\/posts\/84975","targetHints":{"allow":["GET"]}}],"collection":[{"href":"https:\/\/bluestudio.estadao.com.br\/agencia-de-comunicacao\/wp-json\/wp\/v2\/posts"}],"about":[{"href":"https:\/\/bluestudio.estadao.com.br\/agencia-de-comunicacao\/wp-json\/wp\/v2\/types\/post"}],"author":[{"embeddable":true,"href":"https:\/\/bluestudio.estadao.com.br\/agencia-de-comunicacao\/wp-json\/wp\/v2\/users\/1"}],"replies":[{"embeddable":true,"href":"https:\/\/bluestudio.estadao.com.br\/agencia-de-comunicacao\/wp-json\/wp\/v2\/comments?post=84975"}],"version-history":[{"count":0,"href":"https:\/\/bluestudio.estadao.com.br\/agencia-de-comunicacao\/wp-json\/wp\/v2\/posts\/84975\/revisions"}],"wp:attachment":[{"href":"https:\/\/bluestudio.estadao.com.br\/agencia-de-comunicacao\/wp-json\/wp\/v2\/media?parent=84975"}],"wp:term":[{"taxonomy":"category","embeddable":true,"href":"https:\/\/bluestudio.estadao.com.br\/agencia-de-comunicacao\/wp-json\/wp\/v2\/categories?post=84975"},{"taxonomy":"post_tag","embeddable":true,"href":"https:\/\/bluestudio.estadao.com.br\/agencia-de-comunicacao\/wp-json\/wp\/v2\/tags?post=84975"}],"curies":[{"name":"wp","href":"https:\/\/api.w.org\/{rel}","templated":true}]}}