{"id":84550,"date":"2023-12-28T14:02:00","date_gmt":"2023-12-28T17:02:00","guid":{"rendered":"https:\/\/bluestudio.estadao.com.br\/agencia-de-comunicacao\/releases\/releases-geral\/procura-por-voos-para-as-ferias-de-janeiro-cresceu-35\/"},"modified":"2023-12-28T14:02:00","modified_gmt":"2023-12-28T17:02:00","slug":"procura-por-voos-para-as-ferias-de-janeiro-cresceu-35","status":"publish","type":"post","link":"https:\/\/bluestudio.estadao.com.br\/agencia-de-comunicacao\/releases\/releases-geral\/procura-por-voos-para-as-ferias-de-janeiro-cresceu-35\/","title":{"rendered":"Procura por voos para as f\u00e9rias de janeiro cresceu 35%"},"content":{"rendered":"<p><b>DINO DIVULGADOR DE NOT\u00cdCIAS<\/b><\/p>\n<p>(<a target='_blank' href='http:\/\/www.dino.com.br' rel=\"noopener\">DINO<\/a> &#8211; 28 dez, 2023) &#8211;<br \/>\nA Decolar destacou um aumento na busca por voos para as f\u00e9rias de janeiro. Conforme a publica\u00e7\u00e3o do&nbsp;<a rel=\"follow noopener\" target='_blank' href='https:\/\/guiaviajarmelhor.com.br\/decolar-destaca-crescimento-de-35-na-busca-por-passagens-aereas-para-janeiro\/' data-mce-target='_blank'>Guia Viajar Melhor<\/a>, o levantamento foi desenvolvido com base nas pesquisas feitas no pr\u00f3prio site e aplicativo da companhia. Entre os dados analisados, o aumento na procura de <a rel=\"follow noopener\" target='_blank' href='https:\/\/www.decolar.com\/passagens-aereas\/' data-mce-target='_blank'>passagens a\u00e9reas<\/a>, um dos principais produtos da marca, mostra uma proje\u00e7\u00e3o otimista j\u00e1 para o primeiro m\u00eas do ano com um crescimento de 35% no comparativo de 2023. A empresa tamb\u00e9m ressaltou quais foram os destinos que mais despertaram interesse entre os viajantes.<\/p>\n<p>Segundo a publica\u00e7\u00e3o, entre os dez destinos nacionais mais cotados, seis est\u00e3o localizados no Nordeste do Brasil, sendo os cinco primeiros deles capitais que servem de porta de entrada para viajantes do Brasil e do exterior.&nbsp;<\/p>\n<p>&#8216;Testemunhamos uma crescente demanda para metr\u00f3poles como S\u00e3o Paulo e Buenos Aires, que lideram o ranking das mais buscadas para as f\u00e9rias de janeiro&#8217;, diz Bob Rossato, vice-presidente de Produtos A\u00e9reos da Decolar.<\/p>\n<p>O levantamento divulgado pela Decolar e enviado para a imprensa especializada na ind\u00fastria de viagens, mostrou que grande parte dos turistas da empresa que ir\u00e3o viajar em janeiro escolheram as capitais nordestinas como destino para as f\u00e9rias.&nbsp;<\/p>\n<p>As capitais dos estados de Pernambuco, Cear\u00e1, Bahia, Alagoas e Para\u00edba lideram o ranking de inten\u00e7\u00e3o dos turistas como ponto de chegada para as f\u00e9rias do in\u00edcio do ano. Entre os destinos do exterior, Buenos Aires, na Argentina, e Lisboa, em Portugal, lideram na inten\u00e7\u00e3o de compra dos viajantes brasileiros, seguida pelos Estados Unidos com dois destinos j\u00e1 consagrados entre os brasileiros (Miami e Orlando).&nbsp;<\/p>\n<p>As viagens para a Europa tamb\u00e9m aparecem na inten\u00e7\u00e3o dos turistas que querem viajar nas f\u00e9rias de janeiro. Al\u00e9m de Portugal, que ficou na segunda posi\u00e7\u00e3o, Fran\u00e7a, Espanha e It\u00e1lia tamb\u00e9m aparecem na lista entre os dez destinos internacionais mais procurados para o in\u00edcio de 2024.&nbsp;<\/p>\n<p><strong>Brasil como destino de viagens para os estrangeiros<\/strong><\/p>\n<p>Este ano o Brasil tamb\u00e9m se consolidou como destino de f\u00e9rias para milh\u00f5es de estrangeiros. Foram cerca de 5 milh\u00f5es de viajantes internacionais visitando o Brasil em 2023, segundo <a rel=\"follow noopener\" target='_blank' href='https:\/\/agenciabrasil.ebc.com.br\/geral\/noticia\/2023-12\/turismo-espera-igualar-numero-de-visitantes-estrangeiros-pre-pandemia' data-mce-target='_blank'>publica\u00e7\u00e3o<\/a> feita pela Ag\u00eancia Brasileira de Not\u00edcias. Entre os meses de janeiro e setembro, visitantes do exterior deixaram em torno de R$ 25 bilh\u00f5es na economia nacional.&nbsp;<\/p>\n<p>&#8216;Tudo indica que vamos chegar a dezembro batendo o recorde de arrecada\u00e7\u00e3o com o turismo internacional, passando a marca de R$ 34 bilh\u00f5es&#8217;, afirmou <a rel=\"follow noopener\" target='_blank' href='https:\/\/pt.wikipedia.org\/wiki\/Marcelo_Freixo' data-mce-target='_blank'>Marcelo Freixo<\/a>, atual presidente da Embratur &#8211; Ag\u00eancia Brasileira de Promo\u00e7\u00e3o Internacional do Turismo, durante a cerim\u00f4nia de abertura do 7\u00ba Sal\u00e3o Nacional do Turismo, que ocorreu em Bras\u00edlia na sexta-feira (15).&nbsp;<\/p>\n<p>Com o volume de visitantes vindos do exterior, a ind\u00fastria de turismo espera igualar o n\u00famero de visitantes estrangeiros pr\u00e9-pandemia. Para Celso Sabino, atual Ministro do Turismo, a retomada das viagens garantiu um volume de estrangeiros que gera boas perspectivas para o setor. &#8216;Os n\u00fameros [resultados atuais] tendem a aumentar com o pa\u00eds \u00e0 frente da lideran\u00e7a do G20, grupo que re\u00fane as maiores economias mundiais, e com as quais teremos v\u00e1rios contatos, aqui, em 2024&#8217;, declarou o ministro.<\/p>\n<p>Website: <a target='_blank' href='https:\/\/travelmediapr.com\/pt\/inicial\/' rel=\"follow noopener\">https:\/\/travelmediapr.com\/pt\/inicial\/<\/a><img src='https:\/\/api.dino.com.br\/v2\/news\/tr\/284226' alt='' style='border:0px;width:1px;height:1px' \/><br \/>\nA <b>OESP<\/b> n\u00e3o \u00e9(s\u00e3o) respons\u00e1vel(is) por erros, incorre\u00e7\u00f5es, atrasos ou quaisquer decis\u00f5es tomadas por seus clientes com base nos Conte\u00fados ora disponibilizados, bem como tais Conte\u00fados n\u00e3o representam a opini\u00e3o da <b>OESP<\/b> e s\u00e3o de inteira responsabilidade da <b>Dino Divulgador de Noticias Online Ltda<\/b><\/p>\n","protected":false},"excerpt":{"rendered":"DINO DIVULGADOR DE NOT\u00cdCIAS (DINO &#8211; 28 dez, 2023) &#8211; A Decolar destacou um aumento na busca por voos para as f\u00e9rias de janeiro. Conforme a publica\u00e7\u00e3o do&nbsp;Guia Viajar Melhor, o","protected":false},"author":1,"featured_media":0,"comment_status":"open","ping_status":"closed","sticky":false,"template":"","format":"standard","meta":{"_acf_changed":false,"inline_featured_image":false,"_monsterinsights_skip_tracking":false,"_monsterinsights_sitenote_active":false,"_monsterinsights_sitenote_note":"","_monsterinsights_sitenote_category":0,"footnotes":""},"categories":[34],"tags":[],"class_list":["post-84550","post","type-post","status-publish","format-standard","hentry","category-releases-geral"],"acf":[],"_links":{"self":[{"href":"https:\/\/bluestudio.estadao.com.br\/agencia-de-comunicacao\/wp-json\/wp\/v2\/posts\/84550","targetHints":{"allow":["GET"]}}],"collection":[{"href":"https:\/\/bluestudio.estadao.com.br\/agencia-de-comunicacao\/wp-json\/wp\/v2\/posts"}],"about":[{"href":"https:\/\/bluestudio.estadao.com.br\/agencia-de-comunicacao\/wp-json\/wp\/v2\/types\/post"}],"author":[{"embeddable":true,"href":"https:\/\/bluestudio.estadao.com.br\/agencia-de-comunicacao\/wp-json\/wp\/v2\/users\/1"}],"replies":[{"embeddable":true,"href":"https:\/\/bluestudio.estadao.com.br\/agencia-de-comunicacao\/wp-json\/wp\/v2\/comments?post=84550"}],"version-history":[{"count":0,"href":"https:\/\/bluestudio.estadao.com.br\/agencia-de-comunicacao\/wp-json\/wp\/v2\/posts\/84550\/revisions"}],"wp:attachment":[{"href":"https:\/\/bluestudio.estadao.com.br\/agencia-de-comunicacao\/wp-json\/wp\/v2\/media?parent=84550"}],"wp:term":[{"taxonomy":"category","embeddable":true,"href":"https:\/\/bluestudio.estadao.com.br\/agencia-de-comunicacao\/wp-json\/wp\/v2\/categories?post=84550"},{"taxonomy":"post_tag","embeddable":true,"href":"https:\/\/bluestudio.estadao.com.br\/agencia-de-comunicacao\/wp-json\/wp\/v2\/tags?post=84550"}],"curies":[{"name":"wp","href":"https:\/\/api.w.org\/{rel}","templated":true}]}}