{"id":84401,"date":"2023-12-22T15:12:00","date_gmt":"2023-12-22T18:12:00","guid":{"rendered":"https:\/\/bluestudio.estadao.com.br\/agencia-de-comunicacao\/releases\/releases-geral\/brasil-tem-saldo-positivo-de-geracao-de-empregos\/"},"modified":"2023-12-22T15:12:00","modified_gmt":"2023-12-22T18:12:00","slug":"brasil-tem-saldo-positivo-de-geracao-de-empregos","status":"publish","type":"post","link":"https:\/\/bluestudio.estadao.com.br\/agencia-de-comunicacao\/releases\/releases-geral\/brasil-tem-saldo-positivo-de-geracao-de-empregos\/","title":{"rendered":"Brasil tem saldo positivo de gera\u00e7\u00e3o de empregos"},"content":{"rendered":"<p><b>DINO DIVULGADOR DE NOT\u00cdCIAS<\/b><\/p>\n<p>(<a target='_blank' href='http:\/\/www.dino.com.br' rel=\"noopener\">DINO<\/a> &#8211; 22 dez, 2023) &#8211;<br \/>\nAo final de outubro deste ano, 190.366 vagas formais de emprego haviam sido criadas no m\u00eas. S\u00e3o 30 mil vagas a mais do que as geradas em outubro do ano passado, segundo dados do Minist\u00e9rio do Trabalho e Emprego (MTE) divulgados no portal da Secretaria de Comunica\u00e7\u00e3o Social da Presid\u00eancia da Rep\u00fablica.<\/p>\n<p>At\u00e9 a data da divulga\u00e7\u00e3o das informa\u00e7\u00f5es, o Brasil acumulava um saldo positivo de quase 1,8 milh\u00e3o de empregos. O n\u00famero de brasileiros empregados com carteira assinada em outubro de 2023 foi o maior da s\u00e9rie hist\u00f3rica at\u00e9 ent\u00e3o, um total de 44,2 milh\u00f5es de pessoas.<\/p>\n<p>O setor em que mais cresceram os empregos foi o de servi\u00e7os, principalmente nas \u00e1reas de informa\u00e7\u00e3o, comunica\u00e7\u00e3o, atividades financeiras, imobili\u00e1rias, profissionais e administrativas. Essas \u00e1reas foram respons\u00e1veis por um saldo positivo de 109.939 vagas de emprego.<\/p>\n<p>Elisheva Cesco Martinelli \u00e9 psic\u00f3loga e mentora de carreiras e relata que costuma ver os reflexos da movimenta\u00e7\u00e3o no mercado de trabalho em sua pr\u00e1tica. Ela cita, por exemplo, a &#8216;luta por talentos&#8217; que resulta desse aquecimento do mercado evidenciado nos n\u00fameros do MTE, e que representa uma chance de crescimento r\u00e1pido para muitos profissionais.<\/p>\n<p>&#8216;Neste contexto, as promo\u00e7\u00f5es est\u00e3o ocorrendo em velocidade recorde e os profissionais t\u00eam uma chance \u00fanica de crescer r\u00e1pida e sustentavelmente&#8217;, esclarece a especialista. Ela acrescenta que a capacidade de aproveitar essa oportunidade, por\u00e9m, n\u00e3o depende s\u00f3 do contexto favor\u00e1vel: muitos profissionais t\u00eam buscado o desenvolvimento psicol\u00f3gico para conseguir se adaptar a essa acelera\u00e7\u00e3o do ambiente de trabalho. &#8216;Esta ajuda, com profissionais qualificados, \u00e9 fundamental para a sa\u00fade mental dos profissionais, evitando doen\u00e7as como burnout, TEPT e ansiedade generalizada&#8217;, completa.<\/p>\n<p><strong>A neuroci\u00eancia aplicada ao desenvolvimento pessoal e profissional<\/strong><\/p>\n<p>&#8216;Pela capacidade do c\u00e9rebro se modificar com novas situa\u00e7\u00f5es e aprendizados, a neuroci\u00eancia tem trazido \u00e0 luz m\u00e9todos, ferramentas e conceitos que auxiliam os profissionais altamente qualificados a promoverem um aumento significativo em sua performance, ganhando maiores posi\u00e7\u00f5es em tempo recorde&#8217;, resume Martinelli.&nbsp;<\/p>\n<p>Ela afirma ainda que tamb\u00e9m a neuroplasticidade cerebral &#8211; ou seja, a capacidade de adquirir novos conhecimentos e se comunicar &#8211; pode influenciar na aptid\u00e3o dos profissionais em se beneficiar da gera\u00e7\u00e3o de empregos, conseguindo recoloca\u00e7\u00f5es, por exemplo. Al\u00e9m disso, prossegue, &#8216;o uso de ferramentas da neuroci\u00eancia permite a acelera\u00e7\u00e3o dos processos de adapta\u00e7\u00e3o e performance tanto para recoloca\u00e7\u00f5es quanto em novos cargos por promo\u00e7\u00e3o&#8217;.<\/p>\n<p>&#8216;\u00c9 a\u00ed que entra a neuroci\u00eancia aplicada ao desenvolvimento individual, embora nem sempre os profissionais percebam essa liga\u00e7\u00e3o&#8217;, explica Martinelli. Habilidades como o dom\u00ednio das emo\u00e7\u00f5es e resili\u00eancia para atingir metas, considerando-as na tomada de decis\u00e3o, ao lado da l\u00f3gica, intui\u00e7\u00e3o e criatividade, s\u00e3o alguns exemplos de compet\u00eancias que podem ser trabalhadas com o aux\u00edlio da neuroci\u00eancia e trazer resultados no ambiente de trabalho, diz ela. &#8216;Se conhecer ainda \u00e9 a melhor op\u00e7\u00e3o para quem deseja alavancar sua carreira&#8217;.<\/p>\n<p>&#8216;Existem centenas de sistemas e sub-redes no ce?rebro que contribuem para o pensamento integral, gerando diversas formas de pensar&#8217;, diz. &#8216;A neuroci\u00eancia nos ensina a usar essas distintas formas de maneira constante e ter uma vis\u00e3o mais clara de nossos pontos fortes, assim como identificar \u00e1reas pass\u00edveis de desenvolvimento ou potencial ainda n\u00e3o explorado&#8217;, finaliza a psic\u00f3loga.<\/p>\n<p>Para saber mais, basta acessar:: <a rel=\"follow noopener\" target='_blank' href='https:\/\/elishevacesco.com.br\/' data-mce-target='_blank'>https:\/\/elishevacesco.com.br\/<\/a>, <a rel=\"follow noopener\" target='_blank' href='https:\/\/www.instagram.com\/elishevacescopsi\/' data-mce-target='_blank'>https:\/\/www.instagram.com\/elishevacescopsi\/<\/a> ou <a rel=\"follow noopener\" target='_blank' href='https:\/\/www.youtube.com\/@elishevacescopsi\/videos' data-mce-target='_blank'>https:\/\/www.youtube.com\/@elishevacescopsi\/videos<\/a><\/p>\n<p>A <b>OESP<\/b> n\u00e3o \u00e9(s\u00e3o) respons\u00e1vel(is) por erros, incorre\u00e7\u00f5es, atrasos ou quaisquer decis\u00f5es tomadas por seus clientes com base nos Conte\u00fados ora disponibilizados, bem como tais Conte\u00fados n\u00e3o representam a opini\u00e3o da <b>OESP<\/b> e s\u00e3o de inteira responsabilidade da <b>Dino Divulgador de Noticias Online Ltda<\/b><\/p>\n","protected":false},"excerpt":{"rendered":"DINO DIVULGADOR DE NOT\u00cdCIAS (DINO &#8211; 22 dez, 2023) &#8211; Ao final de outubro deste ano, 190.366 vagas formais de emprego haviam sido criadas no m\u00eas. S\u00e3o 30 mil vagas a mais do que as geradas","protected":false},"author":1,"featured_media":0,"comment_status":"open","ping_status":"closed","sticky":false,"template":"","format":"standard","meta":{"_acf_changed":false,"inline_featured_image":false,"_monsterinsights_skip_tracking":false,"_monsterinsights_sitenote_active":false,"_monsterinsights_sitenote_note":"","_monsterinsights_sitenote_category":0,"footnotes":""},"categories":[34],"tags":[],"class_list":["post-84401","post","type-post","status-publish","format-standard","hentry","category-releases-geral"],"acf":[],"_links":{"self":[{"href":"https:\/\/bluestudio.estadao.com.br\/agencia-de-comunicacao\/wp-json\/wp\/v2\/posts\/84401","targetHints":{"allow":["GET"]}}],"collection":[{"href":"https:\/\/bluestudio.estadao.com.br\/agencia-de-comunicacao\/wp-json\/wp\/v2\/posts"}],"about":[{"href":"https:\/\/bluestudio.estadao.com.br\/agencia-de-comunicacao\/wp-json\/wp\/v2\/types\/post"}],"author":[{"embeddable":true,"href":"https:\/\/bluestudio.estadao.com.br\/agencia-de-comunicacao\/wp-json\/wp\/v2\/users\/1"}],"replies":[{"embeddable":true,"href":"https:\/\/bluestudio.estadao.com.br\/agencia-de-comunicacao\/wp-json\/wp\/v2\/comments?post=84401"}],"version-history":[{"count":0,"href":"https:\/\/bluestudio.estadao.com.br\/agencia-de-comunicacao\/wp-json\/wp\/v2\/posts\/84401\/revisions"}],"wp:attachment":[{"href":"https:\/\/bluestudio.estadao.com.br\/agencia-de-comunicacao\/wp-json\/wp\/v2\/media?parent=84401"}],"wp:term":[{"taxonomy":"category","embeddable":true,"href":"https:\/\/bluestudio.estadao.com.br\/agencia-de-comunicacao\/wp-json\/wp\/v2\/categories?post=84401"},{"taxonomy":"post_tag","embeddable":true,"href":"https:\/\/bluestudio.estadao.com.br\/agencia-de-comunicacao\/wp-json\/wp\/v2\/tags?post=84401"}],"curies":[{"name":"wp","href":"https:\/\/api.w.org\/{rel}","templated":true}]}}