{"id":84195,"date":"2023-12-21T05:42:00","date_gmt":"2023-12-21T08:42:00","guid":{"rendered":"https:\/\/bluestudio.estadao.com.br\/agencia-de-comunicacao\/prnewswire\/prnewsesportes\/a-longi-aposta-em-um-projeto-agrovoltaico-para-reduzir-a-pobreza-energetica-na-colombia\/"},"modified":"2023-12-21T05:42:00","modified_gmt":"2023-12-21T08:42:00","slug":"a-longi-aposta-em-um-projeto-agrovoltaico-para-reduzir-a-pobreza-energetica-na-colombia","status":"publish","type":"post","link":"https:\/\/bluestudio.estadao.com.br\/agencia-de-comunicacao\/prnewswire\/prnewsesportes\/a-longi-aposta-em-um-projeto-agrovoltaico-para-reduzir-a-pobreza-energetica-na-colombia\/","title":{"rendered":"A LONGi aposta em um projeto agrovoltaico para reduzir a pobreza energ\u00e9tica na Col\u00f4mbia"},"content":{"rendered":"<p><b>PR NEWSWIRE<\/b><\/p>\n<div class=\"xn-content\">\n<span class=\"legendSpanClass\">SOPETR\u00c1N, <span class=\"xn-location\">Colombia<\/span><\/span>, <span class=\"legendSpanClass\">21 de dezembro de 2023<\/span> \/PRNewswire\/ &#8212; A LONGi, l\u00edder mundial em energia renov\u00e1vel, doou 17,4 kW de m\u00f3dulos Hi-MO <span class=\"xn-money\">5m<\/span> para a Associa\u00e7\u00e3o de Produtores de Frutas de <span class=\"xn-person\">Santa Rita<\/span> (ASOFRUSAT), visando impulsionar seu empreendimento de transforma\u00e7\u00e3o de frutas agr\u00edcolas em produtos processados e promover sua marca &#8220;Fruterra&#8221; para obter benef\u00edcios maiores para a comunidade.<\/p>\n<div id=\"prni_dvprnejpg0141left\" dir=\"ltr\" style=\"width: 100%;text-align: left\"><img decoding=\"async\" id=\"prnejpg0141left\" style=\"width: 400px;height: 230px\" title=\" \" src=\"https:\/\/mma.prnewswire.com\/media\/1862722\/4465457\/LONGi_new_Logo.jpg\" alt=\" \" align=\"middle\" \/><\/div>\n<p>A ASOFRUSAT \u00e9 uma associa\u00e7\u00e3o formada por 19 agricultores da vila de <span class=\"xn-person\">Santa Rita<\/span>, munic\u00edpio de Sopetr\u00e1n, Antioquia, Col\u00f4mbia, com o objetivo de melhorar a qualidade de vida de sua comunidade, criando uma cooperativa que lhes permitir\u00e1 gerar mais renda. No entanto, ap\u00f3s conseguir instalar sua f\u00e1brica com a maquinaria necess\u00e1ria para o processamento, depararam-se com a falta de um fornecimento de eletricidade eficiente e est\u00e1vel, al\u00e9m de custos elevados.<\/p>\n<p>Ap\u00f3s analisar e compreender os desafios energ\u00e9ticos enfrentados pela ASOFRUSAT, a LONGi interveio e ofereceu seu apoio, com a convic\u00e7\u00e3o de tornar a tecnologia solar um recurso acess\u00edvel para todos. Com a doa\u00e7\u00e3o da LONGi, a ASOFRUSAT ter\u00e1 uma produ\u00e7\u00e3o mais sustent\u00e1vel e custos de energia mais eficientes.<\/p>\n<p><span class=\"xn-person\">Laura Gonzalez<\/span>, Gerente S\u00eanior de Marketing de Utility na LONGi, disse: &#8220;A energia solar \u00e9 a solu\u00e7\u00e3o perfeita para esta \u00e1rea isolada, pois n\u00e3o requer extensa infraestrutura e obras de constru\u00e7\u00e3o. Al\u00e9m disso, com base em tecnologia avan\u00e7ada, nossos m\u00f3dulos oferecem excelente efici\u00eancia de convers\u00e3o. Ap\u00f3s a instala\u00e7\u00e3o do sistema fotovoltaico, os agricultores ter\u00e3o acesso a um fornecimento de eletricidade altamente confi\u00e1vel.&#8221;<\/p>\n<p>Este projeto tamb\u00e9m reuniu outros benfeitores, como o FISE (Fundo de Inclus\u00e3o Social Energ\u00e9tico), SENA (Servi\u00e7o Nacional de Aprendizagem) e a Pontif\u00edcia Universidade Bolivariana.<\/p>\n<p>A LONGi n\u00e3o apenas se compromete a implementar uma abordagem de lideran\u00e7a destinada a aliviar a pobreza energ\u00e9tica por meio da tecnologia fotovoltaica, mas tamb\u00e9m trabalha arduamente para corrigir os danos que as atividades humanas causaram ao meio ambiente, contribuindo assim para o desenvolvimento sustent\u00e1vel das comunidades.<\/p>\n<p><b>Sobre a LONGi<\/b><\/p>\n<p>Fundada em 2000, a LONGi se prop\u00f4s a ser a empresa l\u00edder mundial em tecnologia solar, focada na cria\u00e7\u00e3o de valor orientada para o cliente para alcan\u00e7ar a transforma\u00e7\u00e3o energ\u00e9tica em todos os cen\u00e1rios.<\/p>\n<p>Com a miss\u00e3o de &#8220;Aproveitar o melhor da energia solar para construir um mundo sustent\u00e1vel&#8221;, a LONGi dedicou-se \u00e0 inova\u00e7\u00e3o tecnol\u00f3gica e estabeleceu cinco linhas de neg\u00f3cios, abrangendo wafers, c\u00e9lulas e m\u00f3dulos de sil\u00edcio monocristalino, solu\u00e7\u00f5es de gera\u00e7\u00e3o distribu\u00edda para uso comercial e industrial, solu\u00e7\u00f5es de energia verde e equipamentos de hidrog\u00eanio. A empresa aprimorou suas capacidades para fornecer energia renov\u00e1vel e, mais recentemente, tamb\u00e9m adotou produtos e solu\u00e7\u00f5es de hidrog\u00eanio verde para alcan\u00e7ar um crescimento global sem emiss\u00f5es de carbono. <b><a href=\"https:\/\/www.longi.com\/br\/\" target=\"_blank\" rel=\"nofollow noopener\">www.longi.com\/br\/<\/a><\/b><\/p>\n<p>Logo &#8211; <a href=\"https:\/\/mma.prnewswire.com\/media\/1862722\/4465457\/LONGi_new_Logo.jpg\" target=\"_blank\" rel=\"nofollow noopener\">https:\/\/mma.prnewswire.com\/media\/1862722\/4465457\/LONGi_new_Logo.jpg<\/a><\/p>\n<p>FONTE  LONGi<\/p>\n<\/div>\n<p><img decoding=\"async\" alt=\"\" src=\"https:\/\/rt.prnewswire.com\/rt.gif?NewsItemId=PT98277&amp;Transmission_Id=202312210331PR_NEWS_LATAM____PT98277&amp;DateId=20231221\" style=\"border:0px;width:1px;height:1px\" \/><\/p>\n<p>A <b>OESP<\/b> n\u00e3o \u00e9(s\u00e3o) respons\u00e1vel(is) por erros, incorre\u00e7\u00f5es, atrasos ou quaisquer decis\u00f5es tomadas por seus clientes com base nos Conte\u00fados ora disponibilizados, bem como tais Conte\u00fados n\u00e3o representam a opini\u00e3o da <b>OESP<\/b> e s\u00e3o de inteira responsabilidade da <b>PR Newswire Ltda<\/b><\/p>\n","protected":false},"excerpt":{"rendered":"PR NEWSWIRE SOPETR\u00c1N, Colombia, 21 de dezembro de 2023 \/PRNewswire\/ &#8212; A LONGi, l\u00edder mundial em energia renov\u00e1vel, doou 17,4 kW de m\u00f3dulos Hi-MO 5m para a Associa\u00e7\u00e3o de Produtores de","protected":false},"author":1,"featured_media":0,"comment_status":"open","ping_status":"closed","sticky":false,"template":"","format":"standard","meta":{"_acf_changed":false,"inline_featured_image":false,"_monsterinsights_skip_tracking":false,"_monsterinsights_sitenote_active":false,"_monsterinsights_sitenote_note":"","_monsterinsights_sitenote_category":0,"footnotes":""},"categories":[30],"tags":[],"class_list":["post-84195","post","type-post","status-publish","format-standard","hentry","category-prnewsesportes"],"acf":[],"_links":{"self":[{"href":"https:\/\/bluestudio.estadao.com.br\/agencia-de-comunicacao\/wp-json\/wp\/v2\/posts\/84195","targetHints":{"allow":["GET"]}}],"collection":[{"href":"https:\/\/bluestudio.estadao.com.br\/agencia-de-comunicacao\/wp-json\/wp\/v2\/posts"}],"about":[{"href":"https:\/\/bluestudio.estadao.com.br\/agencia-de-comunicacao\/wp-json\/wp\/v2\/types\/post"}],"author":[{"embeddable":true,"href":"https:\/\/bluestudio.estadao.com.br\/agencia-de-comunicacao\/wp-json\/wp\/v2\/users\/1"}],"replies":[{"embeddable":true,"href":"https:\/\/bluestudio.estadao.com.br\/agencia-de-comunicacao\/wp-json\/wp\/v2\/comments?post=84195"}],"version-history":[{"count":0,"href":"https:\/\/bluestudio.estadao.com.br\/agencia-de-comunicacao\/wp-json\/wp\/v2\/posts\/84195\/revisions"}],"wp:attachment":[{"href":"https:\/\/bluestudio.estadao.com.br\/agencia-de-comunicacao\/wp-json\/wp\/v2\/media?parent=84195"}],"wp:term":[{"taxonomy":"category","embeddable":true,"href":"https:\/\/bluestudio.estadao.com.br\/agencia-de-comunicacao\/wp-json\/wp\/v2\/categories?post=84195"},{"taxonomy":"post_tag","embeddable":true,"href":"https:\/\/bluestudio.estadao.com.br\/agencia-de-comunicacao\/wp-json\/wp\/v2\/tags?post=84195"}],"curies":[{"name":"wp","href":"https:\/\/api.w.org\/{rel}","templated":true}]}}