{"id":83732,"date":"2023-12-15T16:43:00","date_gmt":"2023-12-15T19:43:00","guid":{"rendered":"https:\/\/bluestudio.estadao.com.br\/agencia-de-comunicacao\/prnewswire\/prnewseconomia\/tecnologia-em-persianas-lancamentos-na-linha-blind-da-udinese-3\/"},"modified":"2023-12-15T16:43:00","modified_gmt":"2023-12-15T19:43:00","slug":"tecnologia-em-persianas-lancamentos-na-linha-blind-da-udinese-3","status":"publish","type":"post","link":"https:\/\/bluestudio.estadao.com.br\/agencia-de-comunicacao\/prnewswire\/prnewseconomia\/tecnologia-em-persianas-lancamentos-na-linha-blind-da-udinese-3\/","title":{"rendered":"Tecnologia em persianas: Lan\u00e7amentos na linha blind da Udinese"},"content":{"rendered":"<p><b>PR NEWSWIRE<\/b><\/p>\n<div class=\"xn-content\">\n<b><i>No din\u00e2mico universo das persianas, onde funcionalidade e est\u00e9tica convergem para criar ambientes perfeitos, a Udinese est\u00e1 redefinindo os padr\u00f5es. <\/i><\/b><\/p>\n<p><span class=\"legendSpanClass\">S\u00c3O PAULO<\/span>, <span class=\"legendSpanClass\">15 de dezembro de 2023<\/span> \/PRNewswire\/ &#8212;\u00a0Com um compromisso inabal\u00e1vel com a qualidade e inova\u00e7\u00e3o, a Udinese apresenta tr\u00eas novos motores que elevam as persianas a um patamar de excel\u00eancia, combinando funcionalidade, modernidade e uma est\u00e9tica impec\u00e1vel.<\/p>\n<div class=\"PRN_ImbeddedAssetReference\" id=\"DivAssetPlaceHolder1\">\n<a href=\"https:\/\/mma.prnewswire.com\/media\/2302348\/1.html\" target=\"_blank\" rel=\"nofollow noopener\">  <img decoding=\"async\" src=\"https:\/\/mma.prnewswire.com\/media\/2302348\/1.jpg\" title=\"\" alt=\"\" \/><\/a>\n <\/p>\n<\/p><\/div>\n<p><b>Motores PH25 e PH50 para Persianas Horizontais:<\/b><\/p>\n<p>Imagine persianas que n\u00e3o apenas filtram a luz do sol de maneira eficiente, mas tamb\u00e9m se adaptam ao seu estilo de vida, oferecendo praticidade e conforto incompar\u00e1veis. Os <b>motores UDMPH25<\/b> e <b>UDMPH50<\/b>, projetados especialmente para persianas horizontais de ajustes por fitas, nasce essa vis\u00e3o revolucion\u00e1ria. Motores de 12 volts, s\u00e3o a solu\u00e7\u00e3o ideal para persianas de 25mm e 50mm de espessura. Agora, o acionamento das persianas \u00e9 uma experi\u00eancia verdadeiramente intuitiva, gra\u00e7as aos controles remotos e \u00e0s pr\u00e1ticas botoeiras. A Udinese mais uma vez desenha o futuro, onde a tecnologia se funde harmoniosamente com o design.<\/p>\n<p><b>Motor UDM35EB e Painel Solar:<\/b><\/p>\n<p>Em um mundo cada vez mais consciente da necessidade de preservar nosso planeta, a Udinese apresenta o <b>Motor UDM35EB<\/b>, um marco na converg\u00eancia entre inova\u00e7\u00e3o e sustentabilidade. Alimentado por bateria recarreg\u00e1vel, esse motor traz consigo a possibilidade de <b>carregamento via<\/b> <b>painel solar<\/b>, uma solu\u00e7\u00e3o que n\u00e3o apenas reduz custos, mas tamb\u00e9m faz sua parte para minimizar o impacto ambiental. R\u00e1pido, silencioso e econ\u00f4mico, o <b>UDM35EB<\/b> \u00e9 mais do que uma conquista tecnol\u00f3gica; \u00e9 um passo firme em dire\u00e7\u00e3o a um futuro mais verde e respons\u00e1vel. Contribuindo para a redu\u00e7\u00e3o do consumo de energia el\u00e9trica, o <b>UDM35EB<\/b> n\u00e3o \u00e9 apenas uma op\u00e7\u00e3o inteligente, mas uma afirma\u00e7\u00e3o de compromisso com um amanh\u00e3 melhor.<\/p>\n<p><b>Sensor de Sol e Vento:<\/b><\/p>\n<p>Para atuar em situa\u00e7\u00f5es adversas do clima, lan\u00e7amos o <b>Sensor de Sol e Vento para Motores de Toldos<\/b>. Ele detecta a incid\u00eancia do sol e a for\u00e7a do vento e trabalha no ajuste autom\u00e1tico de toldos articulados e verticais para uma posi\u00e7\u00e3o adequada. Sua instala\u00e7\u00e3o sem fio torna tudo mais f\u00e1cil e flex\u00edvel e sua funcionalidade contribuir para maior vida \u00faltimo do toldo.<\/p>\n<p><b>Motiva\u00e7\u00f5es da Motoriza\u00e7\u00e3o e Automa\u00e7\u00e3o:<\/b><\/p>\n<p>Ao considerar a motoriza\u00e7\u00e3o e automa\u00e7\u00e3o de persianas decorativas, uma s\u00e9rie de vantagens convincentes surge diante de n\u00f3s:<\/p>\n<ol type=\"1\">\n<li><b>Conforto e Comodidade Elevados:<\/b> Agora, o controle das suas persianas est\u00e1 ao alcance de suas m\u00e3os, mesmo \u00e0 dist\u00e2ncia. O acionamento autom\u00e1tico oferece uma experi\u00eancia de usu\u00e1rio mais fluida e eficiente.<\/li>\n<li><b>Seguran\u00e7a Aprimorada:<\/b> Com a capacidade de simular a presen\u00e7a de pessoas ao ajustar as persianas em hor\u00e1rios variados, a sua casa ou escrit\u00f3rio permanecem seguros e protegidos.<\/li>\n<li><b>Efici\u00eancia Energ\u00e9tica: <\/b>Aproveitar a luz natural do sol se traduz em economia real. Menos necessidade de ar-condicionado ou aquecedor resulta em uma redu\u00e7\u00e3o nos custos de energia.<\/li>\n<li><b>Maior Durabilidade:<\/b> O uso constante e manual pode desgastar as persianas ao longo do tempo. Os motores Udinese evitam esse desgaste prematuro, garantindo a longevidade das suas persianas.<\/li>\n<li><b>Valoriza\u00e7\u00e3o do Espa\u00e7o:<\/b> Seu ambiente \u00e9 enriquecido com a tecnologia e a sofistica\u00e7\u00e3o proporcionadas pela motoriza\u00e7\u00e3o e automa\u00e7\u00e3o de persianas. Seja em casa ou no trabalho, a Udinese eleva a qualidade do espa\u00e7o.<\/li>\n<\/ol>\n<p>Com isto, os novos lan\u00e7amentos na <b>Linha Blind<\/b> da Udinese representam uma s\u00edntese magistral entre funcionalidade, est\u00e9tica e responsabilidade ambiental. Com sua dedica\u00e7\u00e3o cont\u00ednua \u00e0 inova\u00e7\u00e3o e \u00e0 qualidade, a Udinese estabelece novos paradigmas para as persianas do futuro.<\/p>\n<p><b><i>Link Linha Blind no site:<\/i><\/b> <a href=\"https:\/\/www.udinese.com.br\/pt\/produtos\/Automacao\/linha-blind\" target=\"_blank\" rel=\"nofollow noopener\">https:\/\/www.udinese.com.br\/pt\/produtos\/Automacao\/linha-blind<\/a><\/p>\n<p><b>Sobre a Udinese.<\/b><\/p>\n<p>A Udinese, uma marca do Grupo ASSA ABLOY, \u00e9 l\u00edder do mercado nacional de componentes para esquadrias, oferecendo solu\u00e7\u00f5es inteligentes e inovadoras aos seus clientes. Sin\u00f4nimo de refer\u00eancia no setor de esquadrias, obtido atrav\u00e9s de investimento cont\u00ednuo em pesquisa e desenvolvimento de novos produtos, na amplia\u00e7\u00e3o e atualiza\u00e7\u00e3o tecnol\u00f3gica de seu parque industrial, na capacita\u00e7\u00e3o de seus profissionais e, principalmente, no relacionamento duradouro com seus clientes.<\/p>\n<p>Reconhecida por ditar tend\u00eancias em um mercado altamente competitivo, a Udinese possui um portf\u00f3lio amplo e diversificado em componentes para esquadrias de alum\u00ednio, madeira e PVC. Seus produtos se destacam pelo design inovador, pela praticidade e funcionalidade.<\/p>\n<p>Foto &#8211; <a href=\"https:\/\/mma.prnewswire.com\/media\/2302348\/1.jpg\" target=\"_blank\" rel=\"nofollow noopener\">https:\/\/mma.prnewswire.com\/media\/2302348\/1.jpg<\/a>\u00a0<\/p>\n<p>FONTE  Udinese<\/p>\n<\/div>\n<p><img decoding=\"async\" alt=\"\" src=\"https:\/\/rt.prnewswire.com\/rt.gif?NewsItemId=PT95394&amp;Transmission_Id=202312151430PR_NEWS_LATAM____PT95394&amp;DateId=20231215\" style=\"border:0px;width:1px;height:1px\" \/><\/p>\n<p>A <b>OESP<\/b> n\u00e3o \u00e9(s\u00e3o) respons\u00e1vel(is) por erros, incorre\u00e7\u00f5es, atrasos ou quaisquer decis\u00f5es tomadas por seus clientes com base nos Conte\u00fados ora disponibilizados, bem como tais Conte\u00fados n\u00e3o representam a opini\u00e3o da <b>OESP<\/b> e s\u00e3o de inteira responsabilidade da <b>PR Newswire Ltda<\/b><\/p>\n","protected":false},"excerpt":{"rendered":"PR NEWSWIRE No din\u00e2mico universo das persianas, onde funcionalidade e est\u00e9tica convergem para criar ambientes perfeitos, a Udinese est\u00e1 redefinindo os padr\u00f5es. S\u00c3O PAULO, 15 de dezembro de 2023","protected":false},"author":1,"featured_media":0,"comment_status":"open","ping_status":"closed","sticky":false,"template":"","format":"standard","meta":{"_acf_changed":false,"inline_featured_image":false,"_monsterinsights_skip_tracking":false,"_monsterinsights_sitenote_active":false,"_monsterinsights_sitenote_note":"","_monsterinsights_sitenote_category":0,"footnotes":""},"categories":[29],"tags":[],"class_list":["post-83732","post","type-post","status-publish","format-standard","hentry","category-prnewseconomia"],"acf":[],"_links":{"self":[{"href":"https:\/\/bluestudio.estadao.com.br\/agencia-de-comunicacao\/wp-json\/wp\/v2\/posts\/83732","targetHints":{"allow":["GET"]}}],"collection":[{"href":"https:\/\/bluestudio.estadao.com.br\/agencia-de-comunicacao\/wp-json\/wp\/v2\/posts"}],"about":[{"href":"https:\/\/bluestudio.estadao.com.br\/agencia-de-comunicacao\/wp-json\/wp\/v2\/types\/post"}],"author":[{"embeddable":true,"href":"https:\/\/bluestudio.estadao.com.br\/agencia-de-comunicacao\/wp-json\/wp\/v2\/users\/1"}],"replies":[{"embeddable":true,"href":"https:\/\/bluestudio.estadao.com.br\/agencia-de-comunicacao\/wp-json\/wp\/v2\/comments?post=83732"}],"version-history":[{"count":0,"href":"https:\/\/bluestudio.estadao.com.br\/agencia-de-comunicacao\/wp-json\/wp\/v2\/posts\/83732\/revisions"}],"wp:attachment":[{"href":"https:\/\/bluestudio.estadao.com.br\/agencia-de-comunicacao\/wp-json\/wp\/v2\/media?parent=83732"}],"wp:term":[{"taxonomy":"category","embeddable":true,"href":"https:\/\/bluestudio.estadao.com.br\/agencia-de-comunicacao\/wp-json\/wp\/v2\/categories?post=83732"},{"taxonomy":"post_tag","embeddable":true,"href":"https:\/\/bluestudio.estadao.com.br\/agencia-de-comunicacao\/wp-json\/wp\/v2\/tags?post=83732"}],"curies":[{"name":"wp","href":"https:\/\/api.w.org\/{rel}","templated":true}]}}