{"id":83703,"date":"2023-12-15T14:04:00","date_gmt":"2023-12-15T17:04:00","guid":{"rendered":"https:\/\/bluestudio.estadao.com.br\/agencia-de-comunicacao\/releases\/releases-geral\/franca-destina-200-milhoes-para-destruir-vinho-excedente\/"},"modified":"2023-12-15T14:04:00","modified_gmt":"2023-12-15T17:04:00","slug":"franca-destina-200-milhoes-para-destruir-vinho-excedente","status":"publish","type":"post","link":"https:\/\/bluestudio.estadao.com.br\/agencia-de-comunicacao\/releases\/releases-geral\/franca-destina-200-milhoes-para-destruir-vinho-excedente\/","title":{"rendered":"Fran\u00e7a destina ? 200 milh\u00f5es para destruir vinho excedente"},"content":{"rendered":"<p><b>DINO DIVULGADOR DE NOT\u00cdCIAS<\/b><\/p>\n<p>(<a target='_blank' href='http:\/\/www.dino.com.br' rel=\"noopener\">DINO<\/a> &#8211; 15 dez, 2023) &#8211;<br \/>\nA <a rel=\"follow noopener\" target='_blank' href='https:\/\/www.ecycle.com.br\/franca-gastara-200-milhoes-de-euros-para-destruir-vinhos-e-forcar-aumento-de-precos\/' data-mce-target='_blank'>Fran\u00e7a anunciou o aporte de 200 milh\u00f5es de euros para destruir excedente de vinho<\/a> e apoiar produtores no pa\u00eds. A medida visa combater a superprodu\u00e7\u00e3o e elevar os pre\u00e7os da bebida.<\/p>\n<p>O montante, que ultrapassa o valor de R$ 1 bilh\u00e3o na convers\u00e3o atual, ser\u00e1 usado para comprar o estoque excedente do produto, al\u00e9m de destinar o \u00e1lcool produzido para outros setores, como o de produtos de limpeza e perfumaria.<\/p>\n<p>A produ\u00e7\u00e3o de vinho na <a rel=\"follow noopener\" target='_blank' href='https:\/\/elitevinho.com.br\/regioes\/franca\/' data-mce-target='_blank'>Fran\u00e7a<\/a> atravessa uma crise devido \u00e0 queda de pre\u00e7os de venda da bebida, que est\u00e3o abaixo do valor investido na produ\u00e7\u00e3o. Fatores como infla\u00e7\u00e3o e mudan\u00e7a de h\u00e1bito de consumo da popula\u00e7\u00e3o tamb\u00e9m influenciam na piora da situa\u00e7\u00e3o.<\/p>\n<p>Segundo <a rel=\"follow noopener\" target='_blank' href='https:\/\/agriculture.ec.europa.eu\/news\/european-commission-adopts-market-measures-support-eu-wine-producers-2023-06-23_en' data-mce-target='_blank'>dados da Comiss\u00e3o Europeia<\/a>, o consumo de vinho na Fran\u00e7a teve queda de 15% no primeiro semestre de 2023. A diminui\u00e7\u00e3o na comercializa\u00e7\u00e3o da bebida tamb\u00e9m foi observada em outros pa\u00edses, como <a rel=\"follow noopener\" target='_blank' href='https:\/\/elitevinho.com.br\/regioes\/italia\/' data-mce-target='_blank'>It\u00e1lia<\/a> (7%), <a rel=\"follow noopener\" target='_blank' href='https:\/\/elitevinho.com.br\/regioes\/espanha\/' data-mce-target='_blank'>Espanha<\/a> (10%), <a rel=\"follow noopener\" target='_blank' href='https:\/\/elitevinho.com.br\/regioes\/alemanha\/' data-mce-target='_blank'>Alemanha<\/a> (22%) e <a rel=\"follow noopener\" target='_blank' href='https:\/\/elitevinho.com.br\/regioes\/portugal\/' data-mce-target='_blank'>Portugal<\/a> (34%).<\/p>\n<p>&#8216;A a\u00e7\u00e3o do governo franc\u00eas de reservar 200 milh\u00f5es de euros para destruir vinhos e impulsionar os pre\u00e7os \u00e9 uma resposta direta ao excesso de produ\u00e7\u00e3o e \u00e0 queda acentuada dos pre\u00e7os, que afetam financeiramente um em cada tr\u00eas produtores na regi\u00e3o de Bordeaux&#8217;, explica <a rel=\"follow noopener\" target='_blank' href='https:\/\/www.instagram.com\/brunnomagnavita' data-mce-target='_blank'>Brunno Magnavita<\/a>, fundador da Elite Vinho, empresa especializada na importa\u00e7\u00e3o e distribui\u00e7\u00e3o de vinhos.<\/p>\n<p>Magnavita explica que al\u00e9m da oferta e demanda, outros fatores influenciam na defini\u00e7\u00e3o dos pre\u00e7os atrelados aos vinhos, como a qualidade da <a rel=\"follow noopener\" target='_blank' href='https:\/\/elitevinho.com.br\/uvas\/' data-mce-target='_blank'>uva<\/a>, o terroir (conjunto de caracter\u00edsticas geogr\u00e1ficas, geol\u00f3gicas e clim\u00e1ticas que influenciam a videira), o processo de vinifica\u00e7\u00e3o, o envelhecimento e armazenamento, e a reputa\u00e7\u00e3o da vin\u00edcola ou regi\u00e3o.&nbsp;<\/p>\n<p>&#8216;Em alguns casos, a raridade de um vinho, seja pela idade ou por ser de uma produ\u00e7\u00e3o limitada, pode elevar significativamente seu valor&#8217;, diz Magnavita, sobre vinhos de safras excepcionais, produzidos em regi\u00f5es renomadas ou por vin\u00edcolas de prest\u00edgio.<\/p>\n<p>Apesar da queda do consumo em alguns pa\u00edses europeus, o mercado global de <a rel=\"follow noopener\" target='_blank' href='https:\/\/elitevinho.com.br' data-mce-target='_blank'>vinhos<\/a> vive expectativa de crescimento. De acordo com o <a rel=\"follow noopener\" target='_blank' href='https:\/\/www.mordorintelligence.com\/pt\/industry-reports\/wine-market' data-mce-target='_blank'>relat\u00f3rio da Mordor Intelligence<\/a>, o setor deve registrar uma taxa de crescimento anual de 4% at\u00e9 2028.<\/p>\n<p>No Brasil, o consumo de vinhos aumentou consideravelmente nos \u00faltimos anos. A expectativa \u00e9 que o consumo de vinho no pa\u00eds dobre at\u00e9 2026, passando dos 40 milh\u00f5es de litros, segundo <a rel=\"follow noopener\" target='_blank' href='https:\/\/exame.com\/casual\/apesar-da-ressaca-no-mercado-de-vinhos-o-interesse-por-novidades-traz-oportunidades-para-o-setor\/' data-mce-target='_blank'>dados de pesquisa da Euromonitor International<\/a>.<\/p>\n<p><strong>Produ\u00e7\u00e3o mais sustent\u00e1vel<\/strong><\/p>\n<p>Para Magnavita, a estrat\u00e9gia adotada pela Fran\u00e7a aborda uma quest\u00e3o econ\u00f4mica imediata, mas ignora considera\u00e7\u00f5es mais amplas sobre sustentabilidade e \u00e9tica. O executivo classifica a a\u00e7\u00e3o do governo franc\u00eas para impulsionar o mercado de vinhos no pa\u00eds como contr\u00e1ria a preocupa\u00e7\u00f5es globais, como o combate ao desperd\u00edcio de alimentos e a luta contra o desgaste de recursos naturais, usados na produ\u00e7\u00e3o da bebida.<\/p>\n<p>&#8216;Destruir vinhos n\u00e3o vendidos n\u00e3o s\u00f3 vai contra os princ\u00edpios de combate ao desperd\u00edcio de alimentos e recursos naturais, mas tamb\u00e9m contradiz os esfor\u00e7os globais de <a rel=\"follow noopener\" target='_blank' href='https:\/\/elitevinho.com.br\/blog\/vinificacao-sustentavel-descubra-o-mundo-dos-vinhos-biodinamicos\/' data-mce-target='_blank'>sustentabilidade e responsabilidade ambiental<\/a>&#8216;, afirma Magnavita.<\/p>\n<p>O sommelier aponta a urg\u00eancia em a\u00e7\u00f5es mais sustent\u00e1veis, como pr\u00e1ticas de vinifica\u00e7\u00e3o ecologicamente corretas, diversifica\u00e7\u00e3o de produtos, explora\u00e7\u00e3o de novos mercados internacionais, doa\u00e7\u00f5es para caridade, controle de produ\u00e7\u00e3o e incentivo \u00e0 produ\u00e7\u00e3o sustent\u00e1vel.<\/p>\n<p>&#8216;A ado\u00e7\u00e3o de m\u00e9todos inovadores e respons\u00e1veis de produ\u00e7\u00e3o e distribui\u00e7\u00e3o, que levem em conta tanto a viabilidade econ\u00f4mica quanto o impacto ambiental e social, pode abrir caminho para um futuro mais sustent\u00e1vel e \u00e9tico na viticultura&#8217;, aponta Magnavita.<\/p>\n<p>Para saber mais, basta acessar: <a rel=\"follow noopener\" target='_blank' href='https:\/\/elitevinho.com.br\/' data-mce-target='_blank'>https:\/\/elitevinho.com.br\/<\/a><\/p>\n<p>A <b>OESP<\/b> n\u00e3o \u00e9(s\u00e3o) respons\u00e1vel(is) por erros, incorre\u00e7\u00f5es, atrasos ou quaisquer decis\u00f5es tomadas por seus clientes com base nos Conte\u00fados ora disponibilizados, bem como tais Conte\u00fados n\u00e3o representam a opini\u00e3o da <b>OESP<\/b> e s\u00e3o de inteira responsabilidade da <b>Dino Divulgador de Noticias Online Ltda<\/b><\/p>\n","protected":false},"excerpt":{"rendered":"DINO DIVULGADOR DE NOT\u00cdCIAS (DINO &#8211; 15 dez, 2023) &#8211; A Fran\u00e7a anunciou o aporte de 200 milh\u00f5es de euros para destruir excedente de vinho e apoiar produtores no pa\u00eds. A medida visa","protected":false},"author":1,"featured_media":0,"comment_status":"open","ping_status":"closed","sticky":false,"template":"","format":"standard","meta":{"_acf_changed":false,"inline_featured_image":false,"_monsterinsights_skip_tracking":false,"_monsterinsights_sitenote_active":false,"_monsterinsights_sitenote_note":"","_monsterinsights_sitenote_category":0,"footnotes":""},"categories":[34],"tags":[],"class_list":["post-83703","post","type-post","status-publish","format-standard","hentry","category-releases-geral"],"acf":[],"_links":{"self":[{"href":"https:\/\/bluestudio.estadao.com.br\/agencia-de-comunicacao\/wp-json\/wp\/v2\/posts\/83703","targetHints":{"allow":["GET"]}}],"collection":[{"href":"https:\/\/bluestudio.estadao.com.br\/agencia-de-comunicacao\/wp-json\/wp\/v2\/posts"}],"about":[{"href":"https:\/\/bluestudio.estadao.com.br\/agencia-de-comunicacao\/wp-json\/wp\/v2\/types\/post"}],"author":[{"embeddable":true,"href":"https:\/\/bluestudio.estadao.com.br\/agencia-de-comunicacao\/wp-json\/wp\/v2\/users\/1"}],"replies":[{"embeddable":true,"href":"https:\/\/bluestudio.estadao.com.br\/agencia-de-comunicacao\/wp-json\/wp\/v2\/comments?post=83703"}],"version-history":[{"count":0,"href":"https:\/\/bluestudio.estadao.com.br\/agencia-de-comunicacao\/wp-json\/wp\/v2\/posts\/83703\/revisions"}],"wp:attachment":[{"href":"https:\/\/bluestudio.estadao.com.br\/agencia-de-comunicacao\/wp-json\/wp\/v2\/media?parent=83703"}],"wp:term":[{"taxonomy":"category","embeddable":true,"href":"https:\/\/bluestudio.estadao.com.br\/agencia-de-comunicacao\/wp-json\/wp\/v2\/categories?post=83703"},{"taxonomy":"post_tag","embeddable":true,"href":"https:\/\/bluestudio.estadao.com.br\/agencia-de-comunicacao\/wp-json\/wp\/v2\/tags?post=83703"}],"curies":[{"name":"wp","href":"https:\/\/api.w.org\/{rel}","templated":true}]}}