{"id":83642,"date":"2023-12-15T12:17:00","date_gmt":"2023-12-15T15:17:00","guid":{"rendered":"https:\/\/bluestudio.estadao.com.br\/agencia-de-comunicacao\/releases\/releases-geral\/pizza-supreme-e-ifood-realizam-acao-solidaria-em-salvador\/"},"modified":"2023-12-15T12:17:00","modified_gmt":"2023-12-15T15:17:00","slug":"pizza-supreme-e-ifood-realizam-acao-solidaria-em-salvador","status":"publish","type":"post","link":"https:\/\/bluestudio.estadao.com.br\/agencia-de-comunicacao\/releases\/releases-geral\/pizza-supreme-e-ifood-realizam-acao-solidaria-em-salvador\/","title":{"rendered":"Pizza Supreme e iFood realizam a\u00e7\u00e3o solid\u00e1ria em Salvador"},"content":{"rendered":"<p><b>DINO DIVULGADOR DE NOT\u00cdCIAS<\/b><\/p>\n<p>Salvador&#8211;(<a target='_blank' href='http:\/\/www.dino.com.br' rel=\"noopener\">DINO<\/a> &#8211; 15 dez, 2023) &#8211; <\/p>\n<div class='intercom-block-paragraph e16pl8n50 intercom-agryib'>Enquanto o Brasil ganha preparativos natalinos neste dezembro de 2023, <a rel=\"follow noopener\" target='_blank'>https:\/\/www.mpba.mp.br\/noticia\/36275<\/a>&#8216; target=&#8217;_blank&#8217; rel=&#8217;follow&#8217;&gt;a prefeitura de Salvador apontou que mais de 17 mil pessoas est&atilde;o em situa&ccedil;&atilde;o de rua na capital baiana.&nbsp;<\/a>Estes n&uacute;meros destacam a necessidade de medidas para tentar frear estas diferen&ccedil;as sociais. Com este problema em pauta,&nbsp;<a rel=\"follow noopener\" target='_blank'>https:\/\/comunicacao.salvador.ba.gov.br\/prefeitura-publicara-censo-de-populacao-de-rua-de-salvador-e-abrira-10-unidades-para-acolher-dependentes-quimicos\/<\/a>&#8216; target=&#8217;_blank&#8217; rel=&#8217;follow&#8217;&gt;a prefeitura da cidade anunciou dez novas unidades de acolhimento e tratamento at&eacute; o final deste ano.<\/a><\/div>\n<p><\/p>\n<div class='intercom-block-paragraph e16pl8n50 intercom-agryib'>&nbsp;<\/div>\n<p><\/p>\n<div class='intercom-block-paragraph e16pl8n50 intercom-agryib'>Com o objetivo de tentar combater parte desta desigualdade, a Pizza Supreme (@pizzasupreme.ssa) em a&ccedil;&atilde;o colaborativa com o iFood (@ifoodbrasil) busca trazer &agrave; tona a conscientiza&ccedil;&atilde;o sobre realidades sociais atuando entre as regi&otilde;es do Rio Vermelho e o Porto da Barra, em Salvador.<\/div>\n<p><\/p>\n<div class='intercom-block-paragraph e16pl8n50 intercom-agryib'>&nbsp;<\/div>\n<p><\/p>\n<div class='intercom-block-paragraph e16pl8n50 intercom-agryib'>A a&ccedil;&atilde;o conjunta entre as marcas busca diminuir o cen&aacute;rio de pobreza que afeta a Bahia, como evidenciado pela <a rel=\"follow noopener\" target='_blank'>https:\/\/www.unicef.org\/brazil\/relatorios\/as-multiplas-dimensoes-da-pobreza-na-infancia-e-na-adolescencia-no-brasil<\/a>&#8216; target=&#8217;_blank&#8217; rel=&#8217;follow&#8217;&gt;pesquisa As M&uacute;ltiplas Dimens&otilde;es da Pobreza na Inf&acirc;ncia e na Adolesc&ecirc;ncia no Brasil, realizada pelo UNICEF<\/a> com o apoio da Funda&ccedil;&atilde;o Vale. Segundo o estudo, 77 em cada 100 crian&ccedil;as e adolescentes vivem nessa condi&ccedil;&atilde;o, abrangendo diferentes aspectos como renda, educa&ccedil;&atilde;o, trabalho infantil, moradia, &aacute;gua, saneamento e informa&ccedil;&atilde;o.<\/div>\n<p><\/p>\n<div class='intercom-block-paragraph e16pl8n50 intercom-agryib'>&nbsp;<\/div>\n<p><\/p>\n<div class='intercom-block-paragraph e16pl8n50 intercom-agryib'>&ldquo;Esses dados ressaltam a import&acirc;ncia n&atilde;o apenas de iniciativas festivas como essa, mas tamb&eacute;m da necessidade de medidas mais amplas e estruturais para lidar com as quest&otilde;es sociais que afetam diversos setores da comunidade&rdquo;, exclama Jonatan. &ldquo;Esperamos que esta a&ccedil;&atilde;o conjunta da Pizza Supreme com o iFood seja um exemplo de como empresas podem se envolver na conscientiza&ccedil;&atilde;o e na promo&ccedil;&atilde;o do bem-estar social&rdquo;, conclui o CEO da Supreme, abordando a import&acirc;ncia dos momentos de alegria enquanto se destaca a necessidade de aten&ccedil;&atilde;o e a&ccedil;&atilde;o em quest&otilde;es cruciais da sociedade.<\/div>\n<p><\/p>\n<div class='intercom-block-paragraph e16pl8n50 intercom-agryib'>&nbsp;<\/div>\n<p><\/p>\n<div class='intercom-block-paragraph e16pl8n50 intercom-agryib'><strong>Percurso da a&ccedil;&atilde;o<\/strong><\/div>\n<p><\/p>\n<div class='intercom-block-paragraph e16pl8n50 intercom-agryib'>&nbsp;<\/div>\n<p><\/p>\n<div class='intercom-block-paragraph e16pl8n50 intercom-agryib'>Os entregadores da marca v&atilde;o sair com suas bags iluminadas com LEDs nesta sexta-feira, dia 15 de dezembro, das 18h &agrave;s 21h, para proporcionar o sabor caracter&iacute;stico das pizzas da Pizza Supreme aos moradores de rua e frequentadores dos locais ao longo do percurso. A inten&ccedil;&atilde;o &eacute; distribuir as pizzas gratuitamente, indo al&eacute;m da oferta gastron&ocirc;mica e contribuindo para o clima de uni&atilde;o nas celebra&ccedil;&otilde;es de fim de ano.<\/p>\n<\/div>\n<p><\/p>\n<div class='intercom-block-paragraph e16pl8n50 intercom-agryib'>Al&eacute;m disso, um carro especial com a presen&ccedil;a do Papai Noel tamb&eacute;m estar&aacute; presente, distribuindo brinquedos para as crian&ccedil;as ao longo do trajeto. &ldquo;Queremos levar mais alegria para quem precisa, transformando o Natal em algo mais solid&aacute;rio e mostrando como a Pizza Supreme busca n&atilde;o apenas inovar nos sabores, mas tamb&eacute;m no suporte e na colabora&ccedil;&atilde;o&rdquo;, conta Jonatan Alencar, fundador da marca.<\/div>\n<p><\/p>\n<div class='intercom-block-paragraph e16pl8n50 intercom-agryib'>&nbsp;<\/div>\n<p><\/p>\n<div class='intercom-block-paragraph e16pl8n50 intercom-agryib'><strong>Mais a&ccedil;&otilde;es do iFood<\/strong><\/div>\n<p><\/p>\n<div class='intercom-block-paragraph e16pl8n50 intercom-agryib'>&nbsp;<\/div>\n<p><\/p>\n<div class='intercom-block-paragraph e16pl8n50 intercom-agryib'>O compromisso do iFood com a inclus&atilde;o e o apoio &agrave;s comunidades se reflete n&atilde;o apenas nesta a&ccedil;&atilde;o solid&aacute;ria em parceria com a Pizza Supreme, mas tamb&eacute;m atrav&eacute;s de iniciativas como o iFood Acredita. O programa, liderado por Luana Ozemela, vice-presidente de impacto do iFood e vencedora na categoria Lideran&ccedil;a do Pr&ecirc;mio Sim &agrave; Igualdade Racial, capacita empreendedores negros, come&ccedil;ando por Salvador, na Bahia. O foco &eacute; em desenvolver habilidades empreendedoras e oferecer oportunidades de crescimento para os neg&oacute;cios locais.<\/div>\n<p><\/p>\n<div class='intercom-block-paragraph e16pl8n50 intercom-agryib'>&nbsp;<\/div>\n<p><\/p>\n<div class='intercom-block-paragraph e16pl8n50 intercom-agryib'>Ap&oacute;s sua implementa&ccedil;&atilde;o inicial na capital baiana, a iniciativa deve estender o suporte para outras cidades do pa&iacute;s.<\/div>\n<p><\/p>\n<div class='intercom-block-paragraph e16pl8n50 intercom-agryib'>&nbsp;<\/div>\n<p><\/p>\n<div class='intercom-block-paragraph e16pl8n50 intercom-agryib'>Para saber mais, basta acessar: <a rel=\"follow noopener\" target='_blank'>https:\/\/www.instagram.com\/pizzasupreme.ssa<\/a>&#8216; target=&#8217;_blank&#8217; rel=&#8217;follow&#8217;&gt;<a target='_blank' href='https:\/\/www.instagram.com\/pizzasupreme.ssa' rel=\"follow noopener\">https:\/\/www.instagram.com\/pizzasupreme.ssa<\/a><\/a><\/div>\n<p>Website: <a target='_blank' href='https:\/\/www.instagram.com\/pizzasupreme.ssa' rel=\"follow noopener\">https:\/\/www.instagram.com\/pizzasupreme.ssa<\/a><img src='https:\/\/api.dino.com.br\/v2\/news\/tr\/299573' alt='' style='border:0px;width:1px;height:1px' \/><br \/>\nA <b>OESP<\/b> n\u00e3o \u00e9(s\u00e3o) respons\u00e1vel(is) por erros, incorre\u00e7\u00f5es, atrasos ou quaisquer decis\u00f5es tomadas por seus clientes com base nos Conte\u00fados ora disponibilizados, bem como tais Conte\u00fados n\u00e3o representam a opini\u00e3o da <b>OESP<\/b> e s\u00e3o de inteira responsabilidade da <b>Dino Divulgador de Noticias Online Ltda<\/b><\/p>\n","protected":false},"excerpt":{"rendered":"DINO DIVULGADOR DE NOT\u00cdCIAS Salvador&#8211;(DINO &#8211; 15 dez, 2023) &#8211; Enquanto o Brasil ganha preparativos natalinos neste dezembro de 2023, https:\/\/www.mpba.mp.br\/noticia\/36275&#8216;","protected":false},"author":1,"featured_media":0,"comment_status":"open","ping_status":"closed","sticky":false,"template":"","format":"standard","meta":{"_acf_changed":false,"inline_featured_image":false,"_monsterinsights_skip_tracking":false,"_monsterinsights_sitenote_active":false,"_monsterinsights_sitenote_note":"","_monsterinsights_sitenote_category":0,"footnotes":""},"categories":[34],"tags":[],"class_list":["post-83642","post","type-post","status-publish","format-standard","hentry","category-releases-geral"],"acf":[],"_links":{"self":[{"href":"https:\/\/bluestudio.estadao.com.br\/agencia-de-comunicacao\/wp-json\/wp\/v2\/posts\/83642","targetHints":{"allow":["GET"]}}],"collection":[{"href":"https:\/\/bluestudio.estadao.com.br\/agencia-de-comunicacao\/wp-json\/wp\/v2\/posts"}],"about":[{"href":"https:\/\/bluestudio.estadao.com.br\/agencia-de-comunicacao\/wp-json\/wp\/v2\/types\/post"}],"author":[{"embeddable":true,"href":"https:\/\/bluestudio.estadao.com.br\/agencia-de-comunicacao\/wp-json\/wp\/v2\/users\/1"}],"replies":[{"embeddable":true,"href":"https:\/\/bluestudio.estadao.com.br\/agencia-de-comunicacao\/wp-json\/wp\/v2\/comments?post=83642"}],"version-history":[{"count":0,"href":"https:\/\/bluestudio.estadao.com.br\/agencia-de-comunicacao\/wp-json\/wp\/v2\/posts\/83642\/revisions"}],"wp:attachment":[{"href":"https:\/\/bluestudio.estadao.com.br\/agencia-de-comunicacao\/wp-json\/wp\/v2\/media?parent=83642"}],"wp:term":[{"taxonomy":"category","embeddable":true,"href":"https:\/\/bluestudio.estadao.com.br\/agencia-de-comunicacao\/wp-json\/wp\/v2\/categories?post=83642"},{"taxonomy":"post_tag","embeddable":true,"href":"https:\/\/bluestudio.estadao.com.br\/agencia-de-comunicacao\/wp-json\/wp\/v2\/tags?post=83642"}],"curies":[{"name":"wp","href":"https:\/\/api.w.org\/{rel}","templated":true}]}}