{"id":83628,"date":"2023-12-15T11:17:00","date_gmt":"2023-12-15T14:17:00","guid":{"rendered":"https:\/\/bluestudio.estadao.com.br\/agencia-de-comunicacao\/releases\/releases-geral\/faculdade-de-medicina-lanca-2a-edicao-do-almanaque-da-saude\/"},"modified":"2023-12-15T11:17:00","modified_gmt":"2023-12-15T14:17:00","slug":"faculdade-de-medicina-lanca-2a-edicao-do-almanaque-da-saude","status":"publish","type":"post","link":"https:\/\/bluestudio.estadao.com.br\/agencia-de-comunicacao\/releases\/releases-geral\/faculdade-de-medicina-lanca-2a-edicao-do-almanaque-da-saude\/","title":{"rendered":"Faculdade de medicina lan\u00e7a 2\u00aa edi\u00e7\u00e3o do Almanaque da Sa\u00fade"},"content":{"rendered":"<p><b>DINO DIVULGADOR DE NOT\u00cdCIAS<\/b><\/p>\n<p>S\u00e3o Jos\u00e9 do Rio Preto &#8211; SP&#8211;(<a target='_blank' href='http:\/\/www.dino.com.br' rel=\"noopener\">DINO<\/a> &#8211; 15 dez, 2023) &#8211;<br \/>\nA faculdade de medicina <a rel=\"follow noopener\" target='_blank' href='https:\/\/faceres.com.br\/'>FACERES <\/a>encerra o ano de 2023 resgatando uma mem&oacute;ria afetiva por meio da leitura com foco em orienta&ccedil;&otilde;es de sa&uacute;de. A institui&ccedil;&atilde;o lan&ccedil;a a segunda edi&ccedil;&atilde;o do Almanaque da Sa&uacute;de, obra que concretiza a integra&ccedil;&atilde;o ensino-pesquisa-extens&atilde;o. A produ&ccedil;&atilde;o &eacute; organizada pelas Ligas Acad&ecirc;micas em conjunto com o setor de pesquisa do curso de medicina.<\/p>\n<p>O Almanaque da Sa&uacute;de da FACERES &eacute; inspirado nos tradicionais almanaques de farm&aacute;cia que traziam informa&ccedil;&otilde;es de forma l&uacute;dica e criativa para a popula&ccedil;&atilde;o em geral.<\/p>\n<p>No Brasil, o pioneiro na reda&ccedil;&atilde;o de almanaques foi Monteiro Lobato, atrav&eacute;s do personagem Jeca Tatu, retratado como um matuto com lombriga e anemia que necessitava do complemento ferroso. Esse contexto deu origem ao mais famoso de todos, o Almanaque Fontoura, usado como meio publicit&aacute;rio para divulgar o Biot&ocirc;nico Fontoura, criado pelo farmac&ecirc;utico brasileiro C&acirc;ndido Fontoura.<\/p>\n<p>Distribu&iacute;do como brinde de fim de ano pelas farm&aacute;cias em todo o pa&iacute;s, o almanaque tornou-se ic&ocirc;nico. Outros produtos medicinais, como Sadol, Elixir Nogueira, Emuls&atilde;o Scott e o t&ocirc;nico Capivarol, tamb&eacute;m adotaram essa estrat&eacute;gia para promo&ccedil;&atilde;o.<\/p>\n<p>A FACERES resgata essa antiga tradi&ccedil;&atilde;o brasileira que remete &agrave; mem&oacute;ria daqueles que vivenciaram ou conheceram o peri&oacute;dico.<\/p>\n<p>&#8216;A concep&ccedil;&atilde;o do Almanaque da Sa&uacute;de surgiu durante as discuss&otilde;es sobre diferentes formas de orienta&ccedil;&atilde;o em sa&uacute;de para a popula&ccedil;&atilde;o, com a cria&ccedil;&atilde;o de um material em linguagem acess&iacute;vel, seguindo os padr&otilde;es existentes h&aacute; mais de um s&eacute;culo&#8217;, declara o diretor da faculdade, Dr. Toufic Anbar Neto.<\/p>\n<p>Talita Valentino, coordenadora de pesquisa da FACERES, diz que o Almanaque pode capacitar as pessoas a tomar decis&otilde;es informadas sobre sua sa&uacute;de e a adotar h&aacute;bitos de vida saud&aacute;veis, pois oferece orienta&ccedil;&otilde;es baseadas em evid&ecirc;ncias, e torna-se um recurso confi&aacute;vel para a comunidade local de forma educativa e l&uacute;dica. &ldquo;O Almanaque da Sa&uacute;de pode ser considerado uma publica&ccedil;&atilde;o que reflete o compromisso da institui&ccedil;&atilde;o de ensino superior com o conhecimento e a sa&uacute;de da comunidade, ou seja, educa&ccedil;&atilde;o em sa&uacute;de e a responsabilidade social&rdquo;, explica Talita.<\/p>\n<p>Nessa edi&ccedil;&atilde;o, a confec&ccedil;&atilde;o do peri&oacute;dico foi dividida em discuss&otilde;es sobre os temas de sa&uacute;de, com foco para o uso orientado de plantas medicinais, produ&ccedil;&atilde;o do conte&uacute;do voltado &agrave; preven&ccedil;&atilde;o e &agrave; promo&ccedil;&atilde;o da sa&uacute;de, adequa&ccedil;&atilde;o ao formato de Almanaque e edi&ccedil;&atilde;o.<\/p>\n<p>Para a aluna da turma 19, Giulia Aparecida Regiani, participar da confec&ccedil;&atilde;o do peri&oacute;dico foi uma experi&ecirc;ncia extraordin&aacute;ria.&nbsp; &ldquo;Fazer parte da produ&ccedil;&atilde;o de conte&uacute;do do Almanaque foi incr&iacute;vel, pois, atrav&eacute;s dele, podemos ajudar as pessoas da nossa comunidade a entender mais sobre sua sa&uacute;de, de uma forma descontra&iacute;da e divertida.&rdquo;<\/p>\n<p>&ldquo;Participar da elabora&ccedil;&atilde;o da segunda edi&ccedil;&atilde;o do Almanaque da Sa&uacute;de &eacute; uma oportunidade de trabalhar uma grande variedade de habilidades importantes para nossa forma&ccedil;&atilde;o profissional e de proporcionar conhecimento cient&iacute;fico acess&iacute;vel e divertido para a popula&ccedil;&atilde;o&rdquo;, conclui Carolina De Marqui, acad&ecirc;mica da Turma 20.<\/p>\n<p>O Almanaque da Sa&uacute;de da FACERES foi produzido por alunos e professores do curso de medicina da FACERES. Ser&aacute; distribu&iacute;do gratuitamente para a popula&ccedil;&atilde;o de S&atilde;o Jos&eacute; do Rio Preto e estar&aacute; dispon&iacute;vel, a partir de janeiro, na unidade de sa&uacute;de anexa ao Santo Ant&ocirc;nio e em outros locais com grande fluxo de pessoas.<\/p>\n<p>Website: <a target='_blank' href='https:\/\/faceres.com.br\/' rel=\"follow noopener\">https:\/\/faceres.com.br\/<\/a><img src='https:\/\/api.dino.com.br\/v2\/news\/tr\/290877' alt='' style='border:0px;width:1px;height:1px' \/><br \/>\nA <b>OESP<\/b> n\u00e3o \u00e9(s\u00e3o) respons\u00e1vel(is) por erros, incorre\u00e7\u00f5es, atrasos ou quaisquer decis\u00f5es tomadas por seus clientes com base nos Conte\u00fados ora disponibilizados, bem como tais Conte\u00fados n\u00e3o representam a opini\u00e3o da <b>OESP<\/b> e s\u00e3o de inteira responsabilidade da <b>Dino Divulgador de Noticias Online Ltda<\/b><\/p>\n","protected":false},"excerpt":{"rendered":"DINO DIVULGADOR DE NOT\u00cdCIAS S\u00e3o Jos\u00e9 do Rio Preto &#8211; SP&#8211;(DINO &#8211; 15 dez, 2023) &#8211; A faculdade de medicina FACERES encerra o ano de 2023 resgatando uma mem&oacute;ria afetiva","protected":false},"author":1,"featured_media":0,"comment_status":"open","ping_status":"closed","sticky":false,"template":"","format":"standard","meta":{"_acf_changed":false,"inline_featured_image":false,"_monsterinsights_skip_tracking":false,"_monsterinsights_sitenote_active":false,"_monsterinsights_sitenote_note":"","_monsterinsights_sitenote_category":0,"footnotes":""},"categories":[34],"tags":[],"class_list":["post-83628","post","type-post","status-publish","format-standard","hentry","category-releases-geral"],"acf":[],"_links":{"self":[{"href":"https:\/\/bluestudio.estadao.com.br\/agencia-de-comunicacao\/wp-json\/wp\/v2\/posts\/83628","targetHints":{"allow":["GET"]}}],"collection":[{"href":"https:\/\/bluestudio.estadao.com.br\/agencia-de-comunicacao\/wp-json\/wp\/v2\/posts"}],"about":[{"href":"https:\/\/bluestudio.estadao.com.br\/agencia-de-comunicacao\/wp-json\/wp\/v2\/types\/post"}],"author":[{"embeddable":true,"href":"https:\/\/bluestudio.estadao.com.br\/agencia-de-comunicacao\/wp-json\/wp\/v2\/users\/1"}],"replies":[{"embeddable":true,"href":"https:\/\/bluestudio.estadao.com.br\/agencia-de-comunicacao\/wp-json\/wp\/v2\/comments?post=83628"}],"version-history":[{"count":0,"href":"https:\/\/bluestudio.estadao.com.br\/agencia-de-comunicacao\/wp-json\/wp\/v2\/posts\/83628\/revisions"}],"wp:attachment":[{"href":"https:\/\/bluestudio.estadao.com.br\/agencia-de-comunicacao\/wp-json\/wp\/v2\/media?parent=83628"}],"wp:term":[{"taxonomy":"category","embeddable":true,"href":"https:\/\/bluestudio.estadao.com.br\/agencia-de-comunicacao\/wp-json\/wp\/v2\/categories?post=83628"},{"taxonomy":"post_tag","embeddable":true,"href":"https:\/\/bluestudio.estadao.com.br\/agencia-de-comunicacao\/wp-json\/wp\/v2\/tags?post=83628"}],"curies":[{"name":"wp","href":"https:\/\/api.w.org\/{rel}","templated":true}]}}