{"id":83456,"date":"2023-12-14T11:13:00","date_gmt":"2023-12-14T14:13:00","guid":{"rendered":"https:\/\/bluestudio.estadao.com.br\/agencia-de-comunicacao\/prnewswire\/prnewseconomia\/planejamento-e-metas-devem-ser-prioridades-das-empresas-menos-de-10-das-companhias-fazem-isso-no-brasil-3\/"},"modified":"2023-12-14T11:13:00","modified_gmt":"2023-12-14T14:13:00","slug":"planejamento-e-metas-devem-ser-prioridades-das-empresas-menos-de-10-das-companhias-fazem-isso-no-brasil-3","status":"publish","type":"post","link":"https:\/\/bluestudio.estadao.com.br\/agencia-de-comunicacao\/prnewswire\/prnewseconomia\/planejamento-e-metas-devem-ser-prioridades-das-empresas-menos-de-10-das-companhias-fazem-isso-no-brasil-3\/","title":{"rendered":"Planejamento e metas devem ser prioridades das empresas; menos de 10% das companhias fazem isso no Brasil"},"content":{"rendered":"<p><b>PR NEWSWIRE<\/b><\/p>\n<div class=\"xn-content\">\n<b>Diretor da AG Antecipa d\u00e1 dicas e fala da import\u00e2ncia do planejamento para o crescimento dos neg\u00f3cios em 2024<\/b><\/p>\n<p><span class=\"legendSpanClass\"><span class=\"xn-location\">SAO PAULO<\/span><\/span>, <span class=\"legendSpanClass\">14 de dezembro de 2023<\/span> \/PRNewswire\/ &#8212; Com um quadro ainda inst\u00e1vel para 2024, em decorr\u00eancia da economia mundial &#8211; infla\u00e7\u00e3o, taxas de juros e guerras &#8211; e at\u00e9 nacional &#8211; aprova\u00e7\u00e3o da reforma tribut\u00e1ria e seus impactos na carga tribut\u00e1ria -, o per\u00edodo entre o final de ano e in\u00edcio do ano seguinte \u00e9 o momento prop\u00edcio para empres\u00e1rios se preocuparem com o planejamento estrat\u00e9gico de seus neg\u00f3cios para 2024. Embora seja uma necessidade, poucas empresas no Brasil se atentam para isso. Uma pesquisa realizada pela consultoria de gest\u00e3o empresarial Falconi indica que somente 10% das companhias brasileiras de m\u00e9dio porte (com faturamento anual entre <span class=\"xn-money\">R$ 4,8<\/span> milh\u00f5es e <span class=\"xn-money\">R$ 300<\/span> milh\u00f5es) se dedicam a produzi-lo.<\/p>\n<div class=\"PRN_ImbeddedAssetReference\" id=\"DivAssetPlaceHolder1\">\n<a href=\"https:\/\/mma.prnewswire.com\/media\/2301188\/Ag_Antecipa_foto.html\" target=\"_blank\" rel=\"nofollow noopener\">  <img decoding=\"async\" src=\"https:\/\/mma.prnewswire.com\/media\/2301188\/Ag_Antecipa_foto.jpg\" title=\"Planejamento ajuda as empresas nas metas e resultados de crescimento\" alt=\"Planejamento ajuda as empresas nas metas e resultados de crescimento\" \/><\/a>\n <\/p>\n<\/p><\/div>\n<p>Planejar o futuro \u00e9 fundamental n\u00e3o somente para a sa\u00fade financeira da empresa, mas para a expans\u00e3o e crescimento saud\u00e1vel dos neg\u00f3cios a m\u00e9dio e longo prazo, sempre alinhada com uma vis\u00e3o de futuro, metas, estrat\u00e9gias, aloca\u00e7\u00e3o de recursos, dentre outros pilares.<\/p>\n<p>&#8220;Essa \u00e9poca do ano, mesmo com o tempo apertado, a correria para o fechamento das metas e a preocupa\u00e7\u00e3o com a gera\u00e7\u00e3o de caixa para saldar os compromissos, \u00e9 fundamental, independentemente do porte, que os empres\u00e1rios dediquem um tempo para o planejamento estrat\u00e9gico e as metas de sua empresa para 2024&#8221;, explica o diretor da AG Antecipa, Leonardo Guimar\u00e3es. &#8220;Tra\u00e7ar os objetivos da companhia e as a\u00e7\u00f5es necess\u00e1rias para atingir metas e resultados \u00e9 um ponto chave para garantir a sustentabilidade e a expans\u00e3o dos neg\u00f3cios&#8221;, lembra.<\/p>\n<p>Como analogia, Leonardo Guimar\u00e3es cita um exemplo do cotidiano: &#8220;voc\u00ea liga o carro, sai e descobre j\u00e1 no meio do caminho que n\u00e3o sabe para onde est\u00e1 indo. Qual a chance de chegar onde n\u00e3o sabe onde estar indo? Isso acontece com a grande maioria das empresas e empreendedores, ao deixar de lado o planejamento e a defini\u00e7\u00e3o de metas&#8221;, alerta. &#8220;A ideia do planejamento e das metas \u00e9 conseguir mensurar um plano em que todos estejam enxergando &#8211; o pr\u00f3prio empres\u00e1rio e seus colaboradores &#8211; de forma mensur\u00e1vel e alcan\u00e7\u00e1vel para onde a empresa quer chegar ao final de 2024 e nos anos seguintes.&#8221;<\/p>\n<p>Para as micro e pequenas empresas, planejar e estabelecer metas \u00e9 algo sempre mais dif\u00edcil pela falta de dados e n\u00fameros para embasamento e compara\u00e7\u00f5es. &#8220;Por isso \u00e9 importante fazer um fechamento do ano atual, que sirva como base para o planejamento e a defini\u00e7\u00e3o de metas para 2024&#8221;, ensina o diretor da AG Antecipa. &#8220;O empres\u00e1rio ou gestor pode estabelecer metas mensais, trimestrais e anuais, contendo or\u00e7amento, despesas e investimentos claros e realistas, que sirvam como b\u00fassola para toda a equipe e n\u00e3o como algo desmotivacional, em caso de metas fora da realidade. &#8220;<\/p>\n<p>Uma dica que Leonardo Guimar\u00e3es sugere para estabelecer as metas dentro do planejamento, \u00e9 a utiliza\u00e7\u00e3o dos Objetivos SMART:<\/p>\n<p>S &#8211; Ter uma meta espec\u00edfica. Clareza na hora de olhar para ela, do que se trata e de como ating\u00ed-la; <br \/>M &#8211; Mensur\u00e1veis. Tangibilizar as metas, olhar resultados; <br \/>A &#8211; Resultado ating\u00edvel e n\u00e3o metas inating\u00edveis, fora da realidade, para pelo menos chegar pr\u00f3xima. Recomendo fazer com metas alcan\u00e7\u00e1veis, para n\u00e3o desmotivar a equipe; <br \/>R &#8211; Significa ter metas realista, p\u00e9 no ch\u00e3o; <br \/>T &#8211; <span class=\"xn-person\">Fala de<\/span> tempo: quanto tempo vai lavar para atingir a meta.<\/p>\n<p>&#8220;Ao ignorar o tema do planejamento, essencial em tempos complexos como os atuais, nos arriscamos e passamos a estar menos preparados para enfrentar a concorr\u00eancia&#8221;, conclui Leonardo Guimar\u00e3es.<\/p>\n<p>Foto &#8211; <a href=\"https:\/\/mma.prnewswire.com\/media\/2301188\/Ag_Antecipa_foto.jpg\" target=\"_blank\" rel=\"nofollow noopener\">https:\/\/mma.prnewswire.com\/media\/2301188\/Ag_Antecipa_foto.jpg<\/a><\/p>\n<p>FONTE  AG Antecipa<\/p>\n<\/div>\n<p><img decoding=\"async\" alt=\"\" src=\"https:\/\/rt.prnewswire.com\/rt.gif?NewsItemId=PT94176&amp;Transmission_Id=202312140900PR_NEWS_LATAM____PT94176&amp;DateId=20231214\" style=\"border:0px;width:1px;height:1px\" \/><\/p>\n<p>A <b>OESP<\/b> n\u00e3o \u00e9(s\u00e3o) respons\u00e1vel(is) por erros, incorre\u00e7\u00f5es, atrasos ou quaisquer decis\u00f5es tomadas por seus clientes com base nos Conte\u00fados ora disponibilizados, bem como tais Conte\u00fados n\u00e3o representam a opini\u00e3o da <b>OESP<\/b> e s\u00e3o de inteira responsabilidade da <b>PR Newswire Ltda<\/b><\/p>\n","protected":false},"excerpt":{"rendered":"PR NEWSWIRE Diretor da AG Antecipa d\u00e1 dicas e fala da import\u00e2ncia do planejamento para o crescimento dos neg\u00f3cios em 2024 SAO PAULO, 14 de dezembro de 2023 \/PRNewswire\/ &#8212; Com um quadro ainda","protected":false},"author":1,"featured_media":0,"comment_status":"open","ping_status":"closed","sticky":false,"template":"","format":"standard","meta":{"_acf_changed":false,"inline_featured_image":false,"_monsterinsights_skip_tracking":false,"_monsterinsights_sitenote_active":false,"_monsterinsights_sitenote_note":"","_monsterinsights_sitenote_category":0,"footnotes":""},"categories":[29],"tags":[],"class_list":["post-83456","post","type-post","status-publish","format-standard","hentry","category-prnewseconomia"],"acf":[],"_links":{"self":[{"href":"https:\/\/bluestudio.estadao.com.br\/agencia-de-comunicacao\/wp-json\/wp\/v2\/posts\/83456","targetHints":{"allow":["GET"]}}],"collection":[{"href":"https:\/\/bluestudio.estadao.com.br\/agencia-de-comunicacao\/wp-json\/wp\/v2\/posts"}],"about":[{"href":"https:\/\/bluestudio.estadao.com.br\/agencia-de-comunicacao\/wp-json\/wp\/v2\/types\/post"}],"author":[{"embeddable":true,"href":"https:\/\/bluestudio.estadao.com.br\/agencia-de-comunicacao\/wp-json\/wp\/v2\/users\/1"}],"replies":[{"embeddable":true,"href":"https:\/\/bluestudio.estadao.com.br\/agencia-de-comunicacao\/wp-json\/wp\/v2\/comments?post=83456"}],"version-history":[{"count":0,"href":"https:\/\/bluestudio.estadao.com.br\/agencia-de-comunicacao\/wp-json\/wp\/v2\/posts\/83456\/revisions"}],"wp:attachment":[{"href":"https:\/\/bluestudio.estadao.com.br\/agencia-de-comunicacao\/wp-json\/wp\/v2\/media?parent=83456"}],"wp:term":[{"taxonomy":"category","embeddable":true,"href":"https:\/\/bluestudio.estadao.com.br\/agencia-de-comunicacao\/wp-json\/wp\/v2\/categories?post=83456"},{"taxonomy":"post_tag","embeddable":true,"href":"https:\/\/bluestudio.estadao.com.br\/agencia-de-comunicacao\/wp-json\/wp\/v2\/tags?post=83456"}],"curies":[{"name":"wp","href":"https:\/\/api.w.org\/{rel}","templated":true}]}}