{"id":83197,"date":"2023-12-13T10:17:00","date_gmt":"2023-12-13T13:17:00","guid":{"rendered":"https:\/\/bluestudio.estadao.com.br\/agencia-de-comunicacao\/releases\/releases-geral\/jovem-bailarina-carioca-completa-um-ano-na-escola-bolshoi\/"},"modified":"2023-12-13T10:17:00","modified_gmt":"2023-12-13T13:17:00","slug":"jovem-bailarina-carioca-completa-um-ano-na-escola-bolshoi","status":"publish","type":"post","link":"https:\/\/bluestudio.estadao.com.br\/agencia-de-comunicacao\/releases\/releases-geral\/jovem-bailarina-carioca-completa-um-ano-na-escola-bolshoi\/","title":{"rendered":"Jovem bailarina carioca completa um ano na Escola Bolshoi"},"content":{"rendered":"<p><b>DINO DIVULGADOR DE NOT\u00cdCIAS<\/b><\/p>\n<p>Santa Catarina&#8211;(<a target='_blank' href='http:\/\/www.dino.com.br' rel=\"noopener\">DINO<\/a> &#8211; 13 dez, 2023) &#8211;<br \/>\nH\u00e1 um ano, a jovem bailarina carioca, com apenas 10 anos na \u00e9poca, se viu diante do primeiro grande desafio da sua vida. A menina foi aprovada nos rigorosos testes para admiss\u00e3o na Escola do Teatro Bolshoi e teve que fazer uma grande mudan\u00e7a. Ela deixou a vida no Rio de Janeiro para tr\u00e1s e, junto com sua m\u00e3e, embarcou em uma jornada de mudan\u00e7as e descobertas para Joinville, onde a escola est\u00e1 sediada.&nbsp;&nbsp;&nbsp;<\/p>\n<p>A nova rotina come\u00e7ou cedo. Em janeiro, Elisa e sua m\u00e3e se mudaram para a cidade catarinense. Em fevereiro, a jovem bailarina j\u00e1 estava se aclimatando \u00e0 exigente agenda da escola, equilibrando o estudo regular com intensivas aulas de bal\u00e9. Em mar\u00e7o, Elisa participou de sua primeira solenidade oficial &#8211; o &#8216;batismo de palco&#8217; &#8211; uma cerim\u00f4nia que marcou o in\u00edcio da jornada dos novos alunos e celebrou os 23 anos da Escola do Teatro Bolshoi no Brasil.&nbsp;&nbsp;&nbsp;<\/p>\n<p>Em 16 de junho fez a primeira apresenta\u00e7\u00e3o no palco Agripina Vaganova, dentro da programa\u00e7\u00e3o cultural da &#8216;sexta com arte musical&#8217;, e em 1 de setembro aconteceu a programa\u00e7\u00e3o cultural da &#8216;sexta com arte art\u00edstica.&#8217;&nbsp;<\/p>\n<p>Antes disso, nas f\u00e9rias de meio do ano, Elisa optou por permanecer em Joinville para assistir ao Festival de Dan\u00e7a da cidade. Nessa ocasi\u00e3o, ela teve a oportunidade de ver de perto as performances do Bolshoi nos espet\u00e1culos de &#8216;Lee-la&#8217; e &#8216;Cinderela&#8217;.&nbsp;&nbsp;&nbsp;<\/p>\n<p>No segundo semestre, Elisa intensificou seus estudos e a rotina de prepara\u00e7\u00e3o para as avalia\u00e7\u00f5es de fim de ano da Escola Bolshoi, em novembro e dezembro, que terminou com a avalia\u00e7\u00e3o de dan\u00e7a cl\u00e1ssica.&#8217;Esse era o momento mais esperado do ano por todas n\u00f3s bailarinas aqui da escola Bolshoi Brasil. Para mim, representou a coroa\u00e7\u00e3o de um ano muito especial. Nunca vou esquecer de 2023, o ano que mudou minha vida &#8216;, destaca Elisa Neves.&nbsp;<\/p>\n<p>Para a jovem bailarina o ano tamb\u00e9m foi de aprendizado e crescimento art\u00edstico, acompanhado em cada passo pela m\u00e3e. &#8216;Foi um per\u00edodo de sacrif\u00edcios e ren\u00fancias. Elisa abriu m\u00e3o do contato di\u00e1rio com a fam\u00edlia e os amigos do Rio, mas eu fiquei ainda mais perto dela acompanhando cada etapa dessa jornada&#8217;, atesta Elaine Neves.&nbsp;<\/p>\n<p>O amor e a dedica\u00e7\u00e3o do pai de Elisa tamb\u00e9m foram fundamentais. Ele percorreu v\u00e1rias vezes a longa dist\u00e2ncia entre o Rio de Janeiro e Joinville para estar com a filha e apoi\u00e1-la em seus sonhos. &#8216;Em retrospectiva, o primeiro ano da Elisa na Escola do Teatro Bolshoi foi de desafios, crescimento e, acima de tudo, de muito aprendizado&#8217;, destaca Elder Neves.&nbsp;<\/p>\n<p>Os pais sabem das exig\u00eancias e sacrif\u00edcios que a filha ainda ter\u00e1 pela frente, mas sabem tamb\u00e9m que a filha est\u00e1 feliz com essa oportunidade. &#8216;Eu sei que com minha dedica\u00e7\u00e3o e o apoio dos meus pais, vou conseguir superar obst\u00e1culos e alcan\u00e7ar sonhos. Dei apenas o primeiro passo, que venham outros&#8217;, finaliza Elisa Neves.&nbsp;<\/p>\n<p><strong>Redes sociais:<\/strong>&nbsp;<\/p>\n<p>Instagram: <a rel=\"follow noopener\" target='_blank' href='https:\/\/www.instagram.com\/euelisaneves\/' data-mce-target='_blank'>https:\/\/www.instagram.com\/euelisaneves\/<\/a>&nbsp;<\/p>\n<\/p>\n<p>Website: <a target='_blank' href='http:\/\/www.ageimagem.com.br' rel=\"follow noopener\">http:\/\/www.ageimagem.com.br<\/a><img src='https:\/\/api.dino.com.br\/v2\/news\/tr\/298941' alt='' style='border:0px;width:1px;height:1px' \/><br \/>\nA <b>OESP<\/b> n\u00e3o \u00e9(s\u00e3o) respons\u00e1vel(is) por erros, incorre\u00e7\u00f5es, atrasos ou quaisquer decis\u00f5es tomadas por seus clientes com base nos Conte\u00fados ora disponibilizados, bem como tais Conte\u00fados n\u00e3o representam a opini\u00e3o da <b>OESP<\/b> e s\u00e3o de inteira responsabilidade da <b>Dino Divulgador de Noticias Online Ltda<\/b><\/p>\n","protected":false},"excerpt":{"rendered":"DINO DIVULGADOR DE NOT\u00cdCIAS Santa Catarina&#8211;(DINO &#8211; 13 dez, 2023) &#8211; H\u00e1 um ano, a jovem bailarina carioca, com apenas 10 anos na \u00e9poca, se viu diante do primeiro grande desafio da","protected":false},"author":1,"featured_media":0,"comment_status":"open","ping_status":"closed","sticky":false,"template":"","format":"standard","meta":{"_acf_changed":false,"inline_featured_image":false,"_monsterinsights_skip_tracking":false,"_monsterinsights_sitenote_active":false,"_monsterinsights_sitenote_note":"","_monsterinsights_sitenote_category":0,"footnotes":""},"categories":[34],"tags":[],"class_list":["post-83197","post","type-post","status-publish","format-standard","hentry","category-releases-geral"],"acf":[],"_links":{"self":[{"href":"https:\/\/bluestudio.estadao.com.br\/agencia-de-comunicacao\/wp-json\/wp\/v2\/posts\/83197","targetHints":{"allow":["GET"]}}],"collection":[{"href":"https:\/\/bluestudio.estadao.com.br\/agencia-de-comunicacao\/wp-json\/wp\/v2\/posts"}],"about":[{"href":"https:\/\/bluestudio.estadao.com.br\/agencia-de-comunicacao\/wp-json\/wp\/v2\/types\/post"}],"author":[{"embeddable":true,"href":"https:\/\/bluestudio.estadao.com.br\/agencia-de-comunicacao\/wp-json\/wp\/v2\/users\/1"}],"replies":[{"embeddable":true,"href":"https:\/\/bluestudio.estadao.com.br\/agencia-de-comunicacao\/wp-json\/wp\/v2\/comments?post=83197"}],"version-history":[{"count":0,"href":"https:\/\/bluestudio.estadao.com.br\/agencia-de-comunicacao\/wp-json\/wp\/v2\/posts\/83197\/revisions"}],"wp:attachment":[{"href":"https:\/\/bluestudio.estadao.com.br\/agencia-de-comunicacao\/wp-json\/wp\/v2\/media?parent=83197"}],"wp:term":[{"taxonomy":"category","embeddable":true,"href":"https:\/\/bluestudio.estadao.com.br\/agencia-de-comunicacao\/wp-json\/wp\/v2\/categories?post=83197"},{"taxonomy":"post_tag","embeddable":true,"href":"https:\/\/bluestudio.estadao.com.br\/agencia-de-comunicacao\/wp-json\/wp\/v2\/tags?post=83197"}],"curies":[{"name":"wp","href":"https:\/\/api.w.org\/{rel}","templated":true}]}}