{"id":83122,"date":"2023-12-12T13:32:00","date_gmt":"2023-12-12T16:32:00","guid":{"rendered":"https:\/\/bluestudio.estadao.com.br\/agencia-de-comunicacao\/releases\/releases-geral\/podcast-se-novo-episodio-entrevista-vania-bueno\/"},"modified":"2023-12-12T13:32:00","modified_gmt":"2023-12-12T16:32:00","slug":"podcast-se-novo-episodio-entrevista-vania-bueno","status":"publish","type":"post","link":"https:\/\/bluestudio.estadao.com.br\/agencia-de-comunicacao\/releases\/releases-geral\/podcast-se-novo-episodio-entrevista-vania-bueno\/","title":{"rendered":"Podcast-se: novo epis\u00f3dio entrevista Vania Bueno"},"content":{"rendered":"<p><b>DINO DIVULGADOR DE NOT\u00cdCIAS<\/b><\/p>\n<p>(<a target='_blank' href='http:\/\/www.dino.com.br' rel=\"noopener\">DINO<\/a> &#8211; 12 dez, 2023) &#8211;<br \/>\nNa \u00faltima segunda-feira, o lan\u00e7amento de mais um epis\u00f3dio do Podcast-se, produ\u00e7\u00e3o oficial do grupo Knewin, aconteceu. Dessa vez, a entrevista foi com Vania Bueno, jornalista por forma\u00e7\u00e3o, especialista em comunica\u00e7\u00e3o e cultura organizacional e ativista da governan\u00e7a corporativa. Palestrante, tamb\u00e9m \u00e9 consultora e mentora para l\u00edderes, equipes e organiza\u00e7\u00f5es em comunica\u00e7\u00e3o na governan\u00e7a.<\/p>\n<p>Conduzida pelos entrevistadores, Camilo e Tripodi, a conversa aborda temas como o hist\u00f3rico acad\u00eamico e profissional da entrevistada, traz a quest\u00e3o &#8216;N\u00e3o fazemos Comunica\u00e7\u00e3o, somos Comunica\u00e7\u00e3o&#8217; e trata, tamb\u00e9m, de transforma\u00e7\u00f5es que exigem modelos de gest\u00e3o cada vez mais inclusivos, colaborativos e sustent\u00e1veis.<\/p>\n<p>Vania conta com a experi\u00eancia em entregar projetos e trocas com executivos em empresas como FBN, Electrolux, CNI, Mercedes Benz, Eletrobras e Sabesp, assim como, h\u00e1 15 anos, \u00e9 professora convidada dos cursos de P\u00f3s-Gradua\u00e7\u00e3o da EACH\/USP, ECA\/USP, MBI\/UFSCar, PECEGE\/ESALQ, HSM, ABERJE e Albert Einstein e colabora enquanto instrutora dos cursos de forma\u00e7\u00e3o para Conselheiros no IBGC &#8211; Instituto Brasileiro de Governan\u00e7a Corporativa e na Funda\u00e7\u00e3o Dom Cabral.&nbsp;<\/p>\n<p>A miss\u00e3o do bate-papo, de acordo com os profissionais que o conduzem, \u00e9 compartilhar sabedoria em um formato acess\u00edvel. &#8216;Acreditamos que todos t\u00eam o potencial de alcan\u00e7ar grandes conquistas, e atrav\u00e9s desse podcast, desejamos capacitar nossos ouvintes a se tornarem a melhor vers\u00e3o de si mesmos&#8217;, comenta Camilo.&nbsp;<\/p>\n<p>Al\u00e9m de conte\u00fado informativo sobre a especialista, o epis\u00f3dio tamb\u00e9m apresenta dicas e conselhos para os estudantes de comunica\u00e7\u00e3o, marketing e os profissionais que almejam conquistar cargos de destaque.<\/p>\n<p>A entrevista j\u00e1 est\u00e1 dispon\u00edvel pelas plataformas digitais e pode ser acessada via <a rel=\"follow noopener\" target='_blank' href='https:\/\/podcast-se.knewin.com\/' data-mce-target='_blank'>Site<\/a>, <a rel=\"follow noopener\" target='_blank' href='https:\/\/www.youtube.com\/watch?v=toFAYzIXuZs' data-mce-target='_blank'>YouTube<\/a> ou <a rel=\"follow noopener\" target='_blank' href='https:\/\/open.spotify.com\/episode\/1GRk6NbMQrGDW55rpGLiEK' data-mce-target='_blank'>Spotify<\/a>.<\/p>\n<p>Para saber mais, basta acessar: <a rel=\"follow noopener\" target='_blank' href='https:\/\/podcast-se.knewin.com\/' data-mce-target='_blank'>https:\/\/podcast-se.knewin.com\/<\/a><\/p>\n<p>A <b>OESP<\/b> n\u00e3o \u00e9(s\u00e3o) respons\u00e1vel(is) por erros, incorre\u00e7\u00f5es, atrasos ou quaisquer decis\u00f5es tomadas por seus clientes com base nos Conte\u00fados ora disponibilizados, bem como tais Conte\u00fados n\u00e3o representam a opini\u00e3o da <b>OESP<\/b> e s\u00e3o de inteira responsabilidade da <b>Dino Divulgador de Noticias Online Ltda<\/b><\/p>\n","protected":false},"excerpt":{"rendered":"DINO DIVULGADOR DE NOT\u00cdCIAS (DINO &#8211; 12 dez, 2023) &#8211; Na \u00faltima segunda-feira, o lan\u00e7amento de mais um epis\u00f3dio do Podcast-se, produ\u00e7\u00e3o oficial do grupo Knewin, aconteceu. Dessa vez, a","protected":false},"author":1,"featured_media":0,"comment_status":"open","ping_status":"closed","sticky":false,"template":"","format":"standard","meta":{"_acf_changed":false,"inline_featured_image":false,"_monsterinsights_skip_tracking":false,"_monsterinsights_sitenote_active":false,"_monsterinsights_sitenote_note":"","_monsterinsights_sitenote_category":0,"footnotes":""},"categories":[34],"tags":[],"class_list":["post-83122","post","type-post","status-publish","format-standard","hentry","category-releases-geral"],"acf":[],"_links":{"self":[{"href":"https:\/\/bluestudio.estadao.com.br\/agencia-de-comunicacao\/wp-json\/wp\/v2\/posts\/83122","targetHints":{"allow":["GET"]}}],"collection":[{"href":"https:\/\/bluestudio.estadao.com.br\/agencia-de-comunicacao\/wp-json\/wp\/v2\/posts"}],"about":[{"href":"https:\/\/bluestudio.estadao.com.br\/agencia-de-comunicacao\/wp-json\/wp\/v2\/types\/post"}],"author":[{"embeddable":true,"href":"https:\/\/bluestudio.estadao.com.br\/agencia-de-comunicacao\/wp-json\/wp\/v2\/users\/1"}],"replies":[{"embeddable":true,"href":"https:\/\/bluestudio.estadao.com.br\/agencia-de-comunicacao\/wp-json\/wp\/v2\/comments?post=83122"}],"version-history":[{"count":0,"href":"https:\/\/bluestudio.estadao.com.br\/agencia-de-comunicacao\/wp-json\/wp\/v2\/posts\/83122\/revisions"}],"wp:attachment":[{"href":"https:\/\/bluestudio.estadao.com.br\/agencia-de-comunicacao\/wp-json\/wp\/v2\/media?parent=83122"}],"wp:term":[{"taxonomy":"category","embeddable":true,"href":"https:\/\/bluestudio.estadao.com.br\/agencia-de-comunicacao\/wp-json\/wp\/v2\/categories?post=83122"},{"taxonomy":"post_tag","embeddable":true,"href":"https:\/\/bluestudio.estadao.com.br\/agencia-de-comunicacao\/wp-json\/wp\/v2\/tags?post=83122"}],"curies":[{"name":"wp","href":"https:\/\/api.w.org\/{rel}","templated":true}]}}