{"id":82833,"date":"2023-12-11T05:42:00","date_gmt":"2023-12-11T08:42:00","guid":{"rendered":"https:\/\/bluestudio.estadao.com.br\/agencia-de-comunicacao\/prnewswire\/prnewsinternacional\/o-plasma-frio-conquista-o-brasil-a-terraplasma-medical-anuncia-a-autorizacao-de-comercializacao-e-o-lancamento-no-mercado-do-plasma-care\/"},"modified":"2023-12-11T05:42:00","modified_gmt":"2023-12-11T08:42:00","slug":"o-plasma-frio-conquista-o-brasil-a-terraplasma-medical-anuncia-a-autorizacao-de-comercializacao-e-o-lancamento-no-mercado-do-plasma-care","status":"publish","type":"post","link":"https:\/\/bluestudio.estadao.com.br\/agencia-de-comunicacao\/prnewswire\/prnewsinternacional\/o-plasma-frio-conquista-o-brasil-a-terraplasma-medical-anuncia-a-autorizacao-de-comercializacao-e-o-lancamento-no-mercado-do-plasma-care\/","title":{"rendered":"O plasma frio conquista o Brasil: a terraplasma medical anuncia a autoriza\u00e7\u00e3o de comercializa\u00e7\u00e3o e o lan\u00e7amento no mercado do plasma care&reg;"},"content":{"rendered":"<p><b>PR NEWSWIRE<\/b><\/p>\n<div class=\"xn-content\">\n<b>Solu\u00e7\u00e3o pioneira para cicatriza\u00e7\u00e3o de feridas e aplica\u00e7\u00f5es dermatol\u00f3gicas acelera a internacionaliza\u00e7\u00e3o <\/b><\/p>\n<p>-Foto est\u00e1 dispon\u00edvel em <a href=\"https:\/\/apmultimedianewsroom.com\/multimedia-newsroom\/partners\/news-aktuell\" target=\"_blank\" rel=\"nofollow noopener\">AP<\/a>\u00a0&#8211;<\/p>\n<p><span class=\"legendSpanClass\">GARCHING, Alemanha e <span class=\"xn-location\">RIO DE JANEIRO<\/span><\/span>, <span class=\"legendSpanClass\">11 de dezembro de 2023<\/span> \/PRNewswire\/ &#8212; A terraplasma medical GmbH, uma das principais empresas de tecnologia m\u00e9dica e de sa\u00fade do mundo e subsidi\u00e1ria do renomado grupo alem\u00e3o Viromed Medical Group, continua a impulsionar sua internacionaliza\u00e7\u00e3o. O \u00faltimo golpe: o lan\u00e7amento no mercado da inovadora tecnologia m\u00e9dica de plasma frio no Brasil. A pe\u00e7a central \u00e9 o dispositivo m\u00f3vel de plasma frio com certifica\u00e7\u00e3o CE plasma care&reg;, que fecha feridas sem dor e inativa v\u00edrus, fungos e bact\u00e9rias. O lan\u00e7amento no mercado foi realizado com o apoio do parceiro de vendas local Alya Pharma.parceiro de vendas local Alya Pharma, uma marca do grupo su\u00ed\u00e7o Promediol SA, na renomada <a href=\"https:\/\/siittralrj.com.br\/\" target=\"_blank\" rel=\"nofollow noopener\">Confer\u00eancia de Cirurgia Pl\u00e1stica <\/a><a href=\"https:\/\/siittralrj.com.br\/\" target=\"_blank\" rel=\"nofollow noopener\">SIITTRAL<\/a>, realizada no <span class=\"xn-location\">Rio de Janeiro<\/span> em outubro. Nas \u00faltimas semanas, m\u00e9dicos e outros cl\u00ednicos puderam ver o potencial dessa tecnologia inovadora em primeira m\u00e3o, inclusive durante demonstra\u00e7\u00f5es ao vivo. Esse marco coincide com a aprova\u00e7\u00e3o oficial do plasma care&reg; pelas autoridades sanit\u00e1rias brasileiras (ANVISA) e consolida sua posi\u00e7\u00e3o como uma solu\u00e7\u00e3o pioneira para a cicatriza\u00e7\u00e3o de feridas e aplica\u00e7\u00f5es dermatol\u00f3gicas.<\/p>\n<p>O uso do plasma atmosf\u00e9rico frio (CAP) por meio do plasma care&reg; desenvolvido pela terraplasma medical est\u00e1 revolucionando a maneira como as feridas e as condi\u00e7\u00f5es da pele s\u00e3o tratadas. O plasma frio, conhecido por suas propriedades antimicrobianas, anti-inflamat\u00f3rias e estimulantes de tecidos, oferece uma abordagem inovadora para o tratamento de feridas e a medicina est\u00e9tica. Com sua ampla gama de aplica\u00e7\u00f5es, o plasma care&reg; cobre um amplo espectro de necessidades cl\u00ednicas, incluindo o tratamento de feridas agudas e cr\u00f4nicas, bem como uma grande variedade de condi\u00e7\u00f5es relacionadas e procedimentos est\u00e9ticos. No Brasil, o plasma care&reg; est\u00e1 atualmente focado no segmento de tratamento de feridas, com planos de expans\u00e3o para o tratamento da pele no futuro.<\/p>\n<p>&#8220;Estamos muito animados com o lan\u00e7amento do plasma care&reg; no Brasil. O potencial \u00e9 enorme, j\u00e1 que o pa\u00eds tem um setor de sa\u00fade pr\u00f3spero e um conhecimento reconhecido em cirurgia pl\u00e1stica e outras especialidades m\u00e9dicas&#8221;, diz <span class=\"xn-person\">Jens Kirsch<\/span>, fundador e CEO da terraplasma medical. &#8220;A aprova\u00e7\u00e3o da ANVISA ressalta a seguran\u00e7a e a efic\u00e1cia de nossa tecnologia. Esperamos ter uma parceria bem-sucedida com a Alya Pharma e disponibilizar nossa tecnologia inovadora aos pacientes.&#8221;<\/p>\n<p>Como parceira de distribui\u00e7\u00e3o exclusiva da plasma care&reg; no Brasil, a Alya Pharma desempenhar\u00e1 um papel fundamental na apresenta\u00e7\u00e3o da tecnologia de ponta \u00e0 comunidade m\u00e9dica brasileira. A experi\u00eancia e o compromisso da empresa com a qualidade da sa\u00fade se alinham perfeitamente com a vis\u00e3o da terraplasma medical. Essa colabora\u00e7\u00e3o facilitar\u00e1 o acesso a solu\u00e7\u00f5es avan\u00e7adas de cicatriza\u00e7\u00e3o de feridas para profissionais de sa\u00fade e pacientes no Brasil.<\/p>\n<p><span class=\"xn-person\">Adriana Schulz<\/span> dos Santos, Diretora Geral da Alya Pharma, disse: &#8220;A Confer\u00eancia de Cirurgia Pl\u00e1stica SIITTRAL foi a plataforma perfeita para apresentar o plasma care&reg; \u00e0 comunidade m\u00e9dica brasileira. A resposta e o entusiasmo dos profissionais presentes foram not\u00e1veis. Estamos entusiasmados com as oportunidades que esta parceria com a terraplasma medical oferece e esperamos melhorar o atendimento aos pacientes em todo o Brasil.&#8221;<\/p>\n<p><b>Sobre a terraplasma medical GmbH<\/b><\/p>\n<p>A terraplasma medical GmbH \u00e9 uma empresa de sa\u00fade e tecnologia m\u00e9dica com sede em Garching, perto de Munique, Alemanha. Foi fundada em 2016 pela terraplasma GmbH, um spin-off da Max Planck Society, e uma participa\u00e7\u00e3o majorit\u00e1ria foi adquirida pelo Viromed Group, com sede em Hamburgo, em 2022.<\/p>\n<p>O m\u00e9todo de tratamento inovador baseado em plasma frio para a cicatriza\u00e7\u00e3o de feridas (terapia com plasma frio) ocupa o centro do palco. Como um dispositivo m\u00f3vel de plasma frio com certifica\u00e7\u00e3o CE, o plasma care&reg; fecha feridas sem dor e inativa v\u00edrus, fungos e bact\u00e9rias. O dispositivo m\u00e9dico \u00e9 usado para tratar feridas cr\u00f4nicas e agudas (infectadas) com plasma atmosf\u00e9rico frio para inativar microorganismos, inclusive pat\u00f3genos multirresistentes, e promover a cicatriza\u00e7\u00e3o de feridas. Essa inova\u00e7\u00e3o representa um salto qu\u00e2ntico para a cicatriza\u00e7\u00e3o de feridas. Outras aplica\u00e7\u00f5es m\u00e9dicas tamb\u00e9m s\u00e3o poss\u00edveis nas \u00e1reas de cosm\u00e9ticos, dermatologia e otorrinolaringologia. A terraplasma medical GmbH \u00e9 certificada de acordo com a norma EN ISO 13485. <a href=\"https:\/\/www.terraplasma-medical.com\/\" target=\"_blank\" rel=\"nofollow noopener\">www.terraplasma-medical.com<\/a>\u00a0<\/p>\n<p><b>Sobre a <\/b><b>Alya Pharma<\/b><\/p>\n<p>A Alya Pharma \u00e9 uma das principais distribuidoras de tecnologias m\u00e9dicas de ponta no Brasil, comprometida com a melhoria da sa\u00fade ao fornecer acesso a solu\u00e7\u00f5es inovadoras e clinicamente comprovadas. A Alya Pharma faz parte da Promediol S\/A, uma empresa su\u00ed\u00e7a especializada na distribui\u00e7\u00e3o internacional de produtos farmac\u00eauticos e dispositivos m\u00e9dicos para uso humano, com sede na regi\u00e3o de Lugano.<\/p>\n<p>Para obter mais informa\u00e7\u00f5es:<\/p>\n<p><a href=\"http:\/\/www.alyaplasma.com.br\/\" target=\"_blank\" rel=\"nofollow noopener\">www.alyaplasma.com.br<\/a><\/p>\n<p><a href=\"http:\/\/www.promediol.com.br\/\" target=\"_blank\" rel=\"nofollow noopener\">www.promediol.com.br<\/a><\/p>\n<p><a href=\"https:\/\/www.promediol.com\/\" target=\"_blank\" rel=\"nofollow noopener\">www.promediol.com<\/a>\u00a0<\/p>\n<p><b>Contato com a m\u00eddia<\/b><\/p>\n<p>Petra Rulsch PR &#8211; Comunica\u00e7\u00e3o Estrat\u00e9gica +<br \/>Ballindamm 27<br \/>20095 Hamburgo<br \/>Alemanha<br \/>M: +49 160 944 944 23<br \/>E: <a href=\"mailto:pr@petr-rulsch.com\" target=\"_blank\" rel=\"nofollow noopener\">pr@petr-rulsch.com#<\/a>\u00a0<br \/><u><a href=\"http:\/\/www.petra-rulsch.com\/\" target=\"_blank\" rel=\"nofollow noopener\">www.petra-rulsch.com<\/a><\/u><\/p>\n<p>\u00a0<\/p>\n<p>FONTE  terraplasma medical GmbH<\/p>\n<\/div>\n<p><img decoding=\"async\" alt=\"\" src=\"https:\/\/rt.prnewswire.com\/rt.gif?NewsItemId=PT90031&amp;Transmission_Id=202312110338PR_NEWS_LATAM____PT90031&amp;DateId=20231211\" style=\"border:0px;width:1px;height:1px\" \/><\/p>\n<p>A <b>OESP<\/b> n\u00e3o \u00e9(s\u00e3o) respons\u00e1vel(is) por erros, incorre\u00e7\u00f5es, atrasos ou quaisquer decis\u00f5es tomadas por seus clientes com base nos Conte\u00fados ora disponibilizados, bem como tais Conte\u00fados n\u00e3o representam a opini\u00e3o da <b>OESP<\/b> e s\u00e3o de inteira responsabilidade da <b>PR Newswire Ltda<\/b><\/p>\n","protected":false},"excerpt":{"rendered":"PR NEWSWIRE Solu\u00e7\u00e3o pioneira para cicatriza\u00e7\u00e3o de feridas e aplica\u00e7\u00f5es dermatol\u00f3gicas acelera a internacionaliza\u00e7\u00e3o -Foto est\u00e1 dispon\u00edvel em AP\u00a0&#8211; GARCHING, Alemanha e RIO DE JANEIRO,","protected":false},"author":1,"featured_media":0,"comment_status":"open","ping_status":"closed","sticky":false,"template":"","format":"standard","meta":{"_acf_changed":false,"inline_featured_image":false,"_monsterinsights_skip_tracking":false,"_monsterinsights_sitenote_active":false,"_monsterinsights_sitenote_note":"","_monsterinsights_sitenote_category":0,"footnotes":""},"categories":[31],"tags":[],"class_list":["post-82833","post","type-post","status-publish","format-standard","hentry","category-prnewsinternacional"],"acf":[],"_links":{"self":[{"href":"https:\/\/bluestudio.estadao.com.br\/agencia-de-comunicacao\/wp-json\/wp\/v2\/posts\/82833","targetHints":{"allow":["GET"]}}],"collection":[{"href":"https:\/\/bluestudio.estadao.com.br\/agencia-de-comunicacao\/wp-json\/wp\/v2\/posts"}],"about":[{"href":"https:\/\/bluestudio.estadao.com.br\/agencia-de-comunicacao\/wp-json\/wp\/v2\/types\/post"}],"author":[{"embeddable":true,"href":"https:\/\/bluestudio.estadao.com.br\/agencia-de-comunicacao\/wp-json\/wp\/v2\/users\/1"}],"replies":[{"embeddable":true,"href":"https:\/\/bluestudio.estadao.com.br\/agencia-de-comunicacao\/wp-json\/wp\/v2\/comments?post=82833"}],"version-history":[{"count":0,"href":"https:\/\/bluestudio.estadao.com.br\/agencia-de-comunicacao\/wp-json\/wp\/v2\/posts\/82833\/revisions"}],"wp:attachment":[{"href":"https:\/\/bluestudio.estadao.com.br\/agencia-de-comunicacao\/wp-json\/wp\/v2\/media?parent=82833"}],"wp:term":[{"taxonomy":"category","embeddable":true,"href":"https:\/\/bluestudio.estadao.com.br\/agencia-de-comunicacao\/wp-json\/wp\/v2\/categories?post=82833"},{"taxonomy":"post_tag","embeddable":true,"href":"https:\/\/bluestudio.estadao.com.br\/agencia-de-comunicacao\/wp-json\/wp\/v2\/tags?post=82833"}],"curies":[{"name":"wp","href":"https:\/\/api.w.org\/{rel}","templated":true}]}}