{"id":82765,"date":"2023-12-08T17:22:00","date_gmt":"2023-12-08T20:22:00","guid":{"rendered":"https:\/\/bluestudio.estadao.com.br\/agencia-de-comunicacao\/releases\/releases-geral\/regina-maia-participa-de-novo-episodio-do-podcast-se\/"},"modified":"2023-12-08T17:22:00","modified_gmt":"2023-12-08T20:22:00","slug":"regina-maia-participa-de-novo-episodio-do-podcast-se","status":"publish","type":"post","link":"https:\/\/bluestudio.estadao.com.br\/agencia-de-comunicacao\/releases\/releases-geral\/regina-maia-participa-de-novo-episodio-do-podcast-se\/","title":{"rendered":"Regina Maia participa de novo epis\u00f3dio do Podcast-se"},"content":{"rendered":"<p><b>DINO DIVULGADOR DE NOT\u00cdCIAS<\/b><\/p>\n<p>(<a target='_blank' href='http:\/\/www.dino.com.br' rel=\"noopener\">DINO<\/a> &#8211; 08 dez, 2023) &#8211;<br \/>\nRegina Maia, profissional com uma carreira de 24 anos, sendo 19 na gest&atilde;o e planejamento estrat&eacute;gico da comunica&ccedil;&atilde;o de grandes empresas, com experi&ecirc;ncia em comunica&ccedil;&atilde;o interna, rela&ccedil;&otilde;es com a m&iacute;dia, preven&ccedil;&atilde;o e gest&atilde;o de crises reputacionais e sustentabilidade corporativa, com foco em responsabilidade social foi convidada pelo time do Podcast-se para falar sobre sua &aacute;rea de atua&ccedil;&atilde;o com &ecirc;nfase em gest&atilde;o da reputa&ccedil;&atilde;o.&nbsp;<\/p>\n<p>A profissional possui passagens pela TV Bandeirantes, FSB, Ra&iacute;zen, Souza Cruz, Grupo Carrefour Brasil e atualmente &eacute; diretora de comunica&ccedil;&atilde;o corporativa no iFood.&nbsp;<\/p>\n<p>A conversa com os entrevistadores, Camilo Manfredi e Gabriel Tripodi, come&ccedil;a por sua trajet&oacute;ria acad&ecirc;mica e profissional e segue explorando o papel de diretora de comunica&ccedil;&atilde;o corporativa e as suas frentes de atua&ccedil;&atilde;o.<\/p>\n<p>O epis&oacute;dio tamb&eacute;m levanta an&aacute;lises de Regina sobre como funciona uma estrutura de comunica&ccedil;&atilde;o (interna e externa), a import&acirc;ncia dos dados e da intelig&ecirc;ncia no acompanhamento e mensura&ccedil;&atilde;o dos resultados de comunica&ccedil;&atilde;o e o papel da comunica&ccedil;&atilde;o na gest&atilde;o da reputa&ccedil;&atilde;o, assim como faz com que a especialista cite alguns de seus projetos de comunica&ccedil;&atilde;o que geraram resultados significativos e de impacto.<\/p>\n<p>Lan&ccedil;ada no dia 04 de dezembro, a entrevista j&aacute; est&aacute; dispon&iacute;vel em todas as plataformas digitais como <a rel=\"follow noopener\" target='_blank' href='https:\/\/podcast-se.knewin.com\/'>Site<\/a>, <a rel=\"follow noopener\" target='_blank' href='https:\/\/open.spotify.com\/episode\/0xlJjxLXiTyeg7Eq0xZ6wN?si=453131bfdec14eb8&amp;nd=1&amp;dlsi=e4548b279e404066'>Spotify<\/a> e <a rel=\"follow noopener\" target='_blank' href='https:\/\/www.youtube.com\/watch?v=JEwi08wo9Ws'>YouTube<\/a> e pode ser conferida a qualquer momento.&nbsp;<\/p>\n<p>Os entrevistadores buscam entender como &eacute; feita a prepara&ccedil;&atilde;o de executivos e porta-vozes para situa&ccedil;&otilde;es de crise, e pedem que Regina deixe algumas dicas e conselhos para os estudantes de comunica&ccedil;&atilde;o, marketing e os profissionais que est&atilde;o no in&iacute;cio da carreira.Para saber mais, basta acessar: <a rel=\"follow noopener\" target='_blank' href='https:\/\/podcast-se.knewin.com\/'>https:\/\/podcast-se.knewin.com\/<\/a><\/p>\n<p>A <b>OESP<\/b> n\u00e3o \u00e9(s\u00e3o) respons\u00e1vel(is) por erros, incorre\u00e7\u00f5es, atrasos ou quaisquer decis\u00f5es tomadas por seus clientes com base nos Conte\u00fados ora disponibilizados, bem como tais Conte\u00fados n\u00e3o representam a opini\u00e3o da <b>OESP<\/b> e s\u00e3o de inteira responsabilidade da <b>Dino Divulgador de Noticias Online Ltda<\/b><\/p>\n","protected":false},"excerpt":{"rendered":"DINO DIVULGADOR DE NOT\u00cdCIAS (DINO &#8211; 08 dez, 2023) &#8211; Regina Maia, profissional com uma carreira de 24 anos, sendo 19 na gest&atilde;o e planejamento estrat&eacute;gico da","protected":false},"author":1,"featured_media":0,"comment_status":"open","ping_status":"closed","sticky":false,"template":"","format":"standard","meta":{"_acf_changed":false,"inline_featured_image":false,"_monsterinsights_skip_tracking":false,"_monsterinsights_sitenote_active":false,"_monsterinsights_sitenote_note":"","_monsterinsights_sitenote_category":0,"footnotes":""},"categories":[34],"tags":[],"class_list":["post-82765","post","type-post","status-publish","format-standard","hentry","category-releases-geral"],"acf":[],"_links":{"self":[{"href":"https:\/\/bluestudio.estadao.com.br\/agencia-de-comunicacao\/wp-json\/wp\/v2\/posts\/82765","targetHints":{"allow":["GET"]}}],"collection":[{"href":"https:\/\/bluestudio.estadao.com.br\/agencia-de-comunicacao\/wp-json\/wp\/v2\/posts"}],"about":[{"href":"https:\/\/bluestudio.estadao.com.br\/agencia-de-comunicacao\/wp-json\/wp\/v2\/types\/post"}],"author":[{"embeddable":true,"href":"https:\/\/bluestudio.estadao.com.br\/agencia-de-comunicacao\/wp-json\/wp\/v2\/users\/1"}],"replies":[{"embeddable":true,"href":"https:\/\/bluestudio.estadao.com.br\/agencia-de-comunicacao\/wp-json\/wp\/v2\/comments?post=82765"}],"version-history":[{"count":0,"href":"https:\/\/bluestudio.estadao.com.br\/agencia-de-comunicacao\/wp-json\/wp\/v2\/posts\/82765\/revisions"}],"wp:attachment":[{"href":"https:\/\/bluestudio.estadao.com.br\/agencia-de-comunicacao\/wp-json\/wp\/v2\/media?parent=82765"}],"wp:term":[{"taxonomy":"category","embeddable":true,"href":"https:\/\/bluestudio.estadao.com.br\/agencia-de-comunicacao\/wp-json\/wp\/v2\/categories?post=82765"},{"taxonomy":"post_tag","embeddable":true,"href":"https:\/\/bluestudio.estadao.com.br\/agencia-de-comunicacao\/wp-json\/wp\/v2\/tags?post=82765"}],"curies":[{"name":"wp","href":"https:\/\/api.w.org\/{rel}","templated":true}]}}