{"id":82580,"date":"2023-12-07T13:33:00","date_gmt":"2023-12-07T16:33:00","guid":{"rendered":"https:\/\/bluestudio.estadao.com.br\/agencia-de-comunicacao\/releases\/releases-geral\/stefano-agostini-faz-turne-pelos-palcos-no-sul-do-pais\/"},"modified":"2023-12-07T13:33:00","modified_gmt":"2023-12-07T16:33:00","slug":"stefano-agostini-faz-turne-pelos-palcos-no-sul-do-pais","status":"publish","type":"post","link":"https:\/\/bluestudio.estadao.com.br\/agencia-de-comunicacao\/releases\/releases-geral\/stefano-agostini-faz-turne-pelos-palcos-no-sul-do-pais\/","title":{"rendered":"St\u00e9fano Agostini faz turn\u00ea pelos palcos no sul do pa\u00eds"},"content":{"rendered":"<p><b>DINO DIVULGADOR DE NOT\u00cdCIAS<\/b><\/p>\n<p>Rio de Janeiro&#8211;(<a target='_blank' href='http:\/\/www.dino.com.br' rel=\"noopener\">DINO<\/a> &#8211; 07 dez, 2023) &#8211; <\/p>\n<div>St&eacute;fano Agostini d&aacute; vida a um personagem que tem tanta obsess&atilde;o por higiene que anda at&eacute; com um pote de &aacute;lcool gel na m&atilde;o. Ao lado dos outros detetives do Pr&eacute;dio Azul, ele est&aacute; viajando o Brasil como apresenta&ccedil;&otilde;es por v&aacute;rias capitais brasileiras e at&eacute; o fim do ano ter&aacute; se apresentado em 4 delas: Rio de Janeiro, Curitiba, Porto Alegre e Florian&oacute;polis.<\/div>\n<div>&nbsp;<\/div>\n<div>&nbsp;<\/div>\n<div>\n<div>Na pe&ccedil;a &#8216;D.P.A. 2 &#8211; Um Mist&eacute;rio Musical em Magowood&#8217;, o detetive e Zeca vive mais uma aventura com mist&eacute;rios a serem desvendados pelos detetives. &Eacute; uma experi&ecirc;ncia completa para os f&atilde;s da s&eacute;rie na TV, com elementos de suspense, aventura, canto e dan&ccedil;a, permitindo ao jovem ator mostrar ainda mais de seu talento. Segundo Stefano, o espet&aacute;culo &eacute; &#8216;uma aventura intrigante que captura a imagina&ccedil;&atilde;o dos espectadores&#8217;.<\/div>\n<div>&nbsp;<\/div>\n<div>&nbsp;<\/div>\n<div>St&eacute;fano Agostini, conhecido por seu carisma e intera&ccedil;&atilde;o com o p&uacute;blico, est&aacute; feliz com sua estreia nos palcos. &#8216;Estou emocionado por concretizar o sonho de atuar no palco. Essa oportunidade de interagir com o p&uacute;blico de uma maneira mais pr&oacute;xima, vendo suas rea&ccedil;&otilde;es em tempo, real &eacute; uma novidade fant&aacute;stica para mim&rdquo;, disse o jovem ator.<\/div>\n<div>&nbsp;<\/div>\n<div>&nbsp;<\/div>\n<div>\n<div>A turn&ecirc; come&ccedil;ou em novembro pelo Rio de Janeiro, seguiu para Curitiba, Porto Alegre e Florian&oacute;polis. Depois da pausa de fim de ano, o espet&aacute;culo recome&ccedil;a com as apresenta&ccedil;&otilde;es em S&atilde;o Paulo.<\/div>\n<div>&nbsp;<\/div>\n<div>&nbsp;<\/div>\n<\/div>\n<\/div>\n<p><strong>Florian&oacute;polis<\/strong>&nbsp;<\/p>\n<p><strong>Local:<\/strong> Teatro Ademir Rosa&nbsp;&nbsp;&nbsp;<\/p>\n<p><strong>Endere&ccedil;o: <\/strong>Av. Gov. Irineu Bornhausen, 5600 &#8211; Agron&ocirc;mica, Florian&oacute;polis\/SC&nbsp;<\/p>\n<p><strong>Datas e hor&aacute;rios:<\/strong>&nbsp;<\/p>\n<p>16\/12: 14h30&nbsp;<\/p>\n<p>16\/12: 17h&nbsp;<\/p>\n<p>&nbsp;<\/p>\n<p>17\/12: 14h30&nbsp;<\/p>\n<p>17\/12: 17h&nbsp;<\/p>\n<p>&nbsp;<\/p>\n<p>Ingressos e mais informa&ccedil;&otilde;es:&nbsp;&nbsp;<\/p>\n<p><a rel=\"follow noopener\" target='_blank' href='https:\/\/bileto.sympla.com.br\/event\/85590\/d\/210074\/s\/1417709'>https:\/\/bileto.sympla.com.br\/event\/85590\/d\/210074\/s\/1417709<\/a>&nbsp;<\/p>\n<p>&nbsp;<\/p>\n<p>Website: <a target='_blank' href='http:\/\/www.ageimagem.com.br' rel=\"follow noopener\">http:\/\/www.ageimagem.com.br<\/a><img src='https:\/\/api.dino.com.br\/v2\/news\/tr\/297001' alt='' style='border:0px;width:1px;height:1px' \/><br \/>\nA <b>OESP<\/b> n\u00e3o \u00e9(s\u00e3o) respons\u00e1vel(is) por erros, incorre\u00e7\u00f5es, atrasos ou quaisquer decis\u00f5es tomadas por seus clientes com base nos Conte\u00fados ora disponibilizados, bem como tais Conte\u00fados n\u00e3o representam a opini\u00e3o da <b>OESP<\/b> e s\u00e3o de inteira responsabilidade da <b>Dino Divulgador de Noticias Online Ltda<\/b><\/p>\n","protected":false},"excerpt":{"rendered":"DINO DIVULGADOR DE NOT\u00cdCIAS Rio de Janeiro&#8211;(DINO &#8211; 07 dez, 2023) &#8211; St&eacute;fano Agostini d&aacute; vida a um personagem que tem tanta obsess&atilde;o por higiene que anda","protected":false},"author":1,"featured_media":0,"comment_status":"open","ping_status":"closed","sticky":false,"template":"","format":"standard","meta":{"_acf_changed":false,"inline_featured_image":false,"_monsterinsights_skip_tracking":false,"_monsterinsights_sitenote_active":false,"_monsterinsights_sitenote_note":"","_monsterinsights_sitenote_category":0,"footnotes":""},"categories":[34],"tags":[],"class_list":["post-82580","post","type-post","status-publish","format-standard","hentry","category-releases-geral"],"acf":[],"_links":{"self":[{"href":"https:\/\/bluestudio.estadao.com.br\/agencia-de-comunicacao\/wp-json\/wp\/v2\/posts\/82580","targetHints":{"allow":["GET"]}}],"collection":[{"href":"https:\/\/bluestudio.estadao.com.br\/agencia-de-comunicacao\/wp-json\/wp\/v2\/posts"}],"about":[{"href":"https:\/\/bluestudio.estadao.com.br\/agencia-de-comunicacao\/wp-json\/wp\/v2\/types\/post"}],"author":[{"embeddable":true,"href":"https:\/\/bluestudio.estadao.com.br\/agencia-de-comunicacao\/wp-json\/wp\/v2\/users\/1"}],"replies":[{"embeddable":true,"href":"https:\/\/bluestudio.estadao.com.br\/agencia-de-comunicacao\/wp-json\/wp\/v2\/comments?post=82580"}],"version-history":[{"count":0,"href":"https:\/\/bluestudio.estadao.com.br\/agencia-de-comunicacao\/wp-json\/wp\/v2\/posts\/82580\/revisions"}],"wp:attachment":[{"href":"https:\/\/bluestudio.estadao.com.br\/agencia-de-comunicacao\/wp-json\/wp\/v2\/media?parent=82580"}],"wp:term":[{"taxonomy":"category","embeddable":true,"href":"https:\/\/bluestudio.estadao.com.br\/agencia-de-comunicacao\/wp-json\/wp\/v2\/categories?post=82580"},{"taxonomy":"post_tag","embeddable":true,"href":"https:\/\/bluestudio.estadao.com.br\/agencia-de-comunicacao\/wp-json\/wp\/v2\/tags?post=82580"}],"curies":[{"name":"wp","href":"https:\/\/api.w.org\/{rel}","templated":true}]}}