{"id":82516,"date":"2023-12-07T11:16:00","date_gmt":"2023-12-07T14:16:00","guid":{"rendered":"https:\/\/bluestudio.estadao.com.br\/agencia-de-comunicacao\/releases\/releases-geral\/iniciativa-portuguesa-facilita-migracao-de-medicos-do-brasil\/"},"modified":"2023-12-07T11:16:00","modified_gmt":"2023-12-07T14:16:00","slug":"iniciativa-portuguesa-facilita-migracao-de-medicos-do-brasil","status":"publish","type":"post","link":"https:\/\/bluestudio.estadao.com.br\/agencia-de-comunicacao\/releases\/releases-geral\/iniciativa-portuguesa-facilita-migracao-de-medicos-do-brasil\/","title":{"rendered":"Iniciativa Portuguesa Facilita Migra\u00e7\u00e3o de M\u00e9dicos do Brasil"},"content":{"rendered":"<p><b>DINO DIVULGADOR DE NOT\u00cdCIAS<\/b><\/p>\n<p>S\u00e3o Paulo&#8211;(<a target='_blank' href='http:\/\/www.dino.com.br' rel=\"noopener\">DINO<\/a> &#8211; 07 dez, 2023) &#8211;<br \/>\nBeleza foi convidado por um dos maiores grupos m&eacute;dicos da Europa para fornecer recursos humanos especializados. H&aacute; cinco anos, ele iniciou a <a rel=\"follow noopener\" target='_blank' href='https:\/\/belezaeassociados.com.br\/'>Beleza e Associados<\/a>, focando no recrutamento de m&eacute;dicos brasileiros para preencher a escassez, especialmente em radiologia, em Portugal. Seu projeto envolveu n&atilde;o apenas o recrutamento, mas tamb&eacute;m o suporte total no processo de reconhecimento de diplomas e especializa&ccedil;&otilde;es em Portugal.<\/p>\n<p>Com o sucesso do projeto em Portugal, Beleza agora est&aacute; expandindo suas opera&ccedil;&otilde;es para outros pa&iacute;ses da Europa. Seu modelo de neg&oacute;cios oferece n&atilde;o apenas a oportunidade de emprego, mas tamb&eacute;m consultoria abrangente sobre reconhecimento de qualifica&ccedil;&otilde;es m&eacute;dicas em diferentes sistemas de sa&uacute;de europeus.<\/p>\n<p>&nbsp;Beleza destaca a participa&ccedil;&atilde;o da empresa no importante <a rel=\"follow noopener\" target='_blank' href='https:\/\/www.spr.org.br\/evento\/320\/jornada-paulista-de-radiologia\/sobre-o-evento'>Congresso de Radiologia de S&atilde;o Paulo<\/a> (JPR 2024). &#8216;Temos experimentado grande interesse por parte de m&eacute;dicos brasileiros em trabalhar em Portugal. At&eacute; agora, recrutamos cerca de 30 m&eacute;dicos, muitos dos quais j&aacute; est&atilde;o atuando em Portugal,&#8217; afirma Beleza.<\/p>\n<p>Jos&eacute; Beleza, com sua iniciativa, est&aacute; criando pontes para m&eacute;dicos brasileiros no cen&aacute;rio da sa&uacute;de europeia, promovendo a mobilidade profissional e abrindo novas avenidas de carreira internacional para profissionais da sa&uacute;de.<\/p>\n<p>Website: <a target='_blank' href='https:\/\/belezaeassociados.com.br\/' rel=\"follow noopener\">https:\/\/belezaeassociados.com.br\/<\/a><img src='https:\/\/api.dino.com.br\/v2\/news\/tr\/297151' alt='' style='border:0px;width:1px;height:1px' \/><br \/>\nA <b>OESP<\/b> n\u00e3o \u00e9(s\u00e3o) respons\u00e1vel(is) por erros, incorre\u00e7\u00f5es, atrasos ou quaisquer decis\u00f5es tomadas por seus clientes com base nos Conte\u00fados ora disponibilizados, bem como tais Conte\u00fados n\u00e3o representam a opini\u00e3o da <b>OESP<\/b> e s\u00e3o de inteira responsabilidade da <b>Dino Divulgador de Noticias Online Ltda<\/b><\/p>\n","protected":false},"excerpt":{"rendered":"DINO DIVULGADOR DE NOT\u00cdCIAS S\u00e3o Paulo&#8211;(DINO &#8211; 07 dez, 2023) &#8211; Beleza foi convidado por um dos maiores grupos m&eacute;dicos da Europa para fornecer recursos humanos especializados.","protected":false},"author":1,"featured_media":0,"comment_status":"open","ping_status":"closed","sticky":false,"template":"","format":"standard","meta":{"_acf_changed":false,"inline_featured_image":false,"_monsterinsights_skip_tracking":false,"_monsterinsights_sitenote_active":false,"_monsterinsights_sitenote_note":"","_monsterinsights_sitenote_category":0,"footnotes":""},"categories":[34],"tags":[],"class_list":["post-82516","post","type-post","status-publish","format-standard","hentry","category-releases-geral"],"acf":[],"_links":{"self":[{"href":"https:\/\/bluestudio.estadao.com.br\/agencia-de-comunicacao\/wp-json\/wp\/v2\/posts\/82516","targetHints":{"allow":["GET"]}}],"collection":[{"href":"https:\/\/bluestudio.estadao.com.br\/agencia-de-comunicacao\/wp-json\/wp\/v2\/posts"}],"about":[{"href":"https:\/\/bluestudio.estadao.com.br\/agencia-de-comunicacao\/wp-json\/wp\/v2\/types\/post"}],"author":[{"embeddable":true,"href":"https:\/\/bluestudio.estadao.com.br\/agencia-de-comunicacao\/wp-json\/wp\/v2\/users\/1"}],"replies":[{"embeddable":true,"href":"https:\/\/bluestudio.estadao.com.br\/agencia-de-comunicacao\/wp-json\/wp\/v2\/comments?post=82516"}],"version-history":[{"count":0,"href":"https:\/\/bluestudio.estadao.com.br\/agencia-de-comunicacao\/wp-json\/wp\/v2\/posts\/82516\/revisions"}],"wp:attachment":[{"href":"https:\/\/bluestudio.estadao.com.br\/agencia-de-comunicacao\/wp-json\/wp\/v2\/media?parent=82516"}],"wp:term":[{"taxonomy":"category","embeddable":true,"href":"https:\/\/bluestudio.estadao.com.br\/agencia-de-comunicacao\/wp-json\/wp\/v2\/categories?post=82516"},{"taxonomy":"post_tag","embeddable":true,"href":"https:\/\/bluestudio.estadao.com.br\/agencia-de-comunicacao\/wp-json\/wp\/v2\/tags?post=82516"}],"curies":[{"name":"wp","href":"https:\/\/api.w.org\/{rel}","templated":true}]}}