{"id":82069,"date":"2023-12-04T16:12:00","date_gmt":"2023-12-04T19:12:00","guid":{"rendered":"https:\/\/bluestudio.estadao.com.br\/agencia-de-comunicacao\/releases\/releases-geral\/dia-internacional-do-voluntario-empresas-e-colaboradores-se-unem-em-iniciativas\/"},"modified":"2023-12-04T16:12:00","modified_gmt":"2023-12-04T19:12:00","slug":"dia-internacional-do-voluntario-empresas-e-colaboradores-se-unem-em-iniciativas","status":"publish","type":"post","link":"https:\/\/bluestudio.estadao.com.br\/agencia-de-comunicacao\/releases\/releases-geral\/dia-internacional-do-voluntario-empresas-e-colaboradores-se-unem-em-iniciativas\/","title":{"rendered":"Dia Internacional do Volunt\u00e1rio: empresas e colaboradores se unem em iniciativas"},"content":{"rendered":"<p><b>DINO DIVULGADOR DE NOT\u00cdCIAS<\/b><\/p>\n<p>S\u00e3o Paulo, SP&#8211;(<a target='_blank' href='http:\/\/www.dino.com.br' rel=\"noopener\">DINO<\/a> &#8211; 04 dez, 2023) &#8211;<br \/>\nNo dia 5 de dezembro &eacute; celebrado o Dia Internacional do Volunt&aacute;rio, data institu&iacute;da pela Organiza&ccedil;&atilde;o das Na&ccedil;&otilde;es Unidas (ONU) em 1985 para fomentar e reconhecer a import&acirc;ncia do voluntariado em todas as suas formas. No Brasil, a&ccedil;&otilde;es volunt&aacute;rias s&atilde;o reconhecidas por pelo menos 84% dos brasileiros que afirmam j&aacute; ter feito algum tipo de doa&ccedil;&atilde;o, de acordo com a pesquisa <a rel=\"follow noopener\" target='_blank' href='https:\/\/pesquisadoacaobrasil.org.br\/'>Doa&ccedil;&atilde;o Brasil 2022 do Instituto para o Desenvolvimento do Investimento Social.<\/a><\/p>\n<p>Muitas dessas iniciativas s&atilde;o viabilizadas por meio das empresas, que se unem a organiza&ccedil;&otilde;es para apoiar causas diversas, seja por meio de contribui&ccedil;&otilde;es financeiras ou do tempo e talento dos colaboradores. Nesta temporada de fim de ano, &eacute; comum observar empresas engajando seus funcion&aacute;rios em campanhas de arrecada&ccedil;&atilde;o de presentes para o Natal de crian&ccedil;as em situa&ccedil;&atilde;o de vulnerabilidade, por exemplo.&nbsp;<\/p>\n<p>&Eacute; o caso do Grupo Reckitt, que completa seu centen&aacute;rio no Brasil este ano e &eacute; detentor de marcas conhecidas como Veja, Vanish, Sustagen, Bom Ar e Luftal. Atrav&eacute;s do seu Comit&ecirc; Engaja, a empresa estabeleceu o objetivo de arrecadar R$32 mil em doa&ccedil;&otilde;es para a ONG Turma da Touca, uma organiza&ccedil;&atilde;o sem fins lucrativos que atende mais de 1000 crian&ccedil;as e adolescentes na zona sul de S&atilde;o Paulo. A arrecada&ccedil;&atilde;o tamb&eacute;m est&aacute; aberta ao p&uacute;blico, pelo site: <a rel=\"follow noopener\" target='_blank' href='https:\/\/campaign-production.doare.org\/campanha\/457bb164-ab80-4630-b60e-856ad7bc6f9c\/natal-solidario-criancas-e-adolescentes\/turma-da-touca-'>https:\/\/campaign-production.doare.org\/campanha\/457bb164-ab80-4630-b60e-856ad7bc6f9c\/natal-solidario-criancas-e-adolescentes\/turma-da-touca-<\/a><\/p>\n<p>Para Helena Costa Brito, representante da Turma da Touca, &#8216;Iniciativas com o setor privado s&atilde;o fundamentais para a continuidade do nosso trabalho. Essa &eacute; uma &eacute;poca especial para as crian&ccedil;as. O apoio do Grupo Reckitt nos permite ampliar nosso alcance e proporcionar um impacto positivo ainda maior na vida delas.&#8217;.<\/p>\n<p>Essa n&atilde;o &eacute; a &uacute;nica frente voltada para o voluntariado do Grupo Reckitt. A multinacional brit&acirc;nica tamb&eacute;m mant&eacute;m o projeto &ldquo;Give Time&rdquo;, um programa interno global que oferece aos colaboradores dois dias por ano para atuarem como volunt&aacute;rios em causas sociais. A meta ambiciosa at&eacute; 2025 &eacute; contribuir com 100 mil horas dedicadas ao trabalho volunt&aacute;rio mundialmente. Em 2023, foram somadas 650 horas em atividades dedicadas a comunidades e ao meio ambiente, somente no Brasil.&nbsp;<\/p>\n<p>Ao envolver os colaboradores em a&ccedil;&otilde;es solid&aacute;rias, a representante do Comit&ecirc; Engaja do Grupo Reckitt destaca diversos benef&iacute;cios: &ldquo;Percebemos o quanto se envolver em projetos volunt&aacute;rios melhora o clima organizacional, fortalece la&ccedil;os entre os colaboradores e contribui para a estrat&eacute;gia de impacto e investimento social privado corporativo&rdquo;, observa Jady Silva.&nbsp;<\/p>\n<p>O Dia Internacional do Volunt&aacute;rio &eacute; um lembrete essencial do poder da a&ccedil;&atilde;o coletiva e do impacto positivo que empresas e colaboradores podem gerar quando se unem em prol de causas sociais significativas. &ldquo;Ao adotar iniciativas de voluntariado, as empresas n&atilde;o apenas beneficiam comunidades carentes, mas tamb&eacute;m fortalecem sua cultura corporativa, promovendo um sentido de prop&oacute;sito e responsabilidade social entre seus colaboradores&rdquo;, finaliza Jady.&nbsp;<\/p>\n<p>Website: <a target='_blank' href='https:\/\/reckitt.com\/br' rel=\"follow noopener\">https:\/\/reckitt.com\/br<\/a><img src='https:\/\/api.dino.com.br\/v2\/news\/tr\/287034' alt='' style='border:0px;width:1px;height:1px' \/><br \/>\nA <b>OESP<\/b> n\u00e3o \u00e9(s\u00e3o) respons\u00e1vel(is) por erros, incorre\u00e7\u00f5es, atrasos ou quaisquer decis\u00f5es tomadas por seus clientes com base nos Conte\u00fados ora disponibilizados, bem como tais Conte\u00fados n\u00e3o representam a opini\u00e3o da <b>OESP<\/b> e s\u00e3o de inteira responsabilidade da <b>Dino Divulgador de Noticias Online Ltda<\/b><\/p>\n","protected":false},"excerpt":{"rendered":"DINO DIVULGADOR DE NOT\u00cdCIAS S\u00e3o Paulo, SP&#8211;(DINO &#8211; 04 dez, 2023) &#8211; No dia 5 de dezembro &eacute; celebrado o Dia Internacional do Volunt&aacute;rio, data institu&iacute;da pela","protected":false},"author":1,"featured_media":0,"comment_status":"open","ping_status":"closed","sticky":false,"template":"","format":"standard","meta":{"_acf_changed":false,"inline_featured_image":false,"_monsterinsights_skip_tracking":false,"_monsterinsights_sitenote_active":false,"_monsterinsights_sitenote_note":"","_monsterinsights_sitenote_category":0,"footnotes":""},"categories":[34],"tags":[],"class_list":["post-82069","post","type-post","status-publish","format-standard","hentry","category-releases-geral"],"acf":[],"_links":{"self":[{"href":"https:\/\/bluestudio.estadao.com.br\/agencia-de-comunicacao\/wp-json\/wp\/v2\/posts\/82069","targetHints":{"allow":["GET"]}}],"collection":[{"href":"https:\/\/bluestudio.estadao.com.br\/agencia-de-comunicacao\/wp-json\/wp\/v2\/posts"}],"about":[{"href":"https:\/\/bluestudio.estadao.com.br\/agencia-de-comunicacao\/wp-json\/wp\/v2\/types\/post"}],"author":[{"embeddable":true,"href":"https:\/\/bluestudio.estadao.com.br\/agencia-de-comunicacao\/wp-json\/wp\/v2\/users\/1"}],"replies":[{"embeddable":true,"href":"https:\/\/bluestudio.estadao.com.br\/agencia-de-comunicacao\/wp-json\/wp\/v2\/comments?post=82069"}],"version-history":[{"count":0,"href":"https:\/\/bluestudio.estadao.com.br\/agencia-de-comunicacao\/wp-json\/wp\/v2\/posts\/82069\/revisions"}],"wp:attachment":[{"href":"https:\/\/bluestudio.estadao.com.br\/agencia-de-comunicacao\/wp-json\/wp\/v2\/media?parent=82069"}],"wp:term":[{"taxonomy":"category","embeddable":true,"href":"https:\/\/bluestudio.estadao.com.br\/agencia-de-comunicacao\/wp-json\/wp\/v2\/categories?post=82069"},{"taxonomy":"post_tag","embeddable":true,"href":"https:\/\/bluestudio.estadao.com.br\/agencia-de-comunicacao\/wp-json\/wp\/v2\/tags?post=82069"}],"curies":[{"name":"wp","href":"https:\/\/api.w.org\/{rel}","templated":true}]}}