{"id":81968,"date":"2023-12-04T11:16:00","date_gmt":"2023-12-04T14:16:00","guid":{"rendered":"https:\/\/bluestudio.estadao.com.br\/agencia-de-comunicacao\/releases\/releases-geral\/disturbios-do-sono-aumentam-mortes-por-doencas-cronicas\/"},"modified":"2023-12-04T11:16:00","modified_gmt":"2023-12-04T14:16:00","slug":"disturbios-do-sono-aumentam-mortes-por-doencas-cronicas","status":"publish","type":"post","link":"https:\/\/bluestudio.estadao.com.br\/agencia-de-comunicacao\/releases\/releases-geral\/disturbios-do-sono-aumentam-mortes-por-doencas-cronicas\/","title":{"rendered":"Dist\u00farbios do sono aumentam mortes por doen\u00e7as cr\u00f4nicas"},"content":{"rendered":"<p><b>DINO DIVULGADOR DE NOT\u00cdCIAS<\/b><\/p>\n<p>(<a target='_blank' href='http:\/\/www.dino.com.br' rel=\"noopener\">DINO<\/a> &#8211; 04 dez, 2023) &#8211;<br \/>\nA revista cient\u00edfica <em>British Medical Journal<\/em> (BMJ) publicou, no dia 20 de novembro, <a rel=\"follow noopener\" target='_blank' href='https:\/\/www.bmj.com\/content\/bmj\/383\/bmj.p2721.full.pdf' data-mce-target='_blank'>artigo assinado por especialistas brasileiros<\/a> que alerta para a escassez, em todo o mundo, de a\u00e7\u00f5es de enfrentamento aos dist\u00farbios do sono. O texto adverte que a neglig\u00eancia com esses dist\u00farbios impedir\u00e1 a redu\u00e7\u00e3o da mortalidade prematura por doen\u00e7as cr\u00f4nicas n\u00e3o transmiss\u00edveis em um ter\u00e7o at\u00e9 2030, como parte da meta 3.4 dos objetivos de desenvolvimento sustent\u00e1vel (ODS) das Na\u00e7\u00f5es Unidas (ONU).<\/p>\n<p>Os autores tamb\u00e9m expressam preocupa\u00e7\u00e3o com o fato de que os problemas que afetam a qualidade e continuidade do sono s\u00e3o ignorados nas discuss\u00f5es sobre o alcance desta meta, realizadas por \u00f3rg\u00e3os globais relevantes, como a Organiza\u00e7\u00e3o Mundial de Sa\u00fade (OMS). N\u00e3o obstante, os dist\u00farbios do sono s\u00e3o reconhecidos pela comunidade cient\u00edfica como fator de risco para o surgimento e\/ou agravamento de condi\u00e7\u00f5es e doen\u00e7as cr\u00f4nicas n\u00e3o transmiss\u00edveis (CCNTs\/DCNTs) como obesidade, hipertens\u00e3o, diabetes, dor, transtornos mentais, doen\u00e7as cardiovasculares, acidente vascular cerebral (AVC), al\u00e9m de c\u00e2ncer de mama, pr\u00f3stata e colorretal.<\/p>\n<p>Considerados uma epidemia global pela pr\u00f3pria OMS, os dist\u00farbios do sono s\u00e3o amplamente prevalentes, prejudicando a sa\u00fade e qualidade de vida de cerca de 40 a 45% da popula\u00e7\u00e3o mundial. A Classifica\u00e7\u00e3o Internacional de Dist\u00farbios do Sono lista mais de 70 transtornos. <a rel=\"follow noopener\" target='_blank' href='https:\/\/www.thelancet.com\/journals\/lanres\/article\/PIIS2213-2600(19)30198-5\/fulltext' data-mce-target='_blank'>Estudos de 2019<\/a> mostraram que os mais prevalentes s\u00e3o a apneia obstrutiva do sono (AOS), que atinge <a rel=\"follow noopener\" target='_blank' href='https:\/\/www.thelancet.com\/journals\/lanres\/article\/PIIS2213-2600(19)30198-5\/fulltext' data-mce-target='_blank'>quase um bilh\u00e3o de pessoas no mundo<\/a>, e a ins\u00f4nia, que aflige <a rel=\"follow noopener\" target='_blank' href='https:\/\/jcsm.aasm.org\/doi\/full\/10.5664\/jcsm.26929' data-mce-target='_blank'>30% dos adultos<\/a>. Pesquisadores atestaram, em 2021, que <a rel=\"follow noopener\" target='_blank' href='https:\/\/www.ncbi.nlm.nih.gov\/pmc\/articles\/PMC9153976\/' data-mce-target='_blank'>pessoas com ins\u00f4nia cr\u00f4nica apresentam um risco 21% maior de hipertens\u00e3o<\/a>. Em 2017, cientistas constataram que a ins\u00f4nia cr\u00f4nica acarreta um <a rel=\"follow noopener\" target='_blank' href='https:\/\/onlinelibrary.wiley.com\/doi\/abs\/10.1002\/dmrr.2930' data-mce-target='_blank'>risco 51% maior de diabetes&nbsp;tipo&nbsp;2<\/a>. Ambas as condi\u00e7\u00f5es est\u00e3o associadas \u00e0 diminui\u00e7\u00e3o da funcionalidade e aumento do risco de acidentes, redu\u00e7\u00e3o da imunidade e maior risco cardiovascular.&nbsp;<\/p>\n<p>No Brasil, ao mesmo tempo que a <a rel=\"follow noopener\" target='_blank' href='https:\/\/www.ncbi.nlm.nih.gov\/pmc\/articles\/PMC9153976\/' data-mce-target='_blank'>preval\u00eancia dos dist\u00farbios do sono est\u00e1 entre as mais elevadas, raramente a popula\u00e7\u00e3o busca orienta\u00e7\u00e3o e tratamento<\/a>. O pa\u00eds est\u00e1 entre os dez com maior n\u00famero estimado de indiv\u00edduos com AOS, <a rel=\"follow noopener\" target='_blank' href='https:\/\/www.scielo.br\/j\/jbpneu\/a\/PdHyqJ94dYK85CHvcBHKDnb\/?format=pdf' data-mce-target='_blank'>27 milh\u00f5es de brasileiros<\/a>. Com os maiores \u00edndices de ansiedade do mundo, o pa\u00eds tamb\u00e9m est\u00e1 inclu\u00eddo, n\u00e3o por acaso, entre aqueles em que menos se dorme.<\/p>\n<p><a rel=\"follow noopener\" target='_blank' href='https:\/\/www.bmj.com\/content\/383\/bmj.p2721' data-mce-target='_blank'>O artigo veiculado pelo BMJ<\/a> conclama os pa\u00edses a implementarem, em car\u00e1ter de urg\u00eancia, pol\u00edticas de preven\u00e7\u00e3o, diagn\u00f3stico e tratamento dos dist\u00farbios do sono. &#8216;A identifica\u00e7\u00e3o oportuna e manejo adequado desses transtornos contribuem para a preven\u00e7\u00e3o prim\u00e1ria, secund\u00e1ria e terci\u00e1ria de CCNTs&#8217;, lembra o Dr. Mark Barone, pesquisador do tema e coordenador do F\u00f3rumDCNTs. &#8216;Tomadores de decis\u00e3o e formuladores de pol\u00edticas devem reconhecer a gravidade desses dist\u00farbios, que s\u00e3o compar\u00e1veis aos tradicionais fatores de risco para condi\u00e7\u00f5es cr\u00f4nicas, como tabaco, \u00e1lcool, sedentarismo e alimenta\u00e7\u00e3o n\u00e3o saud\u00e1vel&#8217;, defende Barone. <\/p>\n<p>O especialista revela que no Brasil h\u00e1 um esfor\u00e7o intersetorial que j\u00e1 publicou, neste ano, <a rel=\"follow noopener\" target='_blank' href='https:\/\/www.forumdcnts.org\/post\/call-to-action-disturbios-sono-ccnts' data-mce-target='_blank'><em>call-to-action<\/em><\/a> \u00e0s autoridades e <a rel=\"follow noopener\" target='_blank' href='https:\/\/www.forumdcnts.org\/post\/disturbios-sono-ccnts' data-mce-target='_blank'>material educativo<\/a> para profissionais e gestores de sa\u00fade, para que os dist\u00farbios do sono recebam a aten\u00e7\u00e3o necess\u00e1ria. Assinam o artigo, em conjunto com o Dr. Barone, Elton Prates e J\u00falia Silveira, ambos tamb\u00e9m do F\u00f3rumDCNTs, a Profa. Claudia Moreno, Faculdade de Sa\u00fade P\u00fablica da Universidade de S\u00e3o Paulo (FSP-USP), e a Profa. Ana Carolina Micheletti, Escola de Enfermagem da Universidade Federal de Minas Gerais (EE-UFMG).<\/p>\n<p>Mais informa\u00e7\u00f5es:&nbsp;<a rel=\"follow noopener\" target='_blank' href='https:\/\/www.forumdcnts.org\/' data-mce-target='_blank'>http:\/\/www.ForumDCNTs.org.<\/a><\/p>\n<p>Website: <a target='_blank' href='http:\/\/www.ForumDCNTs.org' rel=\"follow noopener\">http:\/\/www.ForumDCNTs.org<\/a><img src='https:\/\/api.dino.com.br\/v2\/news\/tr\/297989' alt='' style='border:0px;width:1px;height:1px' \/><br \/>\nA <b>OESP<\/b> n\u00e3o \u00e9(s\u00e3o) respons\u00e1vel(is) por erros, incorre\u00e7\u00f5es, atrasos ou quaisquer decis\u00f5es tomadas por seus clientes com base nos Conte\u00fados ora disponibilizados, bem como tais Conte\u00fados n\u00e3o representam a opini\u00e3o da <b>OESP<\/b> e s\u00e3o de inteira responsabilidade da <b>Dino Divulgador de Noticias Online Ltda<\/b><\/p>\n","protected":false},"excerpt":{"rendered":"DINO DIVULGADOR DE NOT\u00cdCIAS (DINO &#8211; 04 dez, 2023) &#8211; A revista cient\u00edfica British Medical Journal (BMJ) publicou, no dia 20 de novembro, artigo assinado por especialistas brasileiros que","protected":false},"author":1,"featured_media":0,"comment_status":"open","ping_status":"closed","sticky":false,"template":"","format":"standard","meta":{"_acf_changed":false,"inline_featured_image":false,"_monsterinsights_skip_tracking":false,"_monsterinsights_sitenote_active":false,"_monsterinsights_sitenote_note":"","_monsterinsights_sitenote_category":0,"footnotes":""},"categories":[34],"tags":[],"class_list":["post-81968","post","type-post","status-publish","format-standard","hentry","category-releases-geral"],"acf":[],"_links":{"self":[{"href":"https:\/\/bluestudio.estadao.com.br\/agencia-de-comunicacao\/wp-json\/wp\/v2\/posts\/81968","targetHints":{"allow":["GET"]}}],"collection":[{"href":"https:\/\/bluestudio.estadao.com.br\/agencia-de-comunicacao\/wp-json\/wp\/v2\/posts"}],"about":[{"href":"https:\/\/bluestudio.estadao.com.br\/agencia-de-comunicacao\/wp-json\/wp\/v2\/types\/post"}],"author":[{"embeddable":true,"href":"https:\/\/bluestudio.estadao.com.br\/agencia-de-comunicacao\/wp-json\/wp\/v2\/users\/1"}],"replies":[{"embeddable":true,"href":"https:\/\/bluestudio.estadao.com.br\/agencia-de-comunicacao\/wp-json\/wp\/v2\/comments?post=81968"}],"version-history":[{"count":0,"href":"https:\/\/bluestudio.estadao.com.br\/agencia-de-comunicacao\/wp-json\/wp\/v2\/posts\/81968\/revisions"}],"wp:attachment":[{"href":"https:\/\/bluestudio.estadao.com.br\/agencia-de-comunicacao\/wp-json\/wp\/v2\/media?parent=81968"}],"wp:term":[{"taxonomy":"category","embeddable":true,"href":"https:\/\/bluestudio.estadao.com.br\/agencia-de-comunicacao\/wp-json\/wp\/v2\/categories?post=81968"},{"taxonomy":"post_tag","embeddable":true,"href":"https:\/\/bluestudio.estadao.com.br\/agencia-de-comunicacao\/wp-json\/wp\/v2\/tags?post=81968"}],"curies":[{"name":"wp","href":"https:\/\/api.w.org\/{rel}","templated":true}]}}