{"id":81705,"date":"2023-11-30T16:58:00","date_gmt":"2023-11-30T19:58:00","guid":{"rendered":"https:\/\/bluestudio.estadao.com.br\/agencia-de-comunicacao\/prnewswire\/prnewsesportes\/alana-articula-cop-centrada-nas-criancas-3\/"},"modified":"2023-11-30T16:58:00","modified_gmt":"2023-11-30T19:58:00","slug":"alana-articula-cop-centrada-nas-criancas-3","status":"publish","type":"post","link":"https:\/\/bluestudio.estadao.com.br\/agencia-de-comunicacao\/prnewswire\/prnewsesportes\/alana-articula-cop-centrada-nas-criancas-3\/","title":{"rendered":"Alana articula COP centrada nas crian\u00e7as"},"content":{"rendered":"<p><b>PR NEWSWIRE<\/b><\/p>\n<div class=\"xn-content\">\n\u00a0<i>Apesar de n\u00e3o terem qualquer responsabilidade pelas mudan\u00e7as clim\u00e1ticas, crian\u00e7as e adolescentes s\u00e3o os mais afetados e n\u00e3o s\u00e3o ouvidos ou priorizados nas negocia\u00e7\u00f5es da Confer\u00eancia do Clima da ONU<\/i><\/p>\n<p><span class=\"legendSpanClass\">S\u00c3O PAULO<\/span>, <span class=\"legendSpanClass\">30 de novembro de 2023<\/span> <span>\/PRNewswire\/ &#8212; <\/span>Quase metade das crian\u00e7as do mundo &#8211; 1 bilh\u00e3o do total de 2,2 bilh\u00f5es &#8211; vive em condi\u00e7\u00f5es de risco clim\u00e1tico extremamente elevado, em \u00e1reas sujeitas a enchentes, ondas de calor e outros fen\u00f4menos severos, segundo o UNICEF. Estima-se que mais de uma em cada quatro mortes de crian\u00e7as com menos de 5 anos est\u00e1 direta ou indiretamente relacionada a riscos ambientais. O Alana, organiza\u00e7\u00e3o que atua em prol dos direitos de crian\u00e7as e adolescentes, alerta que, at\u00e9 o momento, nenhuma decis\u00e3o tomada no \u00e2mbito da COP, a Confer\u00eancia do Clima da ONU, teve como foco a prote\u00e7\u00e3o desse p\u00fablico frente \u00e0 crise clim\u00e1tica. Atualmente, apenas 2,4% dos principais fundos clim\u00e1ticos multilaterais apoiam programas que levam crian\u00e7as e adolescentes em considera\u00e7\u00e3o.<\/p>\n<div class=\"PRN_ImbeddedAssetReference\" id=\"DivAssetPlaceHolder3898\">\n<a href=\"https:\/\/mma.prnewswire.com\/media\/2289971\/The_Latent_Force_of_Climate__Credito_DivulgacaoAlana.html\" target=\"_blank\" rel=\"nofollow noopener\"><img decoding=\"async\" src=\"https:\/\/mma.prnewswire.com\/media\/2289971\/The_Latent_Force_of_Climate__Credito_DivulgacaoAlana.jpg\" title=\"Crian\u00e7as que participam do filme The important Stuff, que ser\u00e1 divulgado no Leader\u00b4s Event Youth &amp; Education - The Latent Force of Climate - Credito Divulgacao Alana\" alt=\"Crian\u00e7as que participam do filme The important Stuff, que ser\u00e1 divulgado no Leader\u00b4s Event Youth &amp; Education - The Latent Force of Climate - Credito Divulgacao Alana\" \/><\/a><\/p>\n<\/div>\n<p>Embora j\u00e1 bastante afetadas e sem ter qualquer responsabilidade pela situa\u00e7\u00e3o atual, as crian\u00e7as n\u00e3o s\u00e3o ouvidas ou priorizadas nas discuss\u00f5es e negocia\u00e7\u00f5es da\u00a0 reuni\u00e3o anual da Conven\u00e7\u00e3o-Quadro das Na\u00e7\u00f5es Unidas sobre Altera\u00e7\u00f5es Clim\u00e1ticas (UNFCCC), na qual pa\u00edses membros discutem a emerg\u00eancia clim\u00e1tica e buscam fechar acordos com o objetivo de frear o aumento da temperatura da Terra. Para reverter essa condi\u00e7\u00e3o em prol da constru\u00e7\u00e3o de uma COP centrada nas crian\u00e7as (#COPdasCrian\u00e7as), o Alana prop\u00f5e a\u00e7\u00f5es urgentes para que esse p\u00fablico seja contemplado durante as negocia\u00e7\u00f5es da <span class=\"xn-money\">COP 28<\/span>, realizada entre os dias 30 de novembro e 12 de dezembro, em <span class=\"xn-location\">Dubai<\/span>, nos Emirados \u00c1rabes.<\/p>\n<p>Neste ano, o Alana, juntamente com outras organiza\u00e7\u00f5es parceiras, leva para o evento vozes de crian\u00e7as de 13 pa\u00edses &#8211; Austr\u00e1lia, <span class=\"xn-location\">Barbados<\/span>, Brasil, Cazaquist\u00e3o, Egito, Emirados \u00c1rabes, Estados Unidos, <span class=\"xn-location\">Kiribati<\/span>, <span class=\"xn-location\">Madagascar<\/span>, Mal\u00e1sia, Paquist\u00e3o, S\u00e9rvia e Som\u00e1lia -, por meio de seis filmes desenvolvidos pela ag\u00eancia Fbiz. No filme &#8220;The Important Stuff&#8221;, que ser\u00e1 divulgado no Leader\u00b4s Event Youth &amp; Education &#8211; The Latent Force of Climate Action, no dia 2 de dezembro, as crian\u00e7as relatam como suas vidas t\u00eam sido afetadas pelas emerg\u00eancias clim\u00e1ticas, expressam suas preocupa\u00e7\u00f5es e medos, al\u00e9m de cobrar a\u00e7\u00f5es efetivas e solu\u00e7\u00f5es imediatas das autoridades.<\/p>\n<p>&#8220;Uma COP das Crian\u00e7as seria uma resposta importante do mundo para garantir os direitos de crian\u00e7as e adolescentes frente \u00e0 crise clim\u00e1tica, com reflexo nos compromissos de pa\u00edses, especialmente do Brasil, rumo \u00e0 <span class=\"xn-money\">COP30<\/span>, de empresas e de funda\u00e7\u00f5es filantr\u00f3picas. Crian\u00e7as e adolescentes j\u00e1 t\u00eam contribu\u00eddo ativamente por a\u00e7\u00f5es clim\u00e1ticas e precisamos ouvi-las e inclu\u00ed-las de fato nas decis\u00f5es globais&#8221;, diz JP Amaral, gerente de Natureza do Alana.<\/p>\n<p>Junto com organiza\u00e7\u00f5es internacionais, o Alana vem abrindo espa\u00e7os de articula\u00e7\u00e3o e de incid\u00eancia direta nas negocia\u00e7\u00f5es para que planos de adapta\u00e7\u00e3o e mitiga\u00e7\u00e3o, financiamento para perdas e danos, dentre outros mecanismos, passem a considerar as necessidades espec\u00edficas das crian\u00e7as e a contempl\u00e1-las de forma ampla, observando seus direitos e interesses, al\u00e9m de ouvi-las nos espa\u00e7os de debate e inclu\u00ed-las nos acordos firmados. Na <span class=\"xn-money\">COP27<\/span>, que aconteceu em 2022 no Egito, esse grupo de organiza\u00e7\u00f5es conseguiu resultados significativos com a campanha #KidsFirst: crian\u00e7as foram citadas de forma expressiva nas minutas de negocia\u00e7\u00e3o e tamb\u00e9m na decis\u00e3o de capa da UNFCCC.<\/p>\n<p>Agora, \u00e9 a vez de come\u00e7ar a constru\u00e7\u00e3o de um Plano de A\u00e7\u00e3o para as Crian\u00e7as (Children&#8217;s Action Plan &#8211; CAP, em ingl\u00eas).\u00a0 &#8220;Trata-se de um plano que estabelece objetivos e atividades em \u00e1reas priorit\u00e1rias, destinadas a promover o conhecimento e a compreens\u00e3o da a\u00e7\u00e3o clim\u00e1tica sens\u00edvel a meninas e meninos, levando em conta n\u00e3o apenas direitos, mas tamb\u00e9m suas vozes e express\u00f5es, por meio da participa\u00e7\u00e3o plena, igualit\u00e1ria e significativa em todo o processo da COP&#8221;, afirma Amaral. &#8220;A ideia \u00e9 que esse plano alinhe a busca de solu\u00e7\u00f5es para a crise clim\u00e1tica ao trabalho do Comit\u00ea dos Direitos da Crian\u00e7a da ONU, com base no Coment\u00e1rio Geral 26, que trata sobre os direitos da crian\u00e7a e o meio ambiente, com foco especial nas mudan\u00e7as clim\u00e1ticas&#8221;, explica.<\/p>\n<p>Na <span class=\"xn-money\">COP28<\/span>, o objetivo do Alana \u00e9 consolidar politicamente esse plano, focando no di\u00e1logo com a presid\u00eancia, a cargo dos Emirados \u00c1rabes, e na articula\u00e7\u00e3o com outros pa\u00edses pelo endosso a essa pauta. Entre os objetivos de um Plano de A\u00e7\u00e3o para as Crian\u00e7as destacam-se:\u00a0participa\u00e7\u00e3o e lideran\u00e7a das crian\u00e7as em todos os processos, como parte da delega\u00e7\u00e3o nacional oficial; inclus\u00e3o das necessidades das crian\u00e7as na agenda do Plano de A\u00e7\u00e3o; cria\u00e7\u00e3o de espa\u00e7os adequados para a participa\u00e7\u00e3o das crian\u00e7as na COP; implementa\u00e7\u00e3o e medidas de a\u00e7\u00e3o clim\u00e1tica sens\u00edveis \u00e0s crian\u00e7as, colocando a defesa de seus direitos como uma preocupa\u00e7\u00e3o central na resposta \u00e0 crise clim\u00e1tica; medidas para as crian\u00e7as afetadas pela desigualdade e pela discrimina\u00e7\u00e3o; e monitoramento e reporte da implementa\u00e7\u00e3o dessas medidas e da defesa geral dos interesses das crian\u00e7as e adolescentes.<\/p>\n<p>&#8220;Vivemos um momento de urg\u00eancias e amea\u00e7as clim\u00e1ticas cru\u00e9is, avassaladoras e, desde cedo, crian\u00e7as vivem em realidades atravessadas pela polui\u00e7\u00e3o, fome, doen\u00e7as, extin\u00e7\u00e3o, ansiedade. Todas as meninas e meninos, em qualquer parte do planeta, est\u00e3o expostos a pelo menos um risco clim\u00e1tico. A situa\u00e7\u00e3o \u00e9 ainda mais grave quando falamos de crian\u00e7as pobres, negras, moradoras de periferias, ind\u00edgenas, ribeirinhas, quilombolas, com defici\u00eancia e do Sul Global. Por isso, o Alana atua para transformar essa realidade e ser uma ponte na constru\u00e7\u00e3o de um futuro com floresta e biodiversidade vivas, tecnologias centradas no humano e com condi\u00e7\u00f5es dignas de vida para todas e todos&#8221;, finaliza Amaral.<\/p>\n<p><b>Atua\u00e7\u00e3o do Alana na causa ambiental<\/b><\/p>\n<p>Por entender que a prote\u00e7\u00e3o e a defesa dos direitos e interesses das crian\u00e7as e dos adolescentes passa necessariamente por defender o ambiente em que eles vivem, o Alana coloca a causa ambiental como um dos eixos centrais de sua atua\u00e7\u00e3o. Para defender os direitos das crian\u00e7as a um meio ambiente saud\u00e1vel e vivo com absoluta prioridade, o Alana atua em a\u00e7\u00f5es jur\u00eddicas e lit\u00edgio estrat\u00e9gico, como ocorreu quando v\u00e1rios julgamentos sobre meio ambiente foram pautados no\u00a0Supremo Tribunal Federal e crian\u00e7as foram convidadas, de forma in\u00e9dita, <u><a href=\"https:\/\/criancaenatureza.org.br\/pt\/noticias\/fundo-amazonia\/\" target=\"_blank\" rel=\"nofollow noopener\">a enviarem desenhos e cartas<\/a><\/u> aos ministros nas quais pediam que eles protegessem a natureza.<\/p>\n<p>A organiza\u00e7\u00e3o tamb\u00e9m atuou em a\u00e7\u00f5es para inibir o garimpo ilegal, que afeta a vida\u00a0a sa\u00fade e o futuro de crian\u00e7as ind\u00edgenas. E na cria\u00e7\u00e3o do documento &#8220;<u><a href=\"https:\/\/criancaenatureza.org.br\/pt\/clima\/legal-policy-brief\/\" target=\"_blank\" rel=\"nofollow noopener\">Legal <\/a><a href=\"https:\/\/criancaenatureza.org.br\/pt\/clima\/legal-policy-brief\/\" target=\"_blank\" rel=\"nofollow noopener\">Policy Brief &#8211; <\/a><a href=\"https:\/\/criancaenatureza.org.br\/pt\/clima\/legal-policy-brief\/\" target=\"_blank\" rel=\"nofollow noopener\">O direito das crian\u00e7as e dos adolescentes \u00e0 natureza e a um ambiente saud\u00e1vel<\/a><\/u>&#8220;, que re\u00fane os principais fundamentos jur\u00eddicos sobre os direitos das crian\u00e7as ao acesso e \u00e0 conex\u00e3o com a natureza, em uma abordagem ampliada dos direitos \u00e0 prote\u00e7\u00e3o e \u00e0 conserva\u00e7\u00e3o ambiental.<\/p>\n<p>O Alana tamb\u00e9m patrocina o pr\u00eamio <u><a href=\"https:\/\/www.xprize.org\/florestas-tropicais\" target=\"_blank\" rel=\"nofollow noopener\">XPrize Rainforest | Florestas Tropicais<\/a><\/u>, que fomenta projetos de v\u00e1rias partes do mundo com o objetivo de mapear e preservar as florestas tropicais e ter\u00e1 o Brasil como sede da fase final, em 2024. E incentiva a implanta\u00e7\u00e3o de <u><a href=\"https:\/\/criancaenatureza.org.br\/pt\/parques-naturalizados\/\" target=\"_blank\" rel=\"nofollow noopener\">Parques naturalizados<\/a><\/u>, uma solu\u00e7\u00e3o sustent\u00e1vel baseada na natureza que contribui para criar e regenerar novas \u00e1reas verdes e ampliar servi\u00e7os ambientais nas cidades. A organiza\u00e7\u00e3o oferece assessoria a governos para pensar os espa\u00e7os escolares como centralidade para a\u00e7\u00f5es de adapta\u00e7\u00e3o e resili\u00eancia clim\u00e1tica e realiza a\u00e7\u00f5es de advocacy, por meio da incid\u00eancia por justi\u00e7a clim\u00e1tica e <u><a href=\"https:\/\/criancaenatureza.org.br\/pt\/desemparedamento\/\" target=\"_blank\" rel=\"nofollow noopener\">desemparedamento da inf\u00e2ncia<\/a><\/u>.<\/p>\n<p>Em parceria com a produtora Maria Farinha Filmes produziu conte\u00fados de informa\u00e7\u00e3o e entretenimento de impacto, entre elas a s\u00e9rie de fic\u00e7\u00e3o<a href=\"https:\/\/www.youtube.com\/watch?v=I_HYzzo9n4A\" target=\"_blank\" rel=\"nofollow noopener\">\u00a0<\/a><u><a href=\"https:\/\/www.youtube.com\/watch?v=I_HYzzo9n4A\" target=\"_blank\" rel=\"nofollow noopener\">Aruanas e Aruanas 2<\/a><\/u>; a webs\u00e9rie<a href=\"https:\/\/www.youtube.com\/watch?v=5RykUXtuSmk&amp;list=PLjG0GBlHs267-DYXbMiCNvzwMeCGRPwU7\" target=\"_blank\" rel=\"nofollow noopener\">\u00a0<\/a><u><a href=\"https:\/\/www.youtube.com\/watch?v=5RykUXtuSmk&amp;list=PLjG0GBlHs267-DYXbMiCNvzwMeCGRPwU7\" target=\"_blank\" rel=\"nofollow noopener\">O Som do Rio<\/a><\/u>, que faz um mergulho pelo rio Tapaj\u00f3s, na Amaz\u00f4nia, e\u00a0 o document\u00e1rio<a href=\"https:\/\/www.youtube.com\/watch?v=mCWPsZ2Pt-w&amp;list=PLUKQf7emLuDiDCUuonIr25HH5o4Ot-c-0\" target=\"_blank\" rel=\"nofollow noopener\">\u00a0<\/a><u><a href=\"https:\/\/www.youtube.com\/watch?v=mCWPsZ2Pt-w&amp;list=PLUKQf7emLuDiDCUuonIr25HH5o4Ot-c-0\" target=\"_blank\" rel=\"nofollow noopener\">O Come\u00e7o da Vida 2 &#8211; L\u00e1 Fora<\/a><\/u>, que mostra os benef\u00edcios da conex\u00e3o entre as crian\u00e7as e a natureza para seu desenvolvimento integral, Por fim, em parceria com o Portal Lunetas, lan\u00e7ou o <u><a href=\"https:\/\/lunetas.com.br\/emergencia-climatica-e-as-infancias\/\" target=\"_blank\" rel=\"nofollow noopener\">Especial &#8220;Emerg\u00eancia Clim\u00e1tica e as Inf\u00e2ncias&#8221;<\/a><\/u>.<\/p>\n<p><b>Sobre o Alana<\/b><\/p>\n<p>O <u><a href=\"https:\/\/alana.org.br\/\" target=\"_blank\" rel=\"nofollow noopener\">Alana<\/a><\/u> \u00e9 um grupo de impacto socioambiental que promove e inspira um mundo melhor para as crian\u00e7as. Um mundo sustent\u00e1vel, justo, inclusivo, igualit\u00e1rio e plural. Um mundo que celebra e protege a democracia, a justi\u00e7a social, os direitos humanos e das crian\u00e7as com prioridade absoluta. Um mundo que cuida dos seus povos, de suas florestas, dos seus mares, do seu ar. O Alana \u00e9 um sistema de tr\u00eas esferas interligadas,\u00a0 interdependentes, de atua\u00e7\u00e3o convergente, orientadas pelos Objetivos de Desenvolvimento Sustent\u00e1vel da ONU. O encontro de um Instituto, uma Funda\u00e7\u00e3o e um N\u00facleo de Neg\u00f3cios de Entretenimento de Impacto. Um combinado \u00fanico de educa\u00e7\u00e3o, ci\u00eancia, entretenimento e advocacy que mistura sonho e realidade, pesquisa e cultura pop, justi\u00e7a e desenvolvimento, articula\u00e7\u00e3o e di\u00e1logo, incid\u00eancia pol\u00edtica e hist\u00f3rias bem contadas.<\/p>\n<p>Foto &#8211; <a href=\"https:\/\/mma.prnewswire.com\/media\/2289971\/The_Latent_Force_of_Climate__Credito_DivulgacaoAlana.jpg\" target=\"_blank\" rel=\"nofollow noopener\">https:\/\/mma.prnewswire.com\/media\/2289971\/The_Latent_Force_of_Climate__Credito_DivulgacaoAlana.jpg<\/a><\/p>\n<p>\u00a0<\/p>\n<div class=\"PRN_ImbeddedAssetReference\" id=\"DivAssetPlaceHolder0\"><\/div>\n<p>FONTE  Alana<\/p>\n<\/div>\n<p><img decoding=\"async\" alt=\"\" src=\"https:\/\/rt.prnewswire.com\/rt.gif?NewsItemId=PT82164&amp;Transmission_Id=202311301443PR_NEWS_LATAM____PT82164&amp;DateId=20231130\" style=\"border:0px;width:1px;height:1px\" \/><\/p>\n<p>A <b>OESP<\/b> n\u00e3o \u00e9(s\u00e3o) respons\u00e1vel(is) por erros, incorre\u00e7\u00f5es, atrasos ou quaisquer decis\u00f5es tomadas por seus clientes com base nos Conte\u00fados ora disponibilizados, bem como tais Conte\u00fados n\u00e3o representam a opini\u00e3o da <b>OESP<\/b> e s\u00e3o de inteira responsabilidade da <b>PR Newswire Ltda<\/b><\/p>\n","protected":false},"excerpt":{"rendered":"PR NEWSWIRE \u00a0Apesar de n\u00e3o terem qualquer responsabilidade pelas mudan\u00e7as clim\u00e1ticas, crian\u00e7as e adolescentes s\u00e3o os mais afetados e n\u00e3o s\u00e3o ouvidos ou priorizados nas negocia\u00e7\u00f5es da","protected":false},"author":1,"featured_media":0,"comment_status":"open","ping_status":"closed","sticky":false,"template":"","format":"standard","meta":{"_acf_changed":false,"inline_featured_image":false,"_monsterinsights_skip_tracking":false,"_monsterinsights_sitenote_active":false,"_monsterinsights_sitenote_note":"","_monsterinsights_sitenote_category":0,"footnotes":""},"categories":[30],"tags":[],"class_list":["post-81705","post","type-post","status-publish","format-standard","hentry","category-prnewsesportes"],"acf":[],"_links":{"self":[{"href":"https:\/\/bluestudio.estadao.com.br\/agencia-de-comunicacao\/wp-json\/wp\/v2\/posts\/81705","targetHints":{"allow":["GET"]}}],"collection":[{"href":"https:\/\/bluestudio.estadao.com.br\/agencia-de-comunicacao\/wp-json\/wp\/v2\/posts"}],"about":[{"href":"https:\/\/bluestudio.estadao.com.br\/agencia-de-comunicacao\/wp-json\/wp\/v2\/types\/post"}],"author":[{"embeddable":true,"href":"https:\/\/bluestudio.estadao.com.br\/agencia-de-comunicacao\/wp-json\/wp\/v2\/users\/1"}],"replies":[{"embeddable":true,"href":"https:\/\/bluestudio.estadao.com.br\/agencia-de-comunicacao\/wp-json\/wp\/v2\/comments?post=81705"}],"version-history":[{"count":0,"href":"https:\/\/bluestudio.estadao.com.br\/agencia-de-comunicacao\/wp-json\/wp\/v2\/posts\/81705\/revisions"}],"wp:attachment":[{"href":"https:\/\/bluestudio.estadao.com.br\/agencia-de-comunicacao\/wp-json\/wp\/v2\/media?parent=81705"}],"wp:term":[{"taxonomy":"category","embeddable":true,"href":"https:\/\/bluestudio.estadao.com.br\/agencia-de-comunicacao\/wp-json\/wp\/v2\/categories?post=81705"},{"taxonomy":"post_tag","embeddable":true,"href":"https:\/\/bluestudio.estadao.com.br\/agencia-de-comunicacao\/wp-json\/wp\/v2\/tags?post=81705"}],"curies":[{"name":"wp","href":"https:\/\/api.w.org\/{rel}","templated":true}]}}