{"id":81653,"date":"2023-11-30T14:06:00","date_gmt":"2023-11-30T17:06:00","guid":{"rendered":"https:\/\/bluestudio.estadao.com.br\/agencia-de-comunicacao\/releases\/releases-geral\/pequenas-empresas-regularizam-r-32-bilhoes-em-dividas\/"},"modified":"2023-11-30T14:06:00","modified_gmt":"2023-11-30T17:06:00","slug":"pequenas-empresas-regularizam-r-32-bilhoes-em-dividas","status":"publish","type":"post","link":"https:\/\/bluestudio.estadao.com.br\/agencia-de-comunicacao\/releases\/releases-geral\/pequenas-empresas-regularizam-r-32-bilhoes-em-dividas\/","title":{"rendered":"Pequenas empresas regularizam R$ 3,2 bilh\u00f5es em d\u00edvidas"},"content":{"rendered":"<p><b>DINO DIVULGADOR DE NOT\u00cdCIAS<\/b><\/p>\n<p>(<a target='_blank' href='http:\/\/www.dino.com.br' rel=\"noopener\">DINO<\/a> &#8211; 30 nov, 2023) &#8211;<br \/>\nAt\u00e9 agosto de 2023, os pequenos neg\u00f3cios optantes pelo Simples Nacional regularizaram cerca de R$ 3,2 bilh\u00f5es em d\u00edvidas ativas com a Uni\u00e3o, segundo <a rel=\"follow noopener\" target='_blank' href='https:\/\/agenciasebrae.com.br\/economia-e-politica\/pequenos-negocios-regularizaram-mais-de-r-3-bilhoes-em-dividas-ativas-com-uniao-neste-ano\/' data-mce-target='_blank'>dados do Sebrae (Servi\u00e7o Brasileiro de Apoio \u00e0s Micro e Pequenas Empresas)<\/a>. A regulariza\u00e7\u00e3o foi resultado de um edital de negocia\u00e7\u00e3o de d\u00e9bitos da Receita Federal e da Procuradoria-Geral da Fazenda Nacional (PGFN).<\/p>\n<p>Em todo o Brasil, cerca de 4,5 milh\u00f5es de pequenas empresas estavam com d\u00edvida ativa da Uni\u00e3o no primeiro trimestre do ano, de acordo com o Sebrae. Os neg\u00f3cios que est\u00e3o nessa situa\u00e7\u00e3o correm o risco de serem desenquadrados do Simples Nacional.<\/p>\n<p>&#8216;Um dos principais fatores que podem levar \u00e0 exclus\u00e3o de uma empresa do Simples Nacional est\u00e1 relacionado \u00e0 contra\u00e7\u00e3o de d\u00e9bitos, tanto em n\u00edvel municipal, estadual quanto federal&#8217;, explica Hudson Batista, especialista cont\u00e1bil da Contaj\u00e1.&nbsp;<\/p>\n<p>Ao ser exclu\u00edda do Simples Nacional, a pequena empresa n\u00e3o ter\u00e1 mais os benef\u00edcios fiscais proporcionados por esse regime tribut\u00e1rio &#8211; isto \u00e9, perder\u00e1 o direito \u00e0 redu\u00e7\u00e3o da carga tribut\u00e1ria. Consequentemente, o neg\u00f3cio ter\u00e1 que se enquadrar como lucro real, lucro presumido ou lucro arbitrado, levando a um aumento nos valores de impostos a serem pagos.&nbsp;<\/p>\n<p>Al\u00e9m das d\u00edvidas, outra situa\u00e7\u00e3o que pode levar \u00e0 exclus\u00e3o \u00e9 ultrapassar o limite de faturamento do Simples Nacional. No caso de empresas de pequeno porte, o valor \u00e9 de R$ 4,8 milh\u00f5es anuais (h\u00e1 um <a rel=\"follow noopener\" target='_blank' href='https:\/\/www25.senado.leg.br\/web\/atividade\/materias\/-\/materia\/149583?_gl=1*1axt6qz*_ga*NjU1OTA3ODkxLjE2OTQ5OTM1OTM.*_ga_CW3ZH25XMK*MTcwMDUxMjk0MS4zMi4wLjE3MDA1MTI5NDEuMC4wLjA.' data-mce-target='_blank'>projeto de lei em discuss\u00e3o no Congresso<\/a> que, se aprovado, pode reajustar esse limite para R$ 8,6 milh\u00f5es).&nbsp;<\/p>\n<p>&#8216;A aus\u00eancia de uma contabilidade que priorize o <a rel=\"follow noopener\" target='_blank' href='https:\/\/contaja.com.br\/2023\/08\/saiba-tudo-sobre-planejamento-tributario\/' data-mce-target='_blank'>planejamento tribut\u00e1rio<\/a> para os seus clientes, deixando de oferecer orienta\u00e7\u00e3o e solu\u00e7\u00f5es para a manuten\u00e7\u00e3o dentro desse regime, frequentemente resulta na exclus\u00e3o de diversas empresas, as quais muitas vezes n\u00e3o conseguem retornar ao Simples Nacional naquele ano&#8217;, acrescenta Batista. O risco se estende aos Microempreendedores Individuais (MEIs), tamb\u00e9m integrados ao Simples Nacional.<\/p>\n<p><strong>O que fazer em casos de exclus\u00e3o do Simples Nacional<\/strong><\/p>\n<p>A exclus\u00e3o n\u00e3o ocorre de maneira abrupta. Primeiramente, os relat\u00f3rios de pend\u00eancias de d\u00e9bitos e as notifica\u00e7\u00f5es sobre a exclus\u00e3o s\u00e3o disponibilizados no <a rel=\"follow noopener\" target='_blank' href='https:\/\/www8.receita.fazenda.gov.br\/simplesnacional\/servicos\/grupo.aspx?grp=13' data-mce-target='_blank'>Domic\u00edlio Tribut\u00e1rio Eletr\u00f4nico do Simples Nacional<\/a> (DTE-SN). Cabe ao titular acessar o sistema para verificar se h\u00e1 alguma comunica\u00e7\u00e3o dos \u00f3rg\u00e3os de administra\u00e7\u00e3o tribut\u00e1ria.<\/p>\n<p>Entre os dias 27 de julho e 1\u00ba de agosto, por exemplo, <a rel=\"follow noopener\" target='_blank' href='https:\/\/www.terra.com.br\/noticias\/receita-federal-notifica-mais-de-12m-de-cnpjs-devedores,26fde45362465399960d5963cdec16c23saqu721.html' data-mce-target='_blank'>mais de 1,2 milh\u00e3o de empresas devedoras do Simples Nacional foram notificadas pela Receita Federal<\/a>. As d\u00edvidas tinham um total aproximado de R$ 30 bilh\u00f5es.<\/p>\n<p>Batista orienta que as empresas notificadas busquem atendimento de um profissional de contabilidade para <a rel=\"follow noopener\" target='_blank' href='https:\/\/contaja.com.br\/2023\/11\/regularizacao-de-empresas-por-que-ficar-em-dia\/' data-mce-target='_blank'>regularizar a situa\u00e7\u00e3o<\/a>. &#8216;Ap\u00f3s o recebimento do termo, \u00e9 crucial agir dentro do prazo de 30 dias para efetuar a regulariza\u00e7\u00e3o&#8217;, explica. &#8216;Caso essa provid\u00eancia n\u00e3o seja tomada, a exclus\u00e3o do Simples Nacional ocorrer\u00e1 no ano seguinte, exigindo ent\u00e3o uma nova solicita\u00e7\u00e3o que passar\u00e1 por uma an\u00e1lise completa mais uma vez.&#8217;<\/p>\n<p>O especialista cont\u00e1bil ressalta ainda que o problema vai al\u00e9m &#8216;da simples quest\u00e3o de n\u00e3o se manter em um regime tribut\u00e1rio adequado&#8217;. A empresa poder\u00e1 enfrentar dificuldades em conseguir financiamentos, participar de licita\u00e7\u00f5es, captar recursos e, como ter\u00e1 que fazer pagamentos elevados de juros e multas, ter\u00e1 o seu crescimento diretamente prejudicado.<\/p>\n<p>&#8216;\u00c9 fundamental esclarecer um ponto muitas vezes confuso para os empres\u00e1rios: a possibilidade de prevenir a exclus\u00e3o da empresa ou mesmo de recuperar a condi\u00e7\u00e3o de Simples Nacional no mesmo ano em que ocorreu a exclus\u00e3o&#8217;, frisa Batista. &#8216;Essa tarefa torna-se poss\u00edvel por meio de uma <a rel=\"follow noopener\" target='_blank' href='https:\/\/contaja.com.br\/' data-mce-target='_blank'>assessoria cont\u00e1bil competente<\/a>, capaz de orientar eficazmente todo o processo de regulariza\u00e7\u00e3o&#8217;, finaliza.<\/p>\n<p>Em resumo, para manter o neg\u00f3cio regularizado, \u00e9 necess\u00e1rio efetuar o pagamento dos tributos em dia, n\u00e3o ultrapassar os limites de faturamento do regime ao qual a empresa est\u00e1 submetida, exercer apenas as atividades autorizadas, ter uma boa assessoria cont\u00e1bil, entre outros pontos de aten\u00e7\u00e3o.<\/p>\n<p>Para saber mais, basta acessar <a rel=\"follow noopener\" target='_blank' href='https:\/\/contaja.com.br\/' data-mce-target='_blank'>https:\/\/contaja.com.br\/<\/a><\/p>\n<p>A <b>OESP<\/b> n\u00e3o \u00e9(s\u00e3o) respons\u00e1vel(is) por erros, incorre\u00e7\u00f5es, atrasos ou quaisquer decis\u00f5es tomadas por seus clientes com base nos Conte\u00fados ora disponibilizados, bem como tais Conte\u00fados n\u00e3o representam a opini\u00e3o da <b>OESP<\/b> e s\u00e3o de inteira responsabilidade da <b>Dino Divulgador de Noticias Online Ltda<\/b><\/p>\n","protected":false},"excerpt":{"rendered":"DINO DIVULGADOR DE NOT\u00cdCIAS (DINO &#8211; 30 nov, 2023) &#8211; At\u00e9 agosto de 2023, os pequenos neg\u00f3cios optantes pelo Simples Nacional regularizaram cerca de R$ 3,2 bilh\u00f5es em d\u00edvidas ativas com","protected":false},"author":1,"featured_media":0,"comment_status":"open","ping_status":"closed","sticky":false,"template":"","format":"standard","meta":{"_acf_changed":false,"inline_featured_image":false,"_monsterinsights_skip_tracking":false,"_monsterinsights_sitenote_active":false,"_monsterinsights_sitenote_note":"","_monsterinsights_sitenote_category":0,"footnotes":""},"categories":[34],"tags":[],"class_list":["post-81653","post","type-post","status-publish","format-standard","hentry","category-releases-geral"],"acf":[],"_links":{"self":[{"href":"https:\/\/bluestudio.estadao.com.br\/agencia-de-comunicacao\/wp-json\/wp\/v2\/posts\/81653","targetHints":{"allow":["GET"]}}],"collection":[{"href":"https:\/\/bluestudio.estadao.com.br\/agencia-de-comunicacao\/wp-json\/wp\/v2\/posts"}],"about":[{"href":"https:\/\/bluestudio.estadao.com.br\/agencia-de-comunicacao\/wp-json\/wp\/v2\/types\/post"}],"author":[{"embeddable":true,"href":"https:\/\/bluestudio.estadao.com.br\/agencia-de-comunicacao\/wp-json\/wp\/v2\/users\/1"}],"replies":[{"embeddable":true,"href":"https:\/\/bluestudio.estadao.com.br\/agencia-de-comunicacao\/wp-json\/wp\/v2\/comments?post=81653"}],"version-history":[{"count":0,"href":"https:\/\/bluestudio.estadao.com.br\/agencia-de-comunicacao\/wp-json\/wp\/v2\/posts\/81653\/revisions"}],"wp:attachment":[{"href":"https:\/\/bluestudio.estadao.com.br\/agencia-de-comunicacao\/wp-json\/wp\/v2\/media?parent=81653"}],"wp:term":[{"taxonomy":"category","embeddable":true,"href":"https:\/\/bluestudio.estadao.com.br\/agencia-de-comunicacao\/wp-json\/wp\/v2\/categories?post=81653"},{"taxonomy":"post_tag","embeddable":true,"href":"https:\/\/bluestudio.estadao.com.br\/agencia-de-comunicacao\/wp-json\/wp\/v2\/tags?post=81653"}],"curies":[{"name":"wp","href":"https:\/\/api.w.org\/{rel}","templated":true}]}}