{"id":81651,"date":"2023-11-30T14:11:00","date_gmt":"2023-11-30T17:11:00","guid":{"rendered":"https:\/\/bluestudio.estadao.com.br\/agencia-de-comunicacao\/releases\/releases-geral\/beneficiarios-do-inss-receberao-todo-o-13o-em-novembro\/"},"modified":"2023-11-30T14:11:00","modified_gmt":"2023-11-30T17:11:00","slug":"beneficiarios-do-inss-receberao-todo-o-13o-em-novembro","status":"publish","type":"post","link":"https:\/\/bluestudio.estadao.com.br\/agencia-de-comunicacao\/releases\/releases-geral\/beneficiarios-do-inss-receberao-todo-o-13o-em-novembro\/","title":{"rendered":"Benefici\u00e1rios do INSS receber\u00e3o todo o 13\u00ba em novembro"},"content":{"rendered":"<p><b>DINO DIVULGADOR DE NOT\u00cdCIAS<\/b><\/p>\n<p>(<a target='_blank' href='http:\/\/www.dino.com.br' rel=\"noopener\">DINO<\/a> &#8211; 30 nov, 2023) &#8211;<br \/>\nAt&eacute; o pr&oacute;ximo dia 30, os <a rel=\"follow noopener\" target='_blank' href='https:\/\/noticiadeultimahora.com.br\/confira-aposentados-receberao-13o-salario-em-dobro-em-2023-entenda-agora\/'>benefici&aacute;rios do INSS<\/a> (Instituto Nacional do Seguro Social) que come&ccedil;aram a receber depois do m&ecirc;s de maio devem receber, em parcela &uacute;nica, o 13&ordm; sal&aacute;rio. Quase todos os <a rel=\"follow noopener\" target='_blank' href='https:\/\/renda-extra.r7.com\/veja-quando-comeca-a-ser-paga-a-primeira-parcela-do-13-salario-03102023'>segurados do INSS t&ecirc;m direito a este abono anual<\/a>, que foi pago antecipadamente em duas parcelas (em maio e junho) para aqueles que j&aacute; recebiam antes de maio.<\/p>\n<p>Esta <a rel=\"follow noopener\" target='_blank' href='https:\/\/jornaljf.com.br\/beneficiarios-do-inss-recebem-13-salario-antecipado-em-19-06-surpresa-positiva\/'>antecipa&ccedil;&atilde;o do 13&ordm; sal&aacute;rio<\/a> foi feita nos &uacute;ltimos tr&ecirc;s anos, como parte das a&ccedil;&otilde;es para mitigar impactos econ&ocirc;micos provocados pela pandemia. Os benefici&aacute;rios que recebem o abono de fim de ano s&atilde;o aposentados, afastados com <a rel=\"follow noopener\" target='_blank' href='https:\/\/diariooficialnoticias.com.br\/atencao-trabalhadores-auxilio-doenca-do-inss-sem-pericia-medica-veja-como\/'>aux&iacute;lio-doen&ccedil;a<\/a>, aux&iacute;lio-acidente, aux&iacute;lio-reclus&atilde;o, <a rel=\"follow noopener\" target='_blank' href='https:\/\/jornaljf.com.br\/quem-tem-direito-a-pensao-por-morte-descubra-agora-os-requisitos\/'>pensionistas por morte<\/a> e outros aux&iacute;lios cobertos pelo INSS. N&atilde;o recebem o 13&ordm; apenas os segurados do Benef&iacute;cio de Presta&ccedil;&atilde;o Continuada (BPC) e os da Renda Mensal Vital&iacute;cia.<\/p>\n<p>O <a rel=\"follow noopener\" target='_blank' href='https:\/\/jornaljf.com.br\/inss-anuncia-aposentados-recebem-r-800-extras-em-novembro-consulte-aqui-agora-mesmo-se-voce-esta-na-lista\/'>pagamento de 13&ordm; sal&aacute;rio<\/a> aos benefici&aacute;rios do INSS segue as mesmas regras principais do c&aacute;lculo feito para trabalhadores registrados em carteira. Para todos os recebedores do abono, os descontos aplicados ao valor (como o do imposto de renda) s&atilde;o sempre aplicados na segunda parcela e ser&atilde;o todos aplicados na parcela &uacute;nica de quem vai receber agora em novembro.<\/p>\n<p>Jo&atilde;o Adolfo de Souza &eacute; propriet&aacute;rio da <a rel=\"follow noopener\" target='_blank' href='https:\/\/www.youtube.com\/@JoaoFinanceira'>Jo&atilde;o Financeira<\/a>, empresa que atua com empr&eacute;stimos consignados para aposentados e pensionistas. Ele refor&ccedil;a que apenas receber&atilde;o a parcela &uacute;nica &ldquo;aqueles que tiveram seus benef&iacute;cios aprovados a partir de maio, pois o INSS n&atilde;o teve, nesse momento, tempo de computar o benef&iacute;cio para pagamento antecipado no calend&aacute;rio de maio e junho&rdquo;.<\/p>\n<p>O <a rel=\"follow noopener\" target='_blank' href='https:\/\/www.youtube.com\/watch?v=pc4cBZPdH-k'>pagamento de 13&ordm; sal&aacute;rio<\/a>, tamb&eacute;m chamado de abono natalino, &eacute; obrigat&oacute;rio tanto a funcion&aacute;rios de empresas quanto a benefici&aacute;rios do INSS. A base de c&aacute;lculo para o valor &eacute; o sal&aacute;rio (ou valor a receber do INSS) de dezembro. &ldquo;N&atilde;o &eacute; certo que, em 2024, tamb&eacute;m seja feita essa antecipa&ccedil;&atilde;o. Mas, neste ano, n&atilde;o temos nenhuma altera&ccedil;&atilde;o em rela&ccedil;&atilde;o aos anos anteriores, em que o pagamento foi antecipado pelo INSS devido &agrave; pandemia&rdquo;, esclarece Souza.&nbsp;<\/p>\n<p>A orienta&ccedil;&atilde;o que o profissional d&aacute; aos segurados do INSS que se enquadram nos recebedores da parcela &uacute;nica do 13&ordm; &eacute; esperar pelo pagamento de parcela &uacute;nica na data prov&aacute;vel de 24 de novembro. &ldquo;Os pagamentos ser&atilde;o feitos no calend&aacute;rio normal de novembro, seguindo a ordem de pagamento oficial do INSS, conforme n&uacute;mero final do benef&iacute;cio&rdquo;, finaliza o profissional.<\/p>\n<p>Para saber mais, basta acessar <a rel=\"follow noopener\" target='_blank' href='https:\/\/www.joaofinanceira.com.br\/blog\/'>https:\/\/www.joaofinanceira.com.br\/blog\/<\/a>&nbsp;<\/p>\n<p>A <b>OESP<\/b> n\u00e3o \u00e9(s\u00e3o) respons\u00e1vel(is) por erros, incorre\u00e7\u00f5es, atrasos ou quaisquer decis\u00f5es tomadas por seus clientes com base nos Conte\u00fados ora disponibilizados, bem como tais Conte\u00fados n\u00e3o representam a opini\u00e3o da <b>OESP<\/b> e s\u00e3o de inteira responsabilidade da <b>Dino Divulgador de Noticias Online Ltda<\/b><\/p>\n","protected":false},"excerpt":{"rendered":"DINO DIVULGADOR DE NOT\u00cdCIAS (DINO &#8211; 30 nov, 2023) &#8211; At&eacute; o pr&oacute;ximo dia 30, os benefici&aacute;rios do INSS (Instituto Nacional do Seguro Social) que come&ccedil;aram a","protected":false},"author":1,"featured_media":0,"comment_status":"open","ping_status":"closed","sticky":false,"template":"","format":"standard","meta":{"_acf_changed":false,"inline_featured_image":false,"_monsterinsights_skip_tracking":false,"_monsterinsights_sitenote_active":false,"_monsterinsights_sitenote_note":"","_monsterinsights_sitenote_category":0,"footnotes":""},"categories":[34],"tags":[],"class_list":["post-81651","post","type-post","status-publish","format-standard","hentry","category-releases-geral"],"acf":[],"_links":{"self":[{"href":"https:\/\/bluestudio.estadao.com.br\/agencia-de-comunicacao\/wp-json\/wp\/v2\/posts\/81651","targetHints":{"allow":["GET"]}}],"collection":[{"href":"https:\/\/bluestudio.estadao.com.br\/agencia-de-comunicacao\/wp-json\/wp\/v2\/posts"}],"about":[{"href":"https:\/\/bluestudio.estadao.com.br\/agencia-de-comunicacao\/wp-json\/wp\/v2\/types\/post"}],"author":[{"embeddable":true,"href":"https:\/\/bluestudio.estadao.com.br\/agencia-de-comunicacao\/wp-json\/wp\/v2\/users\/1"}],"replies":[{"embeddable":true,"href":"https:\/\/bluestudio.estadao.com.br\/agencia-de-comunicacao\/wp-json\/wp\/v2\/comments?post=81651"}],"version-history":[{"count":0,"href":"https:\/\/bluestudio.estadao.com.br\/agencia-de-comunicacao\/wp-json\/wp\/v2\/posts\/81651\/revisions"}],"wp:attachment":[{"href":"https:\/\/bluestudio.estadao.com.br\/agencia-de-comunicacao\/wp-json\/wp\/v2\/media?parent=81651"}],"wp:term":[{"taxonomy":"category","embeddable":true,"href":"https:\/\/bluestudio.estadao.com.br\/agencia-de-comunicacao\/wp-json\/wp\/v2\/categories?post=81651"},{"taxonomy":"post_tag","embeddable":true,"href":"https:\/\/bluestudio.estadao.com.br\/agencia-de-comunicacao\/wp-json\/wp\/v2\/tags?post=81651"}],"curies":[{"name":"wp","href":"https:\/\/api.w.org\/{rel}","templated":true}]}}