{"id":81645,"date":"2023-11-30T14:13:00","date_gmt":"2023-11-30T17:13:00","guid":{"rendered":"https:\/\/bluestudio.estadao.com.br\/agencia-de-comunicacao\/prnewswire\/prnewsbrasil\/conferencia-compreendendo-a-china-2023-comecara-em-breve-em-guangzhou-china\/"},"modified":"2023-11-30T14:13:00","modified_gmt":"2023-11-30T17:13:00","slug":"conferencia-compreendendo-a-china-2023-comecara-em-breve-em-guangzhou-china","status":"publish","type":"post","link":"https:\/\/bluestudio.estadao.com.br\/agencia-de-comunicacao\/prnewswire\/prnewsbrasil\/conferencia-compreendendo-a-china-2023-comecara-em-breve-em-guangzhou-china\/","title":{"rendered":"Confer\u00eancia &#8220;Compreendendo a China&#8221; 2023 come\u00e7ar\u00e1 em breve em Guangzhou, China."},"content":{"rendered":"<p><b>PR NEWSWIRE<\/b><\/p>\n<div class=\"xn-content\">\n<span class=\"legendSpanClass\"><span class=\"xn-location\">GUANGZHOU, China<\/span><\/span>, <span class=\"legendSpanClass\">30 de novembro de 2023<\/span> \/PRNewswire\/ &#8212; <a href=\"https:\/\/youtu.be\/j8NkP3BXZdI?si=9rdX-MnHQ2J0JIO1\" target=\"_blank\" rel=\"nofollow noopener\"><span>A Confer\u00eancia Internacional &#8220;Compreendendo a <span class=\"xn-location\">China<\/span><\/span><\/a>&#8221; 2023 (&#8220;a Confer\u00eancia&#8221;), organizada pelo Instituto de Inova\u00e7\u00e3o e Estrat\u00e9gia de Desenvolvimento da <span class=\"xn-location\">China<\/span> (CIIDS), est\u00e1 programada para ser realizada em <span class=\"xn-location\">Guangzhou<\/span> de 1 a 3 de dezembro. A confer\u00eancia, com o tema &#8220;<b>Os novos esfor\u00e7os da <span class=\"xn-location\">China<\/span> em meio a mudan\u00e7as globais sem precedentes: expandindo a converg\u00eancia de interesses e construindo uma comunidade de futuro compartilhado<\/b>&#8220;, reunir\u00e1 pol\u00edticos, estrategistas, acad\u00eamicos, empres\u00e1rios, diplomatas estrangeiros no pa\u00eds, representantes de organiza\u00e7\u00f5es internacionais e empresas multinacionais na <span class=\"xn-location\">China<\/span> para participarem de um di\u00e1logo com funcion\u00e1rios do governo, acad\u00eamicos e empres\u00e1rios chineses.<\/p>\n<div class=\"PRN_ImbeddedAssetReference\" id=\"DivAssetPlaceHolder4994\">\n<p>\u00a0<\/p>\n<\/div>\n<p>A confer\u00eancia planeja uma s\u00e9rie de atividades para promover a comunica\u00e7\u00e3o, incluindo cole\u00e7\u00f5es e exibi\u00e7\u00f5es de curtas-metragens, palestras e narra\u00e7\u00f5es de hist\u00f3rias chinesas em ingl\u00eas, al\u00e9m de lan\u00e7ar uma s\u00e9rie de document\u00e1rios que retratam a imagem moderna da <span class=\"xn-location\">China<\/span>.<\/p>\n<p>A cole\u00e7\u00e3o e exibi\u00e7\u00e3o de curtas-metragens, chamada &#8220;<b><span class=\"xn-location\">China<\/span> in the Eyes of the Young ?Chinese and Foreign Short Videos Screening and Award Ceremony<\/b>&#8221;\u00a0(<span class=\"xn-location\">China<\/span> aos Olhos dos Jovens: Exibi\u00e7\u00e3o e Cerim\u00f4nia de Premia\u00e7\u00e3o de Curtas-Metragens Chineses e Estrangeiros), visa reunir recursos de alto n\u00edvel do exterior e promover a iniciativa e o entusiasmo dos jovens de todo o mundo em focar e contar hist\u00f3rias chinesas. O evento convida equipes criativas de jovens, grandes universidades e indiv\u00edduos a compilar curtas-metragens de alta qualidade com uma vis\u00e3o global.<\/p>\n<p>Durante a confer\u00eancia, o CIIDS se juntar\u00e1 \u00e0 China Global Television Network (CGTN) para apresentar um evento especial onde convidados ilustres de diferentes origens compartilhar\u00e3o suas hist\u00f3rias sobre a compreens\u00e3o da <span class=\"xn-location\">China<\/span>, cada um a partir de sua pr\u00f3pria perspectiva. Entre eles est\u00e3o <b>Yves Leterme, ex-primeiro-ministro belga<\/b>; <b><span class=\"xn-person\">Moon Chung<\/span>-in, presidente do Instituto Sejong na Coreia do Sul; <span class=\"xn-person\">Martin Jacques<\/span>, renomado especialista em <span class=\"xn-location\">China<\/span><\/b>; <b><span class=\"xn-person\">Mushahid Hussain Syed<\/span>, presidente do Comit\u00ea de Defesa do Senado do Paquist\u00e3o<\/b>; <b><span class=\"xn-person\">Wang Jian<\/span>, acad\u00eamico da Academia Chinesa de Engenharia;\u00a0e <span class=\"xn-person\">Vikram Channa<\/span>, vice-presidente de conte\u00fado da Discovery Networks \u00c1sia-Pac\u00edfico<\/b>.<\/p>\n<p>O desafio <b>Relatos da <span class=\"xn-location\">China<\/span> contados em ingl\u00eas<\/b> est\u00e1 se preparando para mais uma rodada. Este evento proporciona uma plataforma para os jovens promoverem a cultura chinesa atrav\u00e9s de recita\u00e7\u00f5es em ingl\u00eas, discursos criativos, mon\u00f3logos dram\u00e1ticos ou exibindo talentos chineses. Desde 2020, a iniciativa atraiu mais de 300 mil jovens de todo o mundo.<\/p>\n<p><b>Um interc\u00e2mbio sobre a <span class=\"xn-location\">China<\/span><\/b>,\u00a0lan\u00e7ado conjuntamente pelo CIIDS e pelo Discovery Channel, \u00e9 uma s\u00e9rie de seis epis\u00f3dios concebida para oferecer \u00e0 comunidade internacional uma melhor compreens\u00e3o da <span class=\"xn-location\">China<\/span> na nova era.<\/p>\n<p>Acesse <a href=\"http:\/\/ddzg.ciids.cn\/trends\/\" target=\"_blank\" rel=\"nofollow noopener\"><span>http:\/\/ddzg.ciids.cn\/trends\/<\/span><\/a> e <a href=\"https:\/\/youtu.be\/j8NkP3BXZdI?si=9rdX-MnHQ2J0JIO1\" target=\"_blank\" rel=\"nofollow noopener\"><span>https:\/\/youtu.be\/j8NkP3BXZdI?si=9rdX-MnHQ2J0JIO1<\/span><\/a> para obter informa\u00e7\u00f5es adicionais.<\/p>\n<p>V\u00eddeo &#8211; <a href=\"https:\/\/www.youtube.com\/watch?v=j8NkP3BXZdI\" target=\"_blank\" rel=\"nofollow noopener\"><span>https:\/\/www.youtube.com\/watch?v=j8NkP3BXZdI<\/span><\/a>\u00a0<\/p>\n<div class=\"PRN_ImbeddedAssetReference\" id=\"DivAssetPlaceHolder0\"><\/div>\n<p>FONTE  China Institute for Innovation &amp; Development Strategy<\/p>\n<\/div>\n<p><img decoding=\"async\" alt=\"\" src=\"https:\/\/rt.prnewswire.com\/rt.gif?NewsItemId=PT80578&amp;Transmission_Id=202311301208PR_NEWS_LATAM____PT80578&amp;DateId=20231130\" style=\"border:0px;width:1px;height:1px\" \/><\/p>\n<p>A <b>OESP<\/b> n\u00e3o \u00e9(s\u00e3o) respons\u00e1vel(is) por erros, incorre\u00e7\u00f5es, atrasos ou quaisquer decis\u00f5es tomadas por seus clientes com base nos Conte\u00fados ora disponibilizados, bem como tais Conte\u00fados n\u00e3o representam a opini\u00e3o da <b>OESP<\/b> e s\u00e3o de inteira responsabilidade da <b>PR Newswire Ltda<\/b><\/p>\n","protected":false},"excerpt":{"rendered":"PR NEWSWIRE GUANGZHOU, China, 30 de novembro de 2023 \/PRNewswire\/ &#8212; A Confer\u00eancia Internacional &#8220;Compreendendo a China&#8221; 2023 (&#8220;a Confer\u00eancia&#8221;), organizada pelo","protected":false},"author":1,"featured_media":0,"comment_status":"open","ping_status":"closed","sticky":false,"template":"","format":"standard","meta":{"_acf_changed":false,"inline_featured_image":false,"_monsterinsights_skip_tracking":false,"_monsterinsights_sitenote_active":false,"_monsterinsights_sitenote_note":"","_monsterinsights_sitenote_category":0,"footnotes":""},"categories":[28],"tags":[],"class_list":["post-81645","post","type-post","status-publish","format-standard","hentry","category-prnewsbrasil"],"acf":[],"_links":{"self":[{"href":"https:\/\/bluestudio.estadao.com.br\/agencia-de-comunicacao\/wp-json\/wp\/v2\/posts\/81645","targetHints":{"allow":["GET"]}}],"collection":[{"href":"https:\/\/bluestudio.estadao.com.br\/agencia-de-comunicacao\/wp-json\/wp\/v2\/posts"}],"about":[{"href":"https:\/\/bluestudio.estadao.com.br\/agencia-de-comunicacao\/wp-json\/wp\/v2\/types\/post"}],"author":[{"embeddable":true,"href":"https:\/\/bluestudio.estadao.com.br\/agencia-de-comunicacao\/wp-json\/wp\/v2\/users\/1"}],"replies":[{"embeddable":true,"href":"https:\/\/bluestudio.estadao.com.br\/agencia-de-comunicacao\/wp-json\/wp\/v2\/comments?post=81645"}],"version-history":[{"count":0,"href":"https:\/\/bluestudio.estadao.com.br\/agencia-de-comunicacao\/wp-json\/wp\/v2\/posts\/81645\/revisions"}],"wp:attachment":[{"href":"https:\/\/bluestudio.estadao.com.br\/agencia-de-comunicacao\/wp-json\/wp\/v2\/media?parent=81645"}],"wp:term":[{"taxonomy":"category","embeddable":true,"href":"https:\/\/bluestudio.estadao.com.br\/agencia-de-comunicacao\/wp-json\/wp\/v2\/categories?post=81645"},{"taxonomy":"post_tag","embeddable":true,"href":"https:\/\/bluestudio.estadao.com.br\/agencia-de-comunicacao\/wp-json\/wp\/v2\/tags?post=81645"}],"curies":[{"name":"wp","href":"https:\/\/api.w.org\/{rel}","templated":true}]}}