{"id":81488,"date":"2023-11-29T14:31:00","date_gmt":"2023-11-29T17:31:00","guid":{"rendered":"https:\/\/bluestudio.estadao.com.br\/agencia-de-comunicacao\/releases\/releases-geral\/detetives-do-predio-azul-retomam-temporada-no-teatro\/"},"modified":"2023-11-29T14:31:00","modified_gmt":"2023-11-29T17:31:00","slug":"detetives-do-predio-azul-retomam-temporada-no-teatro","status":"publish","type":"post","link":"https:\/\/bluestudio.estadao.com.br\/agencia-de-comunicacao\/releases\/releases-geral\/detetives-do-predio-azul-retomam-temporada-no-teatro\/","title":{"rendered":"Detetives do Pr\u00e9dio Azul retomam temporada no teatro"},"content":{"rendered":"<p><b>DINO DIVULGADOR DE NOT\u00cdCIAS<\/b><\/p>\n<p>Rio de Janeiro&#8211;(<a target='_blank' href='http:\/\/www.dino.com.br' rel=\"noopener\">DINO<\/a> &#8211; 29 nov, 2023) &#8211;<br \/>\nA produ&ccedil;&atilde;o Detetives do Pr&eacute;dio Azul, conhecida pela s&eacute;rie televisiva, cinema e pe&ccedil;as teatrais, volta aos palcos em nova turn&ecirc; pelo Brasil com uma nova hist&oacute;ria: &ldquo;D.P.A. A Pe&ccedil;a 2 &ndash; Um Mist&eacute;rio Musical em Magowood&#8217;. A turn&ecirc; iniciou no Rio de Janeiro e terminou no dia 19 de novembro. Agora, as apresenta&ccedil;&otilde;es seguem pelo sul do Brasil.<\/p>\n<p>A pe&ccedil;a teatral &eacute; inspirada na s&eacute;rie &ldquo;D.P.A. &#8211; Detetives do Pr&eacute;dio Azul&rdquo;, produ&ccedil;&atilde;o do canal &ldquo;Gloob&rdquo;, que segue h&aacute; mais de dez anos no ar e est&aacute; indo para sua 18&ordf; temporada. A cada epis&oacute;dio, o trio de detetives envolve o p&uacute;blico com hist&oacute;rias cheias de magia, mist&eacute;rios e aventuras.<\/p>\n<p>Al&eacute;m da TV, o p&uacute;blico infantil j&aacute; p&ocirc;de conferir o universo D.P.A. nos cinemas, com tr&ecirc;s filmes lan&ccedil;ados e no teatro, com a pe&ccedil;a &ldquo;D.P.A. A Pe&ccedil;a 1 &#8211; Um Mist&eacute;rio no Teatro&rdquo;. Agora, toda turma do Pr&eacute;dio Azul volta aos palcos para uma nova aventura.<\/p>\n<p><strong>Novos atores e atrizes<\/strong><\/p>\n<p>A temporada do espet&aacute;culo vai percorrer capitais brasileiras por um per&iacute;odo, portanto, a dire&ccedil;&atilde;o preparou substitutos para eventuais faltas no elenco principal. A atriz Gabi Amaral foi uma das selecionadas para ser a substituta da personagem Anabel, interpretada pela atriz Lu&iacute;sa Periss&eacute;. A atriz destaca que est&aacute; bastante feliz com a oportunidade e reitera que os pais sempre destacaram o quanto &eacute; importante a cultura e a arte em sua vida.<\/p>\n<p>&ldquo;Meus pais me ensinaram que no teatro como na vida n&oacute;s precisamos sempre nos preparar para as oportunidades que surgirem. Quando entrei para estagiar na pe&ccedil;a, n&atilde;o tinha ideia que essa oportunidade fosse surgir. Mas quando ela veio eu a agarrei com toda a for&ccedil;a&rdquo;, destaca a atriz.<\/p>\n<p>Novidades na produ&ccedil;&atilde;o<\/p>\n<p>A nova pe&ccedil;a est&aacute; repleta de novidades para o p&uacute;blico. Os detetives Max (Samuel Minervino) e Zeca (St&eacute;fano Agostini) ganham a companhia do novo detetive da capa vermelha, Mel, interpretada por Emilly Puppim. A investigadora estreante chega &agrave; s&eacute;rie na 18&ordf; temporada e j&aacute; est&aacute; convocada para sua primeira miss&atilde;o no teatro.<\/p>\n<p>As irm&atilde;s feiticeiras Berenice (Nicole Orsini) e Brisa (Cleo Faria) tamb&eacute;m fazem sua primeira participa&ccedil;&atilde;o no espet&aacute;culo. As apresenta&ccedil;&otilde;es contar&atilde;o ainda com as participa&ccedil;&otilde;es especiais de Helo&iacute;sa P&eacute;riss&eacute;, que vive a bruxa Cassandra Brum, e Luisa P&eacute;riss&eacute;, como a bruxa Anabel. Tamb&eacute;m est&atilde;o confirmadas as presen&ccedil;as do mago Theobaldo (Charles Myara), de Leoc&aacute;dia (Claudia Netto) e do porteiro Severino Capim (Ronaldo Reis).<\/p>\n<p>Escrita por Fl&aacute;via Lins e Silva e Pedro Henrique Lopes, com dire&ccedil;&atilde;o de Ernesto Piccolo, &ldquo;D.P.A. A Pe&ccedil;a 2 &ndash; Um Mist&eacute;rio Musical em Magowood&rdquo; &eacute; uma realiza&ccedil;&atilde;o da Ziss Produ&ccedil;&otilde;es, com dire&ccedil;&atilde;o de produ&ccedil;&atilde;o da Elisa Padilha, coprodu&ccedil;&atilde;o e marketing da Inova Brand, coprodu&ccedil;&atilde;o e apoio da Gloss Produ&ccedil;&otilde;es, e curadoria de conte&uacute;do do Gloob. O espet&aacute;culo &eacute; apresentado pelo Minist&eacute;rio da Cultura e pela Brasilprev.<\/p>\n<p>&nbsp;<\/p>\n<p>&nbsp;<\/p>\n<p>&nbsp;<\/p>\n<p>Website: <a target='_blank' href='http:\/\/www.ageimagem.com.br' rel=\"follow noopener\">http:\/\/www.ageimagem.com.br<\/a><img src='https:\/\/api.dino.com.br\/v2\/news\/tr\/297000' alt='' style='border:0px;width:1px;height:1px' \/><br \/>\nA <b>OESP<\/b> n\u00e3o \u00e9(s\u00e3o) respons\u00e1vel(is) por erros, incorre\u00e7\u00f5es, atrasos ou quaisquer decis\u00f5es tomadas por seus clientes com base nos Conte\u00fados ora disponibilizados, bem como tais Conte\u00fados n\u00e3o representam a opini\u00e3o da <b>OESP<\/b> e s\u00e3o de inteira responsabilidade da <b>Dino Divulgador de Noticias Online Ltda<\/b><\/p>\n","protected":false},"excerpt":{"rendered":"DINO DIVULGADOR DE NOT\u00cdCIAS Rio de Janeiro&#8211;(DINO &#8211; 29 nov, 2023) &#8211; A produ&ccedil;&atilde;o Detetives do Pr&eacute;dio Azul, conhecida pela s&eacute;rie televisiva, cinema e","protected":false},"author":1,"featured_media":0,"comment_status":"open","ping_status":"closed","sticky":false,"template":"","format":"standard","meta":{"_acf_changed":false,"inline_featured_image":false,"_monsterinsights_skip_tracking":false,"_monsterinsights_sitenote_active":false,"_monsterinsights_sitenote_note":"","_monsterinsights_sitenote_category":0,"footnotes":""},"categories":[34],"tags":[],"class_list":["post-81488","post","type-post","status-publish","format-standard","hentry","category-releases-geral"],"acf":[],"_links":{"self":[{"href":"https:\/\/bluestudio.estadao.com.br\/agencia-de-comunicacao\/wp-json\/wp\/v2\/posts\/81488","targetHints":{"allow":["GET"]}}],"collection":[{"href":"https:\/\/bluestudio.estadao.com.br\/agencia-de-comunicacao\/wp-json\/wp\/v2\/posts"}],"about":[{"href":"https:\/\/bluestudio.estadao.com.br\/agencia-de-comunicacao\/wp-json\/wp\/v2\/types\/post"}],"author":[{"embeddable":true,"href":"https:\/\/bluestudio.estadao.com.br\/agencia-de-comunicacao\/wp-json\/wp\/v2\/users\/1"}],"replies":[{"embeddable":true,"href":"https:\/\/bluestudio.estadao.com.br\/agencia-de-comunicacao\/wp-json\/wp\/v2\/comments?post=81488"}],"version-history":[{"count":0,"href":"https:\/\/bluestudio.estadao.com.br\/agencia-de-comunicacao\/wp-json\/wp\/v2\/posts\/81488\/revisions"}],"wp:attachment":[{"href":"https:\/\/bluestudio.estadao.com.br\/agencia-de-comunicacao\/wp-json\/wp\/v2\/media?parent=81488"}],"wp:term":[{"taxonomy":"category","embeddable":true,"href":"https:\/\/bluestudio.estadao.com.br\/agencia-de-comunicacao\/wp-json\/wp\/v2\/categories?post=81488"},{"taxonomy":"post_tag","embeddable":true,"href":"https:\/\/bluestudio.estadao.com.br\/agencia-de-comunicacao\/wp-json\/wp\/v2\/tags?post=81488"}],"curies":[{"name":"wp","href":"https:\/\/api.w.org\/{rel}","templated":true}]}}