{"id":81219,"date":"2023-11-28T11:16:00","date_gmt":"2023-11-28T14:16:00","guid":{"rendered":"https:\/\/bluestudio.estadao.com.br\/agencia-de-comunicacao\/releases\/releases-geral\/desempenho-da-industria-melhora-em-agosto\/"},"modified":"2023-11-28T11:16:00","modified_gmt":"2023-11-28T14:16:00","slug":"desempenho-da-industria-melhora-em-agosto","status":"publish","type":"post","link":"https:\/\/bluestudio.estadao.com.br\/agencia-de-comunicacao\/releases\/releases-geral\/desempenho-da-industria-melhora-em-agosto\/","title":{"rendered":"Desempenho da ind\u00fastria melhora em agosto"},"content":{"rendered":"<p><b>DINO DIVULGADOR DE NOT\u00cdCIAS<\/b><\/p>\n<p>S\u00c3O JOS\u00c9 &#8211; SC&#8211;(<a target='_blank' href='http:\/\/www.dino.com.br' rel=\"noopener\">DINO<\/a> &#8211; 28 nov, 2023) &#8211;<br \/>\nSegundo <a rel=\"follow noopener\" target='_blank' href='https:\/\/static.portaldaindustria.com.br\/media\/filer_public\/02\/ce\/02ce2f41-ed25-4a06-90da-538c509d7578\/sondagemindustrial_agosto2023_v2.pdf' data-mce-target='_blank'>relat\u00f3rio publicado no Portal da Ind\u00fastria<\/a>, no m\u00eas de agosto, o \u00edndice de evolu\u00e7\u00e3o da produ\u00e7\u00e3o alcan\u00e7ou a marca de 51,7 pontos. De acordo com os crit\u00e9rios estabelecidos, a pontua\u00e7\u00e3o acima de 50 pontos indica um aumento na produ\u00e7\u00e3o em compara\u00e7\u00e3o com o m\u00eas de julho. Analisando o gr\u00e1fico, verifica-se que este resultado representa o primeiro movimento acima da linha divis\u00f3ria desde o m\u00eas de maio do mesmo ano.<\/p>\n<p>Ainda segundo o relat\u00f3rio, apesar desse avan\u00e7o, nota-se que o indicador ainda se mant\u00e9m em um n\u00edvel inferior ao que \u00e9 considerado usual para este per\u00edodo. O resultado do m\u00eas de agosto se encontra 0,9 ponto abaixo da m\u00e9dia hist\u00f3rica para os meses de agosto, que \u00e9 de 52,6 pontos. Isso sugere que, tradicionalmente, o m\u00eas de agosto \u00e9 caracterizado por um aumento na produ\u00e7\u00e3o. No entanto, o crescimento registrado em agosto de 2023 em compara\u00e7\u00e3o com o m\u00eas anterior foi mais moderado e menos disseminado em compara\u00e7\u00e3o com anos anteriores.<\/p>\n<p>A an\u00e1lise desses dados aponta para uma melhoria no cen\u00e1rio de produ\u00e7\u00e3o, mas ainda abaixo dos padr\u00f5es hist\u00f3ricos para o m\u00eas de agosto, segundo informa\u00e7\u00f5es do relat\u00f3rio publicado. O documento afirma que especialistas e economistas continuam atentos \u00e0s tend\u00eancias futuras para entender melhor os fatores subjacentes a esse comportamento e suas implica\u00e7\u00f5es no setor industrial. Segundo a <a rel=\"follow noopener\" target='_blank' href='https:\/\/www.portaldaindustria.com.br\/estatisticas\/sondagem-industrial\/' data-mce-target='_blank'>publica\u00e7\u00e3o feita no Portal da Ind\u00fastria<\/a>, no m\u00eas de agosto deste ano, observou-se um crescimento na produ\u00e7\u00e3o industrial, acompanhado pelo aumento na utiliza\u00e7\u00e3o da capacidade instalada e pela aproxima\u00e7\u00e3o dos n\u00edveis de estoque efetivo em rela\u00e7\u00e3o ao planejado. Esses indicativos apontam para uma melhoria no desempenho do setor industrial durante o per\u00edodo em quest\u00e3o.<\/p>\n<p>Jos\u00e9 Ant\u00f4nio Valente, diretor da empresa de <a rel=\"follow noopener\" target='_blank' href='https:\/\/www.alugamaquinassul.com.br\/' data-mce-target='_blank'>aluguel de m\u00e1quinas para constru\u00e7\u00e3o<\/a> Aluga M\u00e1quinas Sul afirmou que com os dados apresentados, a expectativa com rela\u00e7\u00e3o aos investimentos no setor aumenta quando vemos um uma pontua\u00e7\u00e3o acima dos 50 pontos na produ\u00e7\u00e3o industrial. &#8216;Todo setor industrial, inclusive o setor de m\u00e1quinas e equipamentos deve estar atento pois com o aumento da produ\u00e7\u00e3o \u00e9 poss\u00edvel avaliar novos investimentos, desde dos pequenos, como na <a rel=\"follow noopener\" target='_blank' href='https:\/\/www.alugamaquinassul.com.br\/locacao-de-compressor-de-ar\/' data-mce-target='_blank'>loca\u00e7\u00e3o de compressor de ar<\/a>, para atender pedidos espec\u00edficos em servi\u00e7os, como tamb\u00e9m na venda de grandes m\u00e1quinas e equipamentos para ind\u00fastria geral, desde que seja observado uma consist\u00eancia no crescimento nos \u00faltimos meses&#8217;.<\/p>\n<p>Ainda sobre o documento publicado, no m\u00eas de agosto de 2023, o \u00edndice de evolu\u00e7\u00e3o do n\u00famero de empregados registrou 49,6 pontos. O relat\u00f3rio aborda que embora essa pontua\u00e7\u00e3o permane\u00e7a ligeiramente abaixo da marca de 50 pontos, que \u00e9 considerada o limite de refer\u00eancia, o indicador revela que as varia\u00e7\u00f5es no emprego foram m\u00ednimas na transi\u00e7\u00e3o de julho para agosto do mesmo ano.<\/p>\n<p>Perguntado sobre o assunto, Jos\u00e9 Ant\u00f4nio, afirmou que mesmo n\u00e3o havendo grande altera\u00e7\u00e3o no n\u00famero de empregados \u00e9 importante notar que, segundo o que foi informado no relat\u00f3rio, o emprego costuma cair nesse per\u00edodo do ano, por\u00e9m a queda, dessa vez, foi menor do que habitualmente acontece.<\/p>\n<p>Website: <a target='_blank' href='https:\/\/www.alugamaquinassul.com.br\/' rel=\"follow noopener\">https:\/\/www.alugamaquinassul.com.br\/<\/a><img src='https:\/\/api.dino.com.br\/v2\/news\/tr\/292848' alt='' style='border:0px;width:1px;height:1px' \/><br \/>\nA <b>OESP<\/b> n\u00e3o \u00e9(s\u00e3o) respons\u00e1vel(is) por erros, incorre\u00e7\u00f5es, atrasos ou quaisquer decis\u00f5es tomadas por seus clientes com base nos Conte\u00fados ora disponibilizados, bem como tais Conte\u00fados n\u00e3o representam a opini\u00e3o da <b>OESP<\/b> e s\u00e3o de inteira responsabilidade da <b>Dino Divulgador de Noticias Online Ltda<\/b><\/p>\n","protected":false},"excerpt":{"rendered":"DINO DIVULGADOR DE NOT\u00cdCIAS S\u00c3O JOS\u00c9 &#8211; SC&#8211;(DINO &#8211; 28 nov, 2023) &#8211; Segundo relat\u00f3rio publicado no Portal da Ind\u00fastria, no m\u00eas de agosto, o \u00edndice de evolu\u00e7\u00e3o da","protected":false},"author":1,"featured_media":0,"comment_status":"open","ping_status":"closed","sticky":false,"template":"","format":"standard","meta":{"_acf_changed":false,"inline_featured_image":false,"_monsterinsights_skip_tracking":false,"_monsterinsights_sitenote_active":false,"_monsterinsights_sitenote_note":"","_monsterinsights_sitenote_category":0,"footnotes":""},"categories":[34],"tags":[],"class_list":["post-81219","post","type-post","status-publish","format-standard","hentry","category-releases-geral"],"acf":[],"_links":{"self":[{"href":"https:\/\/bluestudio.estadao.com.br\/agencia-de-comunicacao\/wp-json\/wp\/v2\/posts\/81219","targetHints":{"allow":["GET"]}}],"collection":[{"href":"https:\/\/bluestudio.estadao.com.br\/agencia-de-comunicacao\/wp-json\/wp\/v2\/posts"}],"about":[{"href":"https:\/\/bluestudio.estadao.com.br\/agencia-de-comunicacao\/wp-json\/wp\/v2\/types\/post"}],"author":[{"embeddable":true,"href":"https:\/\/bluestudio.estadao.com.br\/agencia-de-comunicacao\/wp-json\/wp\/v2\/users\/1"}],"replies":[{"embeddable":true,"href":"https:\/\/bluestudio.estadao.com.br\/agencia-de-comunicacao\/wp-json\/wp\/v2\/comments?post=81219"}],"version-history":[{"count":0,"href":"https:\/\/bluestudio.estadao.com.br\/agencia-de-comunicacao\/wp-json\/wp\/v2\/posts\/81219\/revisions"}],"wp:attachment":[{"href":"https:\/\/bluestudio.estadao.com.br\/agencia-de-comunicacao\/wp-json\/wp\/v2\/media?parent=81219"}],"wp:term":[{"taxonomy":"category","embeddable":true,"href":"https:\/\/bluestudio.estadao.com.br\/agencia-de-comunicacao\/wp-json\/wp\/v2\/categories?post=81219"},{"taxonomy":"post_tag","embeddable":true,"href":"https:\/\/bluestudio.estadao.com.br\/agencia-de-comunicacao\/wp-json\/wp\/v2\/tags?post=81219"}],"curies":[{"name":"wp","href":"https:\/\/api.w.org\/{rel}","templated":true}]}}