{"id":81095,"date":"2023-11-27T18:01:00","date_gmt":"2023-11-27T21:01:00","guid":{"rendered":"https:\/\/bluestudio.estadao.com.br\/agencia-de-comunicacao\/releases\/releases-geral\/criancas-brasileiras-sao-destaque-em-mundiais-de-jiu-jitsu\/"},"modified":"2023-11-27T18:01:00","modified_gmt":"2023-11-27T21:01:00","slug":"criancas-brasileiras-sao-destaque-em-mundiais-de-jiu-jitsu","status":"publish","type":"post","link":"https:\/\/bluestudio.estadao.com.br\/agencia-de-comunicacao\/releases\/releases-geral\/criancas-brasileiras-sao-destaque-em-mundiais-de-jiu-jitsu\/","title":{"rendered":"Crian\u00e7as brasileiras s\u00e3o destaque em mundiais de jiu-jitsu"},"content":{"rendered":"<p><b>DINO DIVULGADOR DE NOT\u00cdCIAS<\/b><\/p>\n<p>S\u00e3o Paulo&#8211;(<a target='_blank' href='http:\/\/www.dino.com.br' rel=\"noopener\">DINO<\/a> &#8211; 27 nov, 2023) &#8211;<br \/>\nRefer&ecirc;ncia no jiu-jitsu, o Brasil &eacute; ber&ccedil;o de alguns dos maiores atletas do esporte, incluindo lutadores de uma categoria que j&aacute; foi considerada &ldquo;caf&eacute; com leite&rdquo;. Com o advento dos campeonatos mundiais infantis, uma nova gera&ccedil;&atilde;o de atletas mirins vem fazendo hist&oacute;ria nos tatames internacionais.<\/p>\n<p>A conquista mais recente aconteceu na 15&ordf; edi&ccedil;&atilde;o do Abu Dhabi World Pro Jiu-Jitsu Championship, nos Emirados &Aacute;rabes Unidos, onde dois projetos sociais que atendem jovens de favelas cariocas se juntaram e conseguiram realizar o sonho de 30 crian&ccedil;as disputarem o mundial. Segundo o <a rel=\"follow noopener\" target='_blank' href='https:\/\/www.vozdascomunidades.com.br\/destaques\/jovens-de-favelas-do-rio-conquistam-12-medalhas-de-jiu-jitsu-em-abu-dhabi-sete-sao-de-ouro\/'>Voz das Comunidades<\/a>, os atletas do Mar&eacute; Top Team e Gera&ccedil;&atilde;o UPP conquistaram, ao todo, 13 medalhas (8 ouros, 3 pratas e 2 bronzes) para o Brasil nas categorias infantis do campeonato, que aconteceu entre 1 e 4 de novembro.<\/p>\n<p>No mesmo torneio, Gabi Yamaguchi, de Cabo Frio, conquistou a medalha de bronze e agora a menina de 11 anos conta com 47 t&iacute;tulos. Meses antes, ela garantiu o p&oacute;dio de vice-campe&atilde; no Campeonato Kids Internacional 2023, na Arena da Juventude, na Vila Militar em Deodoro, no Rio de Janeiro. A informa&ccedil;&atilde;o &eacute; do <a rel=\"follow noopener\" target='_blank' href='https:\/\/rc24h.com.br\/atleta-cabo-friense-gabi-yamaguchi-'>RC 24h<\/a>.<\/p>\n<p>A premia&ccedil;&atilde;o vem na esteira de outros mundiais com crian&ccedil;as brasileiras no p&oacute;dio. Em setembro, o bicampe&atilde;o Sul-Americano de jiu-jitsu, Gabriel Badar&oacute;, de 12 anos, conquistou a medalha de ouro no Campeonato Internacional Kids 2023, realizado na Arena da Juventude na Vila Militar do Rio de Janeiro, conforme publicou o <a rel=\"follow noopener\" target='_blank' href='https:\/\/newsdacidade.com.br\/parnaibano-bicampeao-de-jiu-jitsu-conquista-medalha-de-ouro-no-international-kids-do-rio\/'>News da Cidade.<\/a><\/p>\n<p>Enquanto uma nova leva de atletas mirins alcan&ccedil;a posi&ccedil;&otilde;es mais altas no esporte, especialistas alertam para a dificuldade em manter esses campe&otilde;es treinando no Brasil. Coach de iniciantes e intermedi&aacute;rios, <a rel=\"follow noopener\" target='_blank' href='https:\/\/www.instagram.com\/dudu50souza\/?ref=ayesjqfcyfudw3&amp;hl=en'>Dudu Souza<\/a>, da Alliance Partenon, em Porto Alegre, comenta: &ldquo;Embora o Brasil tenha alguns dos melhores atletas de jiu-jitsu do mundo, &eacute; muito dif&iacute;cil se manter no topo morando no pa&iacute;s&rdquo;, afirma.<\/p>\n<p>Segundo o treinador, s&atilde;o raros os atletas que conseguem se sustentar por meio de patroc&iacute;nio no pa&iacute;s. &ldquo;J&aacute; vi muito campe&atilde;o, especialmente os mais jovens, tendo que vender bombom para tentar permanecer no esporte&rdquo;, diz Dudu. &ldquo;Essas crian&ccedil;as competem com meninos e meninas americanos, por exemplo, que treinam em ambientes muito mais favor&aacute;veis&rdquo;, diz. &ldquo;Em algum momento, para evitar que essa diferen&ccedil;a reflita no p&oacute;dio, alguns brasileiros acabam optando por viver no exterior&rdquo;, conta.<\/p>\n<p>Considerado o &ldquo;garoto-prod&iacute;gio da arte suave&rdquo;, <a rel=\"follow noopener\" target='_blank' href='https:\/\/www.uol.com.br\/esporte\/ultimas-noticias\/2023\/10\/15\/como-e-a-rotina-de-icaro-moreno-fenomeno-do-jiu-jitsu.htm?cmpid=copiaecola'>&Iacute;caro Moreno<\/a>, de 11 anos, vive em Costa Mesa, na Calif&oacute;rnia, onde treina na academia Art of Jiu Jitsu. Ele lidera o ranking da IBJJF (Federa&ccedil;&atilde;o Internacional de Jiu-Jitsu Brasileiro), faturou cinco t&iacute;tulos do Pan Kids, o principal torneio do planeta, e est&aacute; invicto na federa&ccedil;&atilde;o h&aacute; seis anos.<\/p>\n<p>Apesar da pouca idade, &Iacute;caro ministra semin&aacute;rios e d&aacute; aulas particulares nos Estados Unidos, al&eacute;m de somar diversos patroc&iacute;nios de peso. &ldquo;O meu desejo &eacute; ser um campe&atilde;o mundial em todas as faixas&rdquo;, disse ele em entrevista ao <a rel=\"follow noopener\" target='_blank' href='https:\/\/www.lance.com.br\/fora-de-campo\/aos-anos-brasileiro-viraliza-somar-titulos-jiu-jitsu-manter-invencibilidade-impressionante.html'>Lance<\/a>. As primeiras medalhas o brasileiro j&aacute; tem.<\/p>\n<p>Website: <a target='_blank' href='https:\/\/www.vozdascomunidades.com.br\/destaques\/jovens-de-favelas-do-rio-conquistam-12-medalhas-de-jiu-jitsu-em-abu-dhabi-sete-sao-de-ouro\/' rel=\"follow noopener\">https:\/\/www.vozdascomunidades.com.br\/destaques\/jovens-de-favelas-do-rio-conquistam-12-medalhas-de-jiu-jitsu-em-abu-dhabi-sete-sao-de-ouro\/<\/a><img src='https:\/\/api.dino.com.br\/v2\/news\/tr\/297583' alt='' style='border:0px;width:1px;height:1px' \/><br \/>\nA <b>OESP<\/b> n\u00e3o \u00e9(s\u00e3o) respons\u00e1vel(is) por erros, incorre\u00e7\u00f5es, atrasos ou quaisquer decis\u00f5es tomadas por seus clientes com base nos Conte\u00fados ora disponibilizados, bem como tais Conte\u00fados n\u00e3o representam a opini\u00e3o da <b>OESP<\/b> e s\u00e3o de inteira responsabilidade da <b>Dino Divulgador de Noticias Online Ltda<\/b><\/p>\n","protected":false},"excerpt":{"rendered":"DINO DIVULGADOR DE NOT\u00cdCIAS S\u00e3o Paulo&#8211;(DINO &#8211; 27 nov, 2023) &#8211; Refer&ecirc;ncia no jiu-jitsu, o Brasil &eacute; ber&ccedil;o de alguns dos maiores atletas do esporte, incluindo","protected":false},"author":1,"featured_media":0,"comment_status":"open","ping_status":"closed","sticky":false,"template":"","format":"standard","meta":{"_acf_changed":false,"inline_featured_image":false,"_monsterinsights_skip_tracking":false,"_monsterinsights_sitenote_active":false,"_monsterinsights_sitenote_note":"","_monsterinsights_sitenote_category":0,"footnotes":""},"categories":[34],"tags":[],"class_list":["post-81095","post","type-post","status-publish","format-standard","hentry","category-releases-geral"],"acf":[],"_links":{"self":[{"href":"https:\/\/bluestudio.estadao.com.br\/agencia-de-comunicacao\/wp-json\/wp\/v2\/posts\/81095","targetHints":{"allow":["GET"]}}],"collection":[{"href":"https:\/\/bluestudio.estadao.com.br\/agencia-de-comunicacao\/wp-json\/wp\/v2\/posts"}],"about":[{"href":"https:\/\/bluestudio.estadao.com.br\/agencia-de-comunicacao\/wp-json\/wp\/v2\/types\/post"}],"author":[{"embeddable":true,"href":"https:\/\/bluestudio.estadao.com.br\/agencia-de-comunicacao\/wp-json\/wp\/v2\/users\/1"}],"replies":[{"embeddable":true,"href":"https:\/\/bluestudio.estadao.com.br\/agencia-de-comunicacao\/wp-json\/wp\/v2\/comments?post=81095"}],"version-history":[{"count":0,"href":"https:\/\/bluestudio.estadao.com.br\/agencia-de-comunicacao\/wp-json\/wp\/v2\/posts\/81095\/revisions"}],"wp:attachment":[{"href":"https:\/\/bluestudio.estadao.com.br\/agencia-de-comunicacao\/wp-json\/wp\/v2\/media?parent=81095"}],"wp:term":[{"taxonomy":"category","embeddable":true,"href":"https:\/\/bluestudio.estadao.com.br\/agencia-de-comunicacao\/wp-json\/wp\/v2\/categories?post=81095"},{"taxonomy":"post_tag","embeddable":true,"href":"https:\/\/bluestudio.estadao.com.br\/agencia-de-comunicacao\/wp-json\/wp\/v2\/tags?post=81095"}],"curies":[{"name":"wp","href":"https:\/\/api.w.org\/{rel}","templated":true}]}}