{"id":81061,"date":"2023-11-27T16:21:00","date_gmt":"2023-11-27T19:21:00","guid":{"rendered":"https:\/\/bluestudio.estadao.com.br\/agencia-de-comunicacao\/releases\/releases-geral\/coworking-de-curitiba-cresce-e-lider-global-declara-falencia\/"},"modified":"2023-11-27T16:21:00","modified_gmt":"2023-11-27T19:21:00","slug":"coworking-de-curitiba-cresce-e-lider-global-declara-falencia","status":"publish","type":"post","link":"https:\/\/bluestudio.estadao.com.br\/agencia-de-comunicacao\/releases\/releases-geral\/coworking-de-curitiba-cresce-e-lider-global-declara-falencia\/","title":{"rendered":"Coworking de Curitiba cresce e l\u00edder global declara fal\u00eancia"},"content":{"rendered":"<p><b>DINO DIVULGADOR DE NOT\u00cdCIAS<\/b><\/p>\n<p>Curitiba, PR&#8211;(<a target='_blank' href='http:\/\/www.dino.com.br' rel=\"noopener\">DINO<\/a> &#8211; 27 nov, 2023) &#8211;<br \/>\nO mercado de coworking, que experimentou um<a rel=\"follow noopener\" target='_blank' href='https:\/\/valor.globo.com\/patrocinado\/imoveis-de-valor\/noticia\/2022\/03\/11\/o-coworking-se-reinventa-para-atender-grandes-corporacoes.ghtml'> crescimento not&aacute;vel<\/a> nos &uacute;ltimos anos, agora enfrenta diferentes trajet&oacute;rias representadas por grandes empresas como a WeWork e empreendimentos locais como a Aldeia Coworking.<\/p>\n<p>A <a rel=\"follow noopener\" target='_blank' href='https:\/\/www.cnnbrasil.com.br\/economia\/wework-entra-com-pedido-de-recuperacao-judicial\/'>WeWork<\/a>, uma empresa americana l&iacute;der em espa&ccedil;os de trabalho compartilhados, recentemente entrou com um pedido de recupera&ccedil;&atilde;o judicial nos Estados Unidos. A empresa, impactada por d&iacute;vidas acumuladas e pela redu&ccedil;&atilde;o da demanda durante a pandemia, enfrenta desafios financeiros consider&aacute;veis. O modelo de neg&oacute;cios da WeWork, centrado na loca&ccedil;&atilde;o de espa&ccedil;os f&iacute;sicos, sofreu impactos substanciais com a ascens&atilde;o do trabalho remoto.<\/p>\n<p>Por outro lado, a <a rel=\"follow noopener\" target='_blank' href='https:\/\/coworking.aldeia.cc\/categoria-produtos\/coworking\/'>Aldeia Coworking<\/a>, reconhecida como <a rel=\"follow noopener\" target='_blank' href='https:\/\/www.curitiba.pr.leg.br\/informacao\/noticias\/aldeia-coworking-e-realidade-em-curitiba'>pioneira no sul<\/a> do pa&iacute;s, adota uma abordagem mais vers&aacute;til. Al&eacute;m de disponibilizar espa&ccedil;os de coworking em duas sedes estrategicamente localizadas no centro de Curitiba, a empresa redefiniu seus servi&ccedil;os durante a pandemia para atender &agrave;s novas demandas do mercado, integrando elementos virtuais aos seus espa&ccedil;os f&iacute;sicos. Al&eacute;m dos espa&ccedil;os para coworking, a Aldeia tamb&eacute;m se posiciona como um local vers&aacute;til para reuni&otilde;es, workshops e eventos corporativos.<\/p>\n<p>O CEO da Aldeia Coworking, Ricardo D&oacute;ria, compartilhou insights sobre a trajet&oacute;ria da empresa. &#8216;A pandemia nos incentivou a inovar e aprimorar nossos servi&ccedil;os. Agora, estamos observando uma demanda crescente por nossos espa&ccedil;os de trabalho colaborativos e eventos corporativos.&#8217;<\/p>\n<p>Ambas as empresas, em seus respectivos contextos, refletem as complexidades do mercado de coworking em um cen&aacute;rio p&oacute;s-pand&ecirc;mico. Enquanto a WeWork busca reestrutura&ccedil;&atilde;o para superar seus desafios financeiros, a Aldeia Coworking destaca que o sucesso neste setor requer n&atilde;o apenas inova&ccedil;&atilde;o, mas tamb&eacute;m uma compreens&atilde;o profunda das mudan&ccedil;as nas necessidades dos clientes.<\/p>\n<p>Website: <a target='_blank' href='https:\/\/coworking.aldeia.cc\/' rel=\"follow noopener\">https:\/\/coworking.aldeia.cc\/<\/a><img src='https:\/\/api.dino.com.br\/v2\/news\/tr\/295259' alt='' style='border:0px;width:1px;height:1px' \/><br \/>\nA <b>OESP<\/b> n\u00e3o \u00e9(s\u00e3o) respons\u00e1vel(is) por erros, incorre\u00e7\u00f5es, atrasos ou quaisquer decis\u00f5es tomadas por seus clientes com base nos Conte\u00fados ora disponibilizados, bem como tais Conte\u00fados n\u00e3o representam a opini\u00e3o da <b>OESP<\/b> e s\u00e3o de inteira responsabilidade da <b>Dino Divulgador de Noticias Online Ltda<\/b><\/p>\n","protected":false},"excerpt":{"rendered":"DINO DIVULGADOR DE NOT\u00cdCIAS Curitiba, PR&#8211;(DINO &#8211; 27 nov, 2023) &#8211; O mercado de coworking, que experimentou um crescimento not&aacute;vel nos &uacute;ltimos anos, agora enfrenta","protected":false},"author":1,"featured_media":0,"comment_status":"open","ping_status":"closed","sticky":false,"template":"","format":"standard","meta":{"_acf_changed":false,"inline_featured_image":false,"_monsterinsights_skip_tracking":false,"_monsterinsights_sitenote_active":false,"_monsterinsights_sitenote_note":"","_monsterinsights_sitenote_category":0,"footnotes":""},"categories":[34],"tags":[],"class_list":["post-81061","post","type-post","status-publish","format-standard","hentry","category-releases-geral"],"acf":[],"_links":{"self":[{"href":"https:\/\/bluestudio.estadao.com.br\/agencia-de-comunicacao\/wp-json\/wp\/v2\/posts\/81061","targetHints":{"allow":["GET"]}}],"collection":[{"href":"https:\/\/bluestudio.estadao.com.br\/agencia-de-comunicacao\/wp-json\/wp\/v2\/posts"}],"about":[{"href":"https:\/\/bluestudio.estadao.com.br\/agencia-de-comunicacao\/wp-json\/wp\/v2\/types\/post"}],"author":[{"embeddable":true,"href":"https:\/\/bluestudio.estadao.com.br\/agencia-de-comunicacao\/wp-json\/wp\/v2\/users\/1"}],"replies":[{"embeddable":true,"href":"https:\/\/bluestudio.estadao.com.br\/agencia-de-comunicacao\/wp-json\/wp\/v2\/comments?post=81061"}],"version-history":[{"count":0,"href":"https:\/\/bluestudio.estadao.com.br\/agencia-de-comunicacao\/wp-json\/wp\/v2\/posts\/81061\/revisions"}],"wp:attachment":[{"href":"https:\/\/bluestudio.estadao.com.br\/agencia-de-comunicacao\/wp-json\/wp\/v2\/media?parent=81061"}],"wp:term":[{"taxonomy":"category","embeddable":true,"href":"https:\/\/bluestudio.estadao.com.br\/agencia-de-comunicacao\/wp-json\/wp\/v2\/categories?post=81061"},{"taxonomy":"post_tag","embeddable":true,"href":"https:\/\/bluestudio.estadao.com.br\/agencia-de-comunicacao\/wp-json\/wp\/v2\/tags?post=81061"}],"curies":[{"name":"wp","href":"https:\/\/api.w.org\/{rel}","templated":true}]}}