{"id":81043,"date":"2023-11-27T14:41:00","date_gmt":"2023-11-27T17:41:00","guid":{"rendered":"https:\/\/bluestudio.estadao.com.br\/agencia-de-comunicacao\/releases\/releases-geral\/plano-de-saude-deve-cobrir-tratamento-de-crianca-autista\/"},"modified":"2023-11-27T14:41:00","modified_gmt":"2023-11-27T17:41:00","slug":"plano-de-saude-deve-cobrir-tratamento-de-crianca-autista","status":"publish","type":"post","link":"https:\/\/bluestudio.estadao.com.br\/agencia-de-comunicacao\/releases\/releases-geral\/plano-de-saude-deve-cobrir-tratamento-de-crianca-autista\/","title":{"rendered":"Plano de sa\u00fade deve cobrir tratamento de crian\u00e7a autista"},"content":{"rendered":"<p><b>DINO DIVULGADOR DE NOT\u00cdCIAS<\/b><\/p>\n<p>(<a target='_blank' href='http:\/\/www.dino.com.br' rel=\"noopener\">DINO<\/a> &#8211; 27 nov, 2023) &#8211;<br \/>\nA 1\u00aa Vara C\u00edvel da comarca de Canoinhas, no estado de Santa Catarina, <a rel=\"follow noopener\" target='_blank' href='https:\/\/www.tjsc.jus.br\/web\/imprensa\/-\/justica-garante-tratamento-custeado-pelo-plano-de-saude-a-crianca-com-autismo' data-mce-target='_blank'>determinou recentemente<\/a> que uma operadora de plano de sa\u00fade cubra o tratamento terap\u00eautico de uma crian\u00e7a autista. Segundo informa\u00e7\u00f5es do Tribunal de Justi\u00e7a de Santa Catarina, a decis\u00e3o tamb\u00e9m incluiu o reembolso a partes do tratamento n\u00e3o cobertas pelo plano.<\/p>\n<p>As terapias recomendadas \u00e0 crian\u00e7a atendida somam 98 horas de sess\u00f5es mensais com uma equipe multidisciplinar. N\u00e3o h\u00e1, por\u00e9m, profissionais credenciados na rede desta operadora atendendo na cidade onde mora a fam\u00edlia que supram todas as necessidades do plano terap\u00eautico.&nbsp;<\/p>\n<p>Assim, o magistrado do caso determinou que a operadora ter\u00e1 que oferecer todo o tratamento m\u00e9dico prescrito, com ressarcimento dos valores quando profissionais de fora da rede forem consultados. A fam\u00edlia apenas precisa apresentar comprova\u00e7\u00e3o semestral com apresenta\u00e7\u00e3o de notas fiscais e relat\u00f3rios.<\/p>\n<p>&#8216;No Brasil, para efeitos legais, os autistas s\u00e3o considerados pessoas com defici\u00eancia e, de acordo com a Lei n\u00ba 12.764\/12, t\u00eam direito a servi\u00e7os de sa\u00fade, incluindo identifica\u00e7\u00e3o precoce, atendimento multiprofissional, terapia nutricional, medicamentos e informa\u00e7\u00f5es que auxiliem no diagn\u00f3stico e no tratamento&#8217;, explica a Christiane Faturi Angelo Afonso, da Faturi Angelo &amp; Afonso Advocacia e Consultoria. A advogada especialista em direito da sa\u00fade esclarece ainda que, pela lei, a pessoa com Transtorno do Espectro Autista (TEA) n\u00e3o pode ter seu tratamento negado pela operadora nem limitado em n\u00famero de sess\u00f5es.<\/p>\n<p>Em junho do ano passado, a Ag\u00eancia Nacional de Sa\u00fade Suplementar (ANS) <a rel=\"follow noopener\" target='_blank' href='https:\/\/www.gov.br\/ans\/pt-br\/assuntos\/noticias\/beneficiario\/ans-altera-regras-de-cobertura-para-tratamento-de-transtornos-globais-do-desenvolvimento' data-mce-target='_blank'>aprovou a normativa RN 539\/2022<\/a>, que amplia a cobertura assistencial pelos planos de sa\u00fade para pacientes com transtornos globais de desenvolvimento. Os Transtornos do Espectro Autista est\u00e3o inclu\u00eddos nesta lista, segundo a Classifica\u00e7\u00e3o Internacional de Doen\u00e7as (CID F84).<\/p>\n<p>Assim, todo plano de sa\u00fade regulamentado ficou obrigado a cobrir integralmente o tratamento, indicado por um profissional da sa\u00fade, de pessoas com TEA. Isso inclui diversos tipos de terapias, como fonoaudiologia, psicoterapia, fisioterapia, terapia ocupacional, entre outras.<\/p>\n<p>&#8216;Com essa decis\u00e3o, a ANS reconhece a import\u00e2ncia das terapias multidisciplinares&#8217;, aponta Christiane. H\u00e1 v\u00e1rias abordagens poss\u00edveis para o tratamento dos transtornos globais do desenvolvimento e, segundo a ANS, a fam\u00edlia tem o direito de escolher o m\u00e9todo mais adequado com a orienta\u00e7\u00e3o da equipe m\u00e9dica que a atende.<\/p>\n<p>A decis\u00e3o da comarca de Canoinhas sobre o tratamento de um paciente autista \u00e9 consequ\u00eancia da decis\u00e3o do ano passado da ANS, que inclui tamb\u00e9m outros transtornos, como a S\u00edndrome de Asperger e a S\u00edndrome de Rett. A ANS destacou que continuar\u00e1 com &#8216;avalia\u00e7\u00e3o e monitoramento do tema para o constante aprimoramento da cobertura dos planos de sa\u00fade&#8217;.<\/p>\n<p>Para saber mais, basta acessar <a rel=\"follow noopener\" target='_blank' href='https:\/\/www.faturiangelo.com.br\/' data-mce-target='_blank'>https:\/\/www.faturiangelo.com.br\/<\/a><\/p>\n<p>A <b>OESP<\/b> n\u00e3o \u00e9(s\u00e3o) respons\u00e1vel(is) por erros, incorre\u00e7\u00f5es, atrasos ou quaisquer decis\u00f5es tomadas por seus clientes com base nos Conte\u00fados ora disponibilizados, bem como tais Conte\u00fados n\u00e3o representam a opini\u00e3o da <b>OESP<\/b> e s\u00e3o de inteira responsabilidade da <b>Dino Divulgador de Noticias Online Ltda<\/b><\/p>\n","protected":false},"excerpt":{"rendered":"DINO DIVULGADOR DE NOT\u00cdCIAS (DINO &#8211; 27 nov, 2023) &#8211; A 1\u00aa Vara C\u00edvel da comarca de Canoinhas, no estado de Santa Catarina, determinou recentemente que uma operadora de plano de sa\u00fade","protected":false},"author":1,"featured_media":0,"comment_status":"open","ping_status":"closed","sticky":false,"template":"","format":"standard","meta":{"_acf_changed":false,"inline_featured_image":false,"_monsterinsights_skip_tracking":false,"_monsterinsights_sitenote_active":false,"_monsterinsights_sitenote_note":"","_monsterinsights_sitenote_category":0,"footnotes":""},"categories":[34],"tags":[],"class_list":["post-81043","post","type-post","status-publish","format-standard","hentry","category-releases-geral"],"acf":[],"_links":{"self":[{"href":"https:\/\/bluestudio.estadao.com.br\/agencia-de-comunicacao\/wp-json\/wp\/v2\/posts\/81043","targetHints":{"allow":["GET"]}}],"collection":[{"href":"https:\/\/bluestudio.estadao.com.br\/agencia-de-comunicacao\/wp-json\/wp\/v2\/posts"}],"about":[{"href":"https:\/\/bluestudio.estadao.com.br\/agencia-de-comunicacao\/wp-json\/wp\/v2\/types\/post"}],"author":[{"embeddable":true,"href":"https:\/\/bluestudio.estadao.com.br\/agencia-de-comunicacao\/wp-json\/wp\/v2\/users\/1"}],"replies":[{"embeddable":true,"href":"https:\/\/bluestudio.estadao.com.br\/agencia-de-comunicacao\/wp-json\/wp\/v2\/comments?post=81043"}],"version-history":[{"count":0,"href":"https:\/\/bluestudio.estadao.com.br\/agencia-de-comunicacao\/wp-json\/wp\/v2\/posts\/81043\/revisions"}],"wp:attachment":[{"href":"https:\/\/bluestudio.estadao.com.br\/agencia-de-comunicacao\/wp-json\/wp\/v2\/media?parent=81043"}],"wp:term":[{"taxonomy":"category","embeddable":true,"href":"https:\/\/bluestudio.estadao.com.br\/agencia-de-comunicacao\/wp-json\/wp\/v2\/categories?post=81043"},{"taxonomy":"post_tag","embeddable":true,"href":"https:\/\/bluestudio.estadao.com.br\/agencia-de-comunicacao\/wp-json\/wp\/v2\/tags?post=81043"}],"curies":[{"name":"wp","href":"https:\/\/api.w.org\/{rel}","templated":true}]}}