{"id":81033,"date":"2023-11-27T14:42:00","date_gmt":"2023-11-27T17:42:00","guid":{"rendered":"https:\/\/bluestudio.estadao.com.br\/agencia-de-comunicacao\/prnewswire\/prnewsinternacional\/brz-insurance-aponta-que-coberturas-de-seguros-mais-abrangentes-para-automoveis-sao-necessarias-para-uma-protecao-mais-completa\/"},"modified":"2023-11-27T14:42:00","modified_gmt":"2023-11-27T17:42:00","slug":"brz-insurance-aponta-que-coberturas-de-seguros-mais-abrangentes-para-automoveis-sao-necessarias-para-uma-protecao-mais-completa","status":"publish","type":"post","link":"https:\/\/bluestudio.estadao.com.br\/agencia-de-comunicacao\/prnewswire\/prnewsinternacional\/brz-insurance-aponta-que-coberturas-de-seguros-mais-abrangentes-para-automoveis-sao-necessarias-para-uma-protecao-mais-completa\/","title":{"rendered":"BRZ Insurance aponta que coberturas de seguros mais abrangentes para autom\u00f3veis s\u00e3o necess\u00e1rias para uma prote\u00e7\u00e3o mais completa"},"content":{"rendered":"<p><b>PR NEWSWIRE<\/b><\/p>\n<div class=\"xn-content\">\n<p class=\"prntac\"><i>Incidentes meteorol\u00f3gicos como enchentes e quedas de \u00e1rvores em ve\u00edculos, por exemplo, est\u00e3o cobertas por esse tipo de ap\u00f3lice<\/i><\/p>\n<p><span class=\"legendSpanClass\">S\u00c3O PAULO<\/span>, <span class=\"legendSpanClass\">27 de novembro de 2023<\/span> \/PRNewswire\/ &#8212; Alagamentos que acontecem quando se est\u00e1 parado em meio a engarrafamentos e acidentes envolvendo quedas de galhos ou mesmo \u00e1rvores inteiras podem causar muitos transtornos. Recentemente, na primeira quinzena de novembro, uma tempestade fez a cidade de S\u00e3o Paulo ficar n\u00e3o s\u00f3 em estado de alerta mas tamb\u00e9m com v\u00e1rios bairros sem energia devido aos\u00a0<u><a href=\"https:\/\/noticias.uol.com.br\/cotidiano\/ultimas-noticias\/2023\/11\/07\/por-que-faltou-energia-em-tantos-lugares-sp.htm#:~:text=A%20Prefeitura%20de%20S%C3%A3o%20Paulo,a%20rede%20de%20energia%20el%C3%A9trica.\" target=\"_blank\" rel=\"nofollow noopener\">danos na rede el\u00e9trica<\/a><\/u>. A prefeitura da capital estimou em\u00a0<u><a href=\"https:\/\/www.capital.sp.gov.br\/noticia\/vendaval-com-mais-de-100-km-h-que-atingiu-sao-paulo-na-sexta-nao-e-registrado-desde-1995\" target=\"_blank\" rel=\"nofollow noopener\">150 a quantidade de troncos que desabaram<\/a><\/u>\u00a0em um \u00fanico dia. H\u00e1 poucas estat\u00edsticas sobre a quantidade de acidentes, mas h\u00e1 diversos registros dos danos causados. Al\u00e9m disso, tamb\u00e9m recentemente, um\u00a0<u><a href=\"https:\/\/g1.globo.com\/sc\/santa-catarina\/noticia\/2023\/11\/14\/tsunami-meteorologico-que-arrastou-carros-foi-registrado-outras-vezes-em-sc-relembre.ghtml\" target=\"_blank\" rel=\"nofollow noopener\">tsunami meteorol\u00f3gico arrastou carros em uma praia de <span class=\"xn-person\">Santa Catarina<\/span><\/a><\/u>. Esses incidentes meteorol\u00f3gicos est\u00e3o\u00a0 se tornando cada vez mais comuns em todo o mundo devido \u00e0s mudan\u00e7as clim\u00e1ticas.<\/p>\n<div class=\"PRN_ImbeddedAssetReference\" id=\"DivAssetPlaceHolder6996\">\n<a href=\"https:\/\/mma.prnewswire.com\/media\/2285903\/Tiago_Prado.html\" target=\"_blank\" rel=\"nofollow noopener\"><img decoding=\"async\" src=\"https:\/\/mma.prnewswire.com\/media\/2285903\/Tiago_Prado.jpg\" title=\"Tiago Prado, CEO da BRZ Insurance\" alt=\"Tiago Prado, CEO da BRZ Insurance\" \/><\/a><\/p>\n<\/div>\n<p>Nos EUA a quantidade de acidentes causados por conta de \u00e1rvores ca\u00eddas tamb\u00e9m n\u00e3o \u00e9 contabilizada, mas h\u00e1 dados sobre pelo menos\u00a0<u><a href=\"https:\/\/www.reifflawfirm.com\/100-people-killed-trees-every-year-united-states\/\" target=\"_blank\" rel=\"nofollow noopener\">100 falecimentos\u00a0<\/a><\/u>com essa causa, segundo a entidade OSHA (the Occupational Safety and Health Administration). S\u00e3o 250 bilh\u00f5es de \u00e1rvores em todo o territ\u00f3rio americano, segundo a entidade.<\/p>\n<p>Para quem possui ve\u00edculos nos EUA, o assunto pode suscitar o questionamento do que acontece com o carro se uma \u00e1rvore cair sobre ele ou se acidentalmente voc\u00ea for surpreendido em um alagamento. &#8220;Se ele tiver somente a cobertura obrigat\u00f3ria, esses tipos de incidente n\u00e3o estar\u00e3o previstos&#8221;, explica <span class=\"xn-person\">Tiago Prado<\/span>, CEO da BRZ Insurance. &#8220;Por isso o ideal \u00e9 ter o que chamamos de cobertura abrangente&#8221;.<\/p>\n<p>Tamb\u00e9m chamada de\u00a0<i>comprehensive coverage<\/i>\u00a0ou\u00a0<i>other than collision<\/i>, \u00e9 um tipo de seguro auto que cobre danos por outras causas que n\u00e3o uma colis\u00e3o. Ela cobre os eventos que est\u00e3o fora de controle, como uma enchente, um animal na estrada ou uma \u00e1rvore ca\u00edda no cap\u00f4.<\/p>\n<p>&#8220;Essa cobertura \u00e9 opcional e pode ser adicionada a outras coberturas, como o seguro de responsabilidade civil, na ap\u00f3lice de seguro do carro. Se o autm\u00f3vel for financiado ou alugado, \u00e9 muito prov\u00e1vel que a cobertura j\u00e1 esteja feita a pedido do credor&#8221;, lembra Tiago.<\/p>\n<p>Alguns eventos podem variar de uma seguradora para a outra, vale conferir item a item, mas costumam ser os seguintes:<\/p>\n<ul type=\"disc\">\n<li>Roubo<\/li>\n<li>Vandalismo, inc\u00eandio, tumultos e explos\u00f5es<\/li>\n<li>Perturba\u00e7\u00e3o civil, como um motim<\/li>\n<li>Danos no p\u00e1ra-brisa e no vidro\u00a0<\/li>\n<li><span class=\"xn-person\">Queda de<\/span> \u00e1rvores \/ galhos e outros objetos<\/li>\n<li>Pedras \/ objetos chutados ou caindo de carros<\/li>\n<li>Tempestades, granizo, vento, inunda\u00e7\u00f5es, rel\u00e2mpagos, terremotos e furac\u00f5es<\/li>\n<li>Acidentes com animais<\/li>\n<li>Inc\u00eandio<\/li>\n<\/ul>\n<p>Existe uma cobertura para cada tipo de necessidade de prote\u00e7\u00e3o para o carro e \u00e9 importante lembrar que a abrangente n\u00e3o cobre:\u00a0<\/p>\n<ul type=\"disc\">\n<li>Danos ao carro devido a uma colis\u00e3o<\/li>\n<li>Gastos m\u00e9dicos<\/li>\n<li>Custos judiciais<\/li>\n<li>Perda de renda para o condutor ou os passageiros se faltarem\u00a0 ao trabalho ap\u00f3s um acidente<\/li>\n<li>Danos no carro de outra pessoa devido a uma colis\u00e3o<\/li>\n<li>Propriedade roubada do carro<\/li>\n<\/ul>\n<p>&#8220;Por exemplo, se voc\u00ea bater em um cervo, essa cobertura entra em a\u00e7\u00e3o, por\u00e9m, se voc\u00ea desviar do animal e, por causa disso, bater em outro carro, o acidente passa a ser coberto pela cobertura de colis\u00e3o&#8221;, detalha Tiago. &#8220;Nenhuma das duas coberturas cobrir\u00e1 despesas m\u00e9dicas de um acidente ou danos ao ve\u00edculo de outra pessoa, isso vai ficar para a cobertura de responsabilidade. Ent\u00e3o \u00e9 importante se certificar de que tem a prote\u00e7\u00e3o certa para cada caso e que os limites est\u00e3o alinhados com cada realidade&#8221;.\u00a0<\/p>\n<p><b>Sobre a BRZ Insurance<\/b><\/p>\n<p>A BRZ Insurance \u00e9 uma Insurtech focada na comunidade brasileira e latina nos EUA. Operando desde 2017, usa IA para oferecer ao imigrante latino que atualmente reside em solo norte-americano uma gama de servi\u00e7os de seguros, levando em considera\u00e7\u00e3o as exig\u00eancias de cada cliente \u00e0 legisla\u00e7\u00e3o e exig\u00eancias locais. Com opera\u00e7\u00e3o no Brasil e nos Estados Unidos, consegue n\u00e3o s\u00f3 conceder aten\u00e7\u00e3o e cuidado de acordo com a cultura e os h\u00e1bitos desse p\u00fablico, mas tamb\u00e9m levar a solu\u00e7\u00e3o adequada a cada necessidade em espec\u00edfico, descomplicando o processo de contrata\u00e7\u00e3o de seguros e democratizando, dessa forma, o seu acesso.<\/p>\n<p>Foto &#8211; <a href=\"https:\/\/mma.prnewswire.com\/media\/2285903\/Tiago_Prado.jpg\" target=\"_blank\" rel=\"nofollow noopener\">https:\/\/mma.prnewswire.com\/media\/2285903\/Tiago_Prado.jpg<\/a><\/p>\n<p>\u00a0<\/p>\n<div class=\"PRN_ImbeddedAssetReference\" id=\"DivAssetPlaceHolder0\"><\/div>\n<p>FONTE  BRZ Insurance<\/p>\n<\/div>\n<p><img decoding=\"async\" alt=\"\" src=\"https:\/\/rt.prnewswire.com\/rt.gif?NewsItemId=PT77777&amp;Transmission_Id=202311271230PR_NEWS_LATAM____PT77777&amp;DateId=20231127\" style=\"border:0px;width:1px;height:1px\" \/><\/p>\n<p>A <b>OESP<\/b> n\u00e3o \u00e9(s\u00e3o) respons\u00e1vel(is) por erros, incorre\u00e7\u00f5es, atrasos ou quaisquer decis\u00f5es tomadas por seus clientes com base nos Conte\u00fados ora disponibilizados, bem como tais Conte\u00fados n\u00e3o representam a opini\u00e3o da <b>OESP<\/b> e s\u00e3o de inteira responsabilidade da <b>PR Newswire Ltda<\/b><\/p>\n","protected":false},"excerpt":{"rendered":"PR NEWSWIRE Incidentes meteorol\u00f3gicos como enchentes e quedas de \u00e1rvores em ve\u00edculos, por exemplo, est\u00e3o cobertas por esse tipo de ap\u00f3lice S\u00c3O PAULO, 27 de novembro de 2023 \/PRNewswire\/ &#8212;","protected":false},"author":1,"featured_media":0,"comment_status":"open","ping_status":"closed","sticky":false,"template":"","format":"standard","meta":{"_acf_changed":false,"inline_featured_image":false,"_monsterinsights_skip_tracking":false,"_monsterinsights_sitenote_active":false,"_monsterinsights_sitenote_note":"","_monsterinsights_sitenote_category":0,"footnotes":""},"categories":[31],"tags":[],"class_list":["post-81033","post","type-post","status-publish","format-standard","hentry","category-prnewsinternacional"],"acf":[],"_links":{"self":[{"href":"https:\/\/bluestudio.estadao.com.br\/agencia-de-comunicacao\/wp-json\/wp\/v2\/posts\/81033","targetHints":{"allow":["GET"]}}],"collection":[{"href":"https:\/\/bluestudio.estadao.com.br\/agencia-de-comunicacao\/wp-json\/wp\/v2\/posts"}],"about":[{"href":"https:\/\/bluestudio.estadao.com.br\/agencia-de-comunicacao\/wp-json\/wp\/v2\/types\/post"}],"author":[{"embeddable":true,"href":"https:\/\/bluestudio.estadao.com.br\/agencia-de-comunicacao\/wp-json\/wp\/v2\/users\/1"}],"replies":[{"embeddable":true,"href":"https:\/\/bluestudio.estadao.com.br\/agencia-de-comunicacao\/wp-json\/wp\/v2\/comments?post=81033"}],"version-history":[{"count":0,"href":"https:\/\/bluestudio.estadao.com.br\/agencia-de-comunicacao\/wp-json\/wp\/v2\/posts\/81033\/revisions"}],"wp:attachment":[{"href":"https:\/\/bluestudio.estadao.com.br\/agencia-de-comunicacao\/wp-json\/wp\/v2\/media?parent=81033"}],"wp:term":[{"taxonomy":"category","embeddable":true,"href":"https:\/\/bluestudio.estadao.com.br\/agencia-de-comunicacao\/wp-json\/wp\/v2\/categories?post=81033"},{"taxonomy":"post_tag","embeddable":true,"href":"https:\/\/bluestudio.estadao.com.br\/agencia-de-comunicacao\/wp-json\/wp\/v2\/tags?post=81033"}],"curies":[{"name":"wp","href":"https:\/\/api.w.org\/{rel}","templated":true}]}}