{"id":80623,"date":"2023-11-23T16:17:55","date_gmt":"2023-11-23T19:17:55","guid":{"rendered":"https:\/\/bluestudio.estadao.com.br\/agencia-de-comunicacao\/?p=80623"},"modified":"2023-11-24T09:11:23","modified_gmt":"2023-11-24T12:11:23","slug":"forum-gratuito-debate-o-combate-ao-racismo-e-ao-capacitismo-no-mercado-de-trabalho","status":"publish","type":"post","link":"https:\/\/bluestudio.estadao.com.br\/agencia-de-comunicacao\/agencia-mc-donalds\/forum-gratuito-debate-o-combate-ao-racismo-e-ao-capacitismo-no-mercado-de-trabalho\/","title":{"rendered":"F\u00f3rum gratuito debate o combate ao racismo e ao capacitismo no mercado de trabalho"},"content":{"rendered":"\n<p><em><strong>Com inscri\u00e7\u00f5es abertas, evento realizado pela Arcos Dorados, franqueadora do McDonald\u2019s, acontece no Teatro Claro, em S\u00e3o Paulo, no dia 27 de novembro<\/strong><\/em><\/p>\n\n\n\n<p>Em sua segunda edi\u00e7\u00e3o, o F\u00f3rum Inclus\u00e3o em Foco reunir\u00e1 especialistas, executivos e influenciadores para debaterem com os participantes os diversos aspectos que permeiam a empregabilidade de profissionais negros e com defici\u00eancia.<\/p>\n\n\n\n<p>Gratuito, o evento organizado pela Arcos Dorados \u2013 franqueadora do McDonald\u2019s \u2013, acontece no dia 27 de novembro (segunda-feira), das 9h \u00e0s 16h, no Teatro Claro, na Vila Ol\u00edmpia, em S\u00e3o Paulo.<\/p>\n\n\n\n<p>O F\u00f3rum Inclus\u00e3o em Foco \u00e9 aberto a todos os interessados. Para participar, \u00e9 s\u00f3 se inscrever na p\u00e1gina oficial do evento <a href=\"http:\/\/bit.ly\/inclusaoemfoco2\">clicando neste link<\/a>.<\/p>\n\n\n\n<p>O objetivo desta edi\u00e7\u00e3o \u00e9 fomentar o debate e, consequentemente, encontrar caminhos pr\u00e1ticos para combater o capacitismo e o racismo no mercado de trabalho. Para isso, trar\u00e1 para o centro das discuss\u00f5es as viv\u00eancias, os comportamentos sociais, a gera\u00e7\u00e3o de oportunidades e a capacita\u00e7\u00e3o promovida pelas empresas.<\/p>\n\n\n\n<p><strong>Presen\u00e7as confirmadas<\/strong><\/p>\n\n\n\n<p>Entre os participantes da segunda edi\u00e7\u00e3o do F\u00f3rum Inclus\u00e3o em Foco, profissionais com atua\u00e7\u00e3o relacionada com a pauta Diversidade e Inclus\u00e3o, como Leandro Corr\u00eaa e F\u00e1bio Sant\u2019Anna, da Arcos Dorados; e Nico Nascimento e Carolina Ignarra, da Talento Incluir.<\/p>\n\n\n\n<p>Especialistas e jornalistas tamb\u00e9m j\u00e1 confirmaram a presen\u00e7a. Entre eles, est\u00e3o: Silvia Nascimento (fundadora do Mundo Negro), Semayat Oliveira e Ana Helena Passos.<\/p>\n\n\n\n<p>Por sua vez, influenciadoras e atrizes compartilhar\u00e3o com o p\u00fablico suas trajet\u00f3rias, demonstrando o uso das plataformas para refor\u00e7ar o combate ao capacitismo e ao racismo. Na lista, nomes como Pequena Lo, Fernanda Honorato e Clara Moneke.<\/p>\n\n\n\n<p><strong>Import\u00e2ncia do debate<\/strong><\/p>\n\n\n\n<p>Tema atual, o debate sobre a diversidade e o combate ao racismo e o capacitismo no mercado de trabalho se torna cada vez mais necess\u00e1rio para a constru\u00e7\u00e3o de um pa\u00eds justo e igualit\u00e1rio.<\/p>\n\n\n\n<p>O assunto, claro, est\u00e1 interligado com o acesso \u00e0 educa\u00e7\u00e3o. Entretanto, de nada adianta uma forma\u00e7\u00e3o exemplar e um desempenho acima da m\u00e9dia se as empresas mantiverem os olhos fechados para estes profissionais.<\/p>\n\n\n\n<p>S\u00f3 para ter uma ideia, apenas 28,3% dos 45 milh\u00f5es de brasileiros que se identificam como uma pessoa com defici\u00eancia est\u00e3o empregados, de acordo com dados do Instituto Brasileiro de Geografia e Estat\u00edstica (IBGE).<\/p>\n\n\n\n<p>Por sua vez, ainda falta preparo das empresas para contratar profissionais com defici\u00eancia na avalia\u00e7\u00e3o de 65% dos entrevistados em estudo promovido pela Associa\u00e7\u00e3o Brasileira de Recursos Humanos (ABRH), Catho e i.Social.<\/p>\n\n\n\n<p>J\u00e1 pesquisa divulgada pelo Google demonstrou que 46% da popula\u00e7\u00e3o negra entrevistada consideram a inclus\u00e3o no mercado de trabalho como um dos assuntos que exigem prioridade.<\/p>\n\n\n\n<p>Dessa forma, eventos como o F\u00f3rum Inclus\u00e3o em Foco se transformam em iniciativas fundamentais para debater o tema e, consequentemente, encontrar caminhos para mudar esta realidade.<\/p>\n\n\n\n<p>Reconhecida como uma das maiores geradoras de primeiro emprego formal para jovens, a Arcos Dorados leva seu compromisso com a diversidade, a inclus\u00e3o e a gera\u00e7\u00e3o de oportunidade a todas as pessoas para al\u00e9m da companhia. Por isso, promove uma conversa sincera e construtiva na busca de um mercado de trabalho mais inclusivo.<\/p>\n\n\n\n<p>Vale lembrar que esta a\u00e7\u00e3o faz parte da Receita do Futuro, estrat\u00e9gia de atua\u00e7\u00e3o socioambiental da Arcos Dorados, que tem como um de seus compromissos ser parte ativa da solu\u00e7\u00e3o dos desafios da sociedade, impactando positivamente as comunidades onde est\u00e1 presente.<\/p>\n\n\n\n<p><strong>Servi\u00e7o<br><\/strong><em><br><\/em>2\u00ba F\u00f3rum Inclus\u00e3o em FocoData: 27 de novembro de 2023.<br>Hor\u00e1rio: das 9h \u00e0s 16hEndere\u00e7o: Teatro Claro, no Shopping Vila Ol\u00edmpia, na Rua Olimp\u00edadas, 360, em S\u00e3o Paulo (SP).Totalmente gratuito e aberto a todas as pessoas.<br>Inscri\u00e7\u00f5es no <a href=\"http:\/\/bit.ly\/inclusaoemfoco2\">site oficial do evento<\/a>.\u00a0<\/p>\n\n\n\n<p><strong>Programa\u00e7\u00e3o<br><br><\/strong>9h &#8211; Credenciamento\/Welcome Coffee.<br>9h45 &#8211; Abertura oficial &#8211; Mariana Scalzo, Ricardo Guedes e Rog\u00e9rio Barreira (Arcos Dorados).<br>9h50 &#8211; Painel 1 &#8211; Pessoas com Defici\u00eancia no Mercado de Trabalho e Oportunidades.<br>10h50 &#8211; Painel 2 &#8211; Pessoas Negras no Mercado de Trabalho e Oportunidades.<br><br>11h50 &#8211; Talk Especial &#8211; Carola Videira &#8211; Fundadora @turmadojilo.<br>12h10 &#8211; Pausa para Brunch &#8211; servido no local.<br>14h &#8211; Retorno ao evento.<br>14h20 &#8211; Painel 3 &#8211; A luta contra o capacitismo e o preconceito.<br>15h10 &#8211; Painel 4 &#8211; A luta contra o racismo estrutural no Brasil.<br>16h \u2013 Encerramento.<\/p>\n\n\n\n<p>A\u00a0<strong>OESP<\/strong>\u00a0n\u00e3o \u00e9(s\u00e3o) respons\u00e1vel(is) por erros, incorre\u00e7\u00f5es, atrasos ou quaisquer decis\u00f5es tomadas por seus clientes com base nos Conte\u00fados ora disponibilizados, bem como tais Conte\u00fados n\u00e3o representam a opini\u00e3o da\u00a0<strong>OESP<\/strong>\u00a0e s\u00e3o de inteira responsabilidade da\u00a0<strong>Arcos Dourados Com\u00e9rcio de Alimentos Ltda<\/strong><\/p>\n","protected":false},"excerpt":{"rendered":"Gratuito, o evento organizado pela Arcos Dorados \u2013 franqueadora do McDonald\u2019s \u2013, acontece no dia 27 de novembro&#8230;","protected":false},"author":1,"featured_media":80731,"comment_status":"open","ping_status":"closed","sticky":false,"template":"","format":"standard","meta":{"_acf_changed":false,"inline_featured_image":false,"_monsterinsights_skip_tracking":false,"_monsterinsights_sitenote_active":false,"_monsterinsights_sitenote_note":"","_monsterinsights_sitenote_category":0,"footnotes":""},"categories":[301],"tags":[309,113,114,307,112,308,111],"class_list":["post-80623","post","type-post","status-publish","format-standard","has-post-thumbnail","hentry","category-agencia-mc-donalds","tag-arcos-dorados","tag-estadao","tag-estadao-conteudo","tag-forum-gratuito","tag-marketing","tag-mcdonalds","tag-producao-de-conteudo"],"acf":[],"_links":{"self":[{"href":"https:\/\/bluestudio.estadao.com.br\/agencia-de-comunicacao\/wp-json\/wp\/v2\/posts\/80623","targetHints":{"allow":["GET"]}}],"collection":[{"href":"https:\/\/bluestudio.estadao.com.br\/agencia-de-comunicacao\/wp-json\/wp\/v2\/posts"}],"about":[{"href":"https:\/\/bluestudio.estadao.com.br\/agencia-de-comunicacao\/wp-json\/wp\/v2\/types\/post"}],"author":[{"embeddable":true,"href":"https:\/\/bluestudio.estadao.com.br\/agencia-de-comunicacao\/wp-json\/wp\/v2\/users\/1"}],"replies":[{"embeddable":true,"href":"https:\/\/bluestudio.estadao.com.br\/agencia-de-comunicacao\/wp-json\/wp\/v2\/comments?post=80623"}],"version-history":[{"count":1,"href":"https:\/\/bluestudio.estadao.com.br\/agencia-de-comunicacao\/wp-json\/wp\/v2\/posts\/80623\/revisions"}],"predecessor-version":[{"id":80625,"href":"https:\/\/bluestudio.estadao.com.br\/agencia-de-comunicacao\/wp-json\/wp\/v2\/posts\/80623\/revisions\/80625"}],"wp:featuredmedia":[{"embeddable":true,"href":"https:\/\/bluestudio.estadao.com.br\/agencia-de-comunicacao\/wp-json\/wp\/v2\/media\/80731"}],"wp:attachment":[{"href":"https:\/\/bluestudio.estadao.com.br\/agencia-de-comunicacao\/wp-json\/wp\/v2\/media?parent=80623"}],"wp:term":[{"taxonomy":"category","embeddable":true,"href":"https:\/\/bluestudio.estadao.com.br\/agencia-de-comunicacao\/wp-json\/wp\/v2\/categories?post=80623"},{"taxonomy":"post_tag","embeddable":true,"href":"https:\/\/bluestudio.estadao.com.br\/agencia-de-comunicacao\/wp-json\/wp\/v2\/tags?post=80623"}],"curies":[{"name":"wp","href":"https:\/\/api.w.org\/{rel}","templated":true}]}}