{"id":80363,"date":"2023-11-22T07:12:00","date_gmt":"2023-11-22T10:12:00","guid":{"rendered":"https:\/\/bluestudio.estadao.com.br\/agencia-de-comunicacao\/prnewswire\/prnewsinternacional\/resistencia-antimicrobiana-doencas-resistentes-a-medicamentos-podem-causar-10-milhoes-de-mortes-por-ano-ate-2050\/"},"modified":"2023-11-22T07:12:00","modified_gmt":"2023-11-22T10:12:00","slug":"resistencia-antimicrobiana-doencas-resistentes-a-medicamentos-podem-causar-10-milhoes-de-mortes-por-ano-ate-2050","status":"publish","type":"post","link":"https:\/\/bluestudio.estadao.com.br\/agencia-de-comunicacao\/prnewswire\/prnewsinternacional\/resistencia-antimicrobiana-doencas-resistentes-a-medicamentos-podem-causar-10-milhoes-de-mortes-por-ano-ate-2050\/","title":{"rendered":"Resist\u00eancia antimicrobiana: doen\u00e7as resistentes a medicamentos podem causar 10 milh\u00f5es de mortes por ano at\u00e9 2050"},"content":{"rendered":"<p><b>PR NEWSWIRE<\/b><\/p>\n<div class=\"xn-content\">\n<div class=\"PRN_ImbeddedAssetReference\" id=\"DivAssetPlaceHolder4663\">\n<a href=\"https:\/\/mma.prnewswire.com\/media\/2283014\/RAM_imagem.html\" target=\"_blank\" rel=\"nofollow noopener\"><img decoding=\"async\" src=\"https:\/\/mma.prnewswire.com\/media\/2283014\/RAM_imagem.jpg\" title=\"\" alt=\"\" \/><\/a><\/p>\n<\/div>\n<p><i>Estima-se que a n\u00edvel mundial a prepara\u00e7\u00e3o para essa pandemia silenciosa custaria em torno de <span class=\"xn-money\">US$ 30,1<\/span> milh\u00f5es. Uma quantia baixa se comparada ao valor estimado em <span class=\"xn-money\">US$ 12,5<\/span> bilh\u00f5es gastos globalmente durante a Covid-19. Na Semana Mundial de Conscientiza\u00e7\u00e3o\u00a0sobre o Uso de\u00a0Antimicrobianos a Essity alerta para a import\u00e2ncia do tratamento de infec\u00e7\u00f5es por meio de solu\u00e7\u00f5es que reduzam o uso de antibi\u00f3ticos.<\/i><\/p>\n<p><span class=\"legendSpanClass\">S\u00c3O PAULO<\/span>, <span class=\"legendSpanClass\">22 de novembro de 2023<\/span> \/PRNewswire\/ &#8212; A resist\u00eancia antimicrobiana (RAM) \u00e9 uma pandemia silenciosa que representa grande amea\u00e7a \u00e0 sa\u00fade p\u00fablica. Doen\u00e7as antes cur\u00e1veis tornam-se fatais \u00e0 medida que v\u00edrus, fungos e bact\u00e9rias deixam de reagir aos medicamentos, dificultando o tratamento de infec\u00e7\u00f5es e facilitando a dissemina\u00e7\u00e3o de doen\u00e7as.<\/p>\n<p>Com base em um documento da Organiza\u00e7\u00e3o das Na\u00e7\u00f5es Unidas, estima-se que as doen\u00e7as resistentes a medicamentos poder\u00e3o causar <b>10 milh\u00f5es de mortes por ano at\u00e9 2050<\/b>. Portanto, empresas como a Essity, l\u00edder mundial em produtos e solu\u00e7\u00f5es de higiene e sa\u00fade, por meio de sua unidade de neg\u00f3cios Health &amp; Medical, contribui para a Semana Mundial de Conscientiza\u00e7\u00e3o\u00a0sobre o Uso de\u00a0Antimicrobianos, com o objetivo de aumentar a conscientiza\u00e7\u00e3o e informar sobre a resist\u00eancia antimicrobiana (RAM), endossando seu compromisso de continuar promovendo melhores pr\u00e1ticas m\u00e9dicas.<\/p>\n<p>Um dos dados apresentados pelo <b>&#8220;Relat\u00f3rio de Higiene e Sa\u00fade Essity 2023&#8221;<\/b>, informa que \u00e9 prov\u00e1vel que ocorram mais pandemias no futuro, impulsionadas por uma variedade de fatores, como mudan\u00e7as clim\u00e1ticas, pecu\u00e1ria e urbaniza\u00e7\u00e3o. No entanto, investir em solu\u00e7\u00f5es de tratamento de infec\u00e7\u00f5es que reduzam a quantidade de uso de antibi\u00f3ticos pode ajudar a obter melhores resultados de sa\u00fade, reduzir infec\u00e7\u00f5es, pandemias e diminuir os altos custos de seu gerenciamento.<\/p>\n<p>Garantir o acesso \u00e0 \u00e1gua pot\u00e1vel, ao saneamento e aos produtos de higiene exigiria um investimento m\u00e9dio de <b><span class=\"xn-money\">US$ 10,3<\/span> a 11,5 milh\u00f5es<\/b> por ano, muito menos do que o custo da prepara\u00e7\u00e3o para pandemias, de cerca de <b><span class=\"xn-money\">US$ 30,1<\/span> bilh\u00f5es<\/b>. Uma quantia insignificante quando comparada ao custo estimado de <b><span class=\"xn-money\">US$ 12,5<\/span> bilh\u00f5es<\/b> gastos globalmente durante a pandemia da Covid-19.<\/p>\n<p>Investir na preven\u00e7\u00e3o da resist\u00eancia antimicrobiana (RAM) exige o envolvimento de v\u00e1rias partes interessadas. Governos, prestadores de servi\u00e7os de sa\u00fade, universidades, sociedade civil e empresas devem colaborar juntos em n\u00edvel local, nacional e global para melhorar o tratamento de infec\u00e7\u00f5es, oferecer solu\u00e7\u00f5es que reduzam o uso de antibi\u00f3ticos para a preven\u00e7\u00e3o das infec\u00e7\u00f5es e estabelecer medidas que, apoiadas por educa\u00e7\u00e3o e treinamento, enfatizem a rela\u00e7\u00e3o custo-benef\u00edcio como foco principal.<\/p>\n<p>&#8220;Em 2017, estabelecemos uma parceria com a Funda\u00e7\u00e3o das Na\u00e7\u00f5es Unidas, em colabora\u00e7\u00e3o com especialistas internacionais em RAM, com o objetivo de propor e implementar estrat\u00e9gias para abordar e aumentar a conscientiza\u00e7\u00e3o sobre esse desafio global. Recentemente, apresentamos os resultados de nossa pesquisa global &#8216;Higiene e Sa\u00fade 2023&#8217;, que relatou que <b>50% das pessoas pesquisadas n\u00e3o sabiam o que \u00e9 RAM<\/b>. Essa falta de conhecimento nos leva a tomar medidas concretas para informar e educar a popula\u00e7\u00e3o sobre esse importante problema de sa\u00fade e como reduzir sua incid\u00eancia&#8221;, explica <span class=\"xn-person\">Diego Becker<\/span>, Diretor Comercial de Health &amp; Medical na Essity Brasil.<\/p>\n<p>A Essity est\u00e1 convencida de que a administra\u00e7\u00e3o antimicrobiana no cuidado e tratamento de feridas deve ser incorporada aos padr\u00f5es e pr\u00e1ticas de cuidado desde o in\u00edcio. Para que em trabalho conjunto com as institui\u00e7\u00f5es de sa\u00fade se atendam \u00e0s necessidades imediatas e, ao mesmo tempo, invista-se em solu\u00e7\u00f5es de longo prazo baseadas em preven\u00e7\u00e3o, garantindo que a resist\u00eancia antimicrobiana seja parte integrante de uma educa\u00e7\u00e3o sanit\u00e1ria mais ampla.<\/p>\n<p>Quando se trata de combater a resist\u00eancia antimicrobiana, a experi\u00eancia da Essity est\u00e1 no aprimoramento das solu\u00e7\u00f5es de higiene das m\u00e3os por meio de suas marcas Cutimed&reg; Sorbact&reg; para quest\u00f5es de RAM. A Essity fornece curativos para tratamento de feridas que utilizam uma <b>abordagem inovadora para reduzir a carga biol\u00f3gica nas les\u00f5es sem usar nenhum agente quimicamente ativo<\/b>, o que pode ajudar a reduzir o uso excessivo de antibi\u00f3ticos, al\u00e9m de oferecer seguran\u00e7a, pois utiliza um antimicrobiano que n\u00e3o libera qu\u00edmica, evitando, assim, a absor\u00e7\u00e3o sist\u00eamica.<\/p>\n<p><b>Sobre a Essity <\/b><\/p>\n<p>Dedicada a melhorar o bem-estar por meio de seus produtos e servi\u00e7os, a Essity \u00e9 l\u00edder mundial em higiene e sa\u00fade. Com atua\u00e7\u00e3o em aproximadamente 150 pa\u00edses sob as marcas globais TENA&reg; e Tork&reg;, al\u00e9m de outras marcas fortes como JOBST&reg;, Leukoplast&reg;, Actimove&reg;, Cutimed&reg;, Delta-Cast&reg; Libresse&reg; e Issviva&reg; possui cerca de 48 mil colaboradores e suas vendas l\u00edquidas em 2022 totalizaram aproximadamente 15 bilh\u00f5es de d\u00f3lares. A sede da empresa fica localizada em Estocolmo, na Su\u00e9cia e est\u00e1 listada na bolsa de valores Nasdaq Estocolmo. No Brasil, a companhia conta com 530 colaboradores, com opera\u00e7\u00e3o local na cidade de S\u00e3o Paulo, centros de distribui\u00e7\u00e3o e uma f\u00e1brica localizada em Jarinu, no interior do estado. A Essity quebra barreiras pelo bem-estar e contribui para uma sociedade saud\u00e1vel, sustent\u00e1vel e circular. Mais informa\u00e7\u00f5es em <a href=\"http:\/\/www.essity.com\/\" target=\"_blank\" rel=\"nofollow noopener\">www.essity.com<\/a>.<\/p>\n<p>Foto &#8211; <a href=\"https:\/\/mma.prnewswire.com\/media\/2283014\/RAM_imagem.jpg\" target=\"_blank\" rel=\"nofollow noopener\">https:\/\/mma.prnewswire.com\/media\/2283014\/RAM_imagem.jpg<\/a><\/p>\n<div class=\"PRN_ImbeddedAssetReference\" id=\"DivAssetPlaceHolder0\"><\/div>\n<p>FONTE  Essity<\/p>\n<\/div>\n<p><img decoding=\"async\" alt=\"\" src=\"https:\/\/rt.prnewswire.com\/rt.gif?NewsItemId=PT75141&amp;Transmission_Id=202311220500PR_NEWS_LATAM____PT75141&amp;DateId=20231122\" style=\"border:0px;width:1px;height:1px\" \/><\/p>\n<p>A <b>OESP<\/b> n\u00e3o \u00e9(s\u00e3o) respons\u00e1vel(is) por erros, incorre\u00e7\u00f5es, atrasos ou quaisquer decis\u00f5es tomadas por seus clientes com base nos Conte\u00fados ora disponibilizados, bem como tais Conte\u00fados n\u00e3o representam a opini\u00e3o da <b>OESP<\/b> e s\u00e3o de inteira responsabilidade da <b>PR Newswire Ltda<\/b><\/p>\n","protected":false},"excerpt":{"rendered":"PR NEWSWIRE Estima-se que a n\u00edvel mundial a prepara\u00e7\u00e3o para essa pandemia silenciosa custaria em torno de US$ 30,1 milh\u00f5es. Uma quantia baixa se comparada ao valor estimado em US$ 12,5 bilh\u00f5es","protected":false},"author":1,"featured_media":80364,"comment_status":"open","ping_status":"closed","sticky":false,"template":"","format":"standard","meta":{"_acf_changed":false,"inline_featured_image":false,"_monsterinsights_skip_tracking":false,"_monsterinsights_sitenote_active":false,"_monsterinsights_sitenote_note":"","_monsterinsights_sitenote_category":0,"footnotes":""},"categories":[31],"tags":[],"class_list":["post-80363","post","type-post","status-publish","format-standard","has-post-thumbnail","hentry","category-prnewsinternacional"],"acf":[],"_links":{"self":[{"href":"https:\/\/bluestudio.estadao.com.br\/agencia-de-comunicacao\/wp-json\/wp\/v2\/posts\/80363","targetHints":{"allow":["GET"]}}],"collection":[{"href":"https:\/\/bluestudio.estadao.com.br\/agencia-de-comunicacao\/wp-json\/wp\/v2\/posts"}],"about":[{"href":"https:\/\/bluestudio.estadao.com.br\/agencia-de-comunicacao\/wp-json\/wp\/v2\/types\/post"}],"author":[{"embeddable":true,"href":"https:\/\/bluestudio.estadao.com.br\/agencia-de-comunicacao\/wp-json\/wp\/v2\/users\/1"}],"replies":[{"embeddable":true,"href":"https:\/\/bluestudio.estadao.com.br\/agencia-de-comunicacao\/wp-json\/wp\/v2\/comments?post=80363"}],"version-history":[{"count":0,"href":"https:\/\/bluestudio.estadao.com.br\/agencia-de-comunicacao\/wp-json\/wp\/v2\/posts\/80363\/revisions"}],"wp:featuredmedia":[{"embeddable":true,"href":"https:\/\/bluestudio.estadao.com.br\/agencia-de-comunicacao\/wp-json\/wp\/v2\/media\/80364"}],"wp:attachment":[{"href":"https:\/\/bluestudio.estadao.com.br\/agencia-de-comunicacao\/wp-json\/wp\/v2\/media?parent=80363"}],"wp:term":[{"taxonomy":"category","embeddable":true,"href":"https:\/\/bluestudio.estadao.com.br\/agencia-de-comunicacao\/wp-json\/wp\/v2\/categories?post=80363"},{"taxonomy":"post_tag","embeddable":true,"href":"https:\/\/bluestudio.estadao.com.br\/agencia-de-comunicacao\/wp-json\/wp\/v2\/tags?post=80363"}],"curies":[{"name":"wp","href":"https:\/\/api.w.org\/{rel}","templated":true}]}}