{"id":80178,"date":"2023-11-21T08:40:00","date_gmt":"2023-11-21T11:40:00","guid":{"rendered":"https:\/\/bluestudio.estadao.com.br\/agencia-de-comunicacao\/releases\/releases-geral\/festival-itinerante-traz-paella-marinera-em-restaurantes-da-capital-paulistana\/"},"modified":"2023-11-21T08:40:00","modified_gmt":"2023-11-21T11:40:00","slug":"festival-itinerante-traz-paella-marinera-em-restaurantes-da-capital-paulistana","status":"publish","type":"post","link":"https:\/\/bluestudio.estadao.com.br\/agencia-de-comunicacao\/releases\/releases-geral\/festival-itinerante-traz-paella-marinera-em-restaurantes-da-capital-paulistana\/","title":{"rendered":"Festival itinerante traz paella marinera em restaurantes da capital paulistana"},"content":{"rendered":"<p><b>DINO DIVULGADOR DE NOT\u00cdCIAS<\/b><\/p>\n<p>S\u00e3o Paulo &#8211; SP&#8211;(<a target='_blank' href='http:\/\/www.dino.com.br' rel=\"noopener\">DINO<\/a> &#8211; 21 nov, 2023) &#8211;<br \/>\nDe 22 a 30 de novembro, acontece o 1\u00ba. Festival Gastron\u00f4mico Itinerante Brasil Camar\u00e3o com a prepara\u00e7\u00e3o de uma paella marinera ao vivo, e com entradas da linha &#8216;Segredos do Capit\u00e3o&#8217;, da Brasil Camar\u00e3o, em restaurantes da capital paulista. A proposta do evento \u00e9 celebrar as amizades, antes das comemora\u00e7\u00f5es de final de ano.<\/p>\n<p>T\u00edpica da Espanha, a paella marinera s\u00f3 leva frutos do mar: camar\u00f5es, lula, polvo, mexilh\u00f5es e pescados. O sabor \u00e9 afinado por uma mistura \u00fanica de temperos como a\u00e7afr\u00e3o e por\u00e7\u00f5es de piment\u00f5es variados, tomates e segredos do Capit\u00e3o.<\/p>\n<p>O festival acontece em restaurantes parceiros e que s\u00e3o de cozinhas distintas, mostrando que \u00e9 poss\u00edvel unir culin\u00e1rias, tradi\u00e7\u00f5es e aproveitar o momento para confraterniza\u00e7\u00f5es. S\u00e3o restaurantes com cozinhas italiana, contempor\u00e2nea, internacional e japonesa.<\/p>\n<p>&#8216;A proposta foi buscar espa\u00e7os com ambientes acolhedores, tradicionais dos paulistanos e que gostam de inovar&#8217;, fala Jessica Paix\u00e3o, a Garota Gastron\u00f4mica, que fez a curadoria do Festival, na cidade de S\u00e3o Paulo.<\/p>\n<p>A ideia foi aproveitar o final do m\u00eas de novembro, para que as pessoas possam ser reunir com amigos, familiares e agradecer este per\u00edodo, que foi poss\u00edvel retornar aos encontros presenciais.&nbsp; Houve tamb\u00e9m a preocupa\u00e7\u00e3o de harmonizar sabores diferentes, provando que a culin\u00e1ria une pessoas. H\u00e1 a paella, prato tradicional das celebra\u00e7\u00f5es espanholas; as entradinhas como o bob\u00f3 de camar\u00e3o e o escondidinho de camar\u00e3o, da culin\u00e1ria brasileira, terminando com cheesecake com cobertura de frutas vermelhas e para harmonizar, vinhos nacionais.&nbsp;<\/p>\n<p>Sobre a Paella Marinera<\/p>\n<p>A origem da&nbsp;Paella&nbsp;vem do latim &#8216;Patella&#8217;, bandeja usada na antiga Roma destinada \u00e0s oferendas aos deuses, nos rituais de fecunda\u00e7\u00e3o da terra.&nbsp;Dizem tamb\u00e9m os historiadores que a palavra &#8216;Paella&#8217; surgiu quando os trabalhadores rurais voltavam para seus lares, nos finais de semana, e em homenagem \u00e0s suas esposas preparavam essa iguaria &#8216;Para Ellas&#8217; dando origem ao nome.<\/p>\n<p>A Paella \u00e9 um prato festivo e tradicional da culin\u00e1ria espanhola, que os espanh\u00f3is saboreiam em datas especiais: casamentos, anivers\u00e1rios, batizados, feriados religiosos e finais de semana.<\/p>\n<p>Ingredientes: Camar\u00f5es, lula, polvo, pescados, mariscos, mexilh\u00f5es, arroz especial, a\u00e7afr\u00e3o, temperos variados, tomate e piment\u00f5es vermelho e amarelo.<\/p>\n<p>Servi\u00e7o:<\/p>\n<p>1\u00ba. Festival Gastron\u00f4mico Itinerante Brasil Camar\u00e3o<\/p>\n<p>Ingressos a partir de R$ 120,00 (2 entradas e Paella)<\/p>\n<p>R$ 150,00 (2 entradas, Paella, 1 ta\u00e7a de vinho e 1 sobremesa).<\/p>\n<p>Os ingressos podem ser adquiridos na plataforma www.sympla.com.br<\/p>\n<p>Restaurantes participantes:<\/p>\n<p>La Piadina &#8211; 22\/11\/2023&nbsp;<\/p>\n<p>Tappi &#8211; 28\/11\/2023<\/p>\n<p>Iroha Sushi &#8211; Vila Leopoldina &#8211; 29\/11\/2023<\/p>\n<p>Restaurante Bambu &#8211; 30\/11\/2023<\/p>\n<p>Website: <a target='_blank' href='http:\/\/www.brasilcamarao.com.br\/festival-itinerante' rel=\"follow noopener\">http:\/\/www.brasilcamarao.com.br\/festival-itinerante<\/a><img src='https:\/\/api.dino.com.br\/v2\/news\/tr\/282987' alt='' style='border:0px;width:1px;height:1px' \/><br \/>\nA <b>OESP<\/b> n\u00e3o \u00e9(s\u00e3o) respons\u00e1vel(is) por erros, incorre\u00e7\u00f5es, atrasos ou quaisquer decis\u00f5es tomadas por seus clientes com base nos Conte\u00fados ora disponibilizados, bem como tais Conte\u00fados n\u00e3o representam a opini\u00e3o da <b>OESP<\/b> e s\u00e3o de inteira responsabilidade da <b>Dino Divulgador de Noticias Online Ltda<\/b><\/p>\n","protected":false},"excerpt":{"rendered":"DINO DIVULGADOR DE NOT\u00cdCIAS S\u00e3o Paulo &#8211; SP&#8211;(DINO &#8211; 21 nov, 2023) &#8211; De 22 a 30 de novembro, acontece o 1\u00ba. Festival Gastron\u00f4mico Itinerante Brasil Camar\u00e3o com a","protected":false},"author":1,"featured_media":80179,"comment_status":"open","ping_status":"closed","sticky":false,"template":"","format":"standard","meta":{"_acf_changed":false,"inline_featured_image":false,"_monsterinsights_skip_tracking":false,"_monsterinsights_sitenote_active":false,"_monsterinsights_sitenote_note":"","_monsterinsights_sitenote_category":0,"footnotes":""},"categories":[34],"tags":[],"class_list":["post-80178","post","type-post","status-publish","format-standard","has-post-thumbnail","hentry","category-releases-geral"],"acf":[],"_links":{"self":[{"href":"https:\/\/bluestudio.estadao.com.br\/agencia-de-comunicacao\/wp-json\/wp\/v2\/posts\/80178","targetHints":{"allow":["GET"]}}],"collection":[{"href":"https:\/\/bluestudio.estadao.com.br\/agencia-de-comunicacao\/wp-json\/wp\/v2\/posts"}],"about":[{"href":"https:\/\/bluestudio.estadao.com.br\/agencia-de-comunicacao\/wp-json\/wp\/v2\/types\/post"}],"author":[{"embeddable":true,"href":"https:\/\/bluestudio.estadao.com.br\/agencia-de-comunicacao\/wp-json\/wp\/v2\/users\/1"}],"replies":[{"embeddable":true,"href":"https:\/\/bluestudio.estadao.com.br\/agencia-de-comunicacao\/wp-json\/wp\/v2\/comments?post=80178"}],"version-history":[{"count":0,"href":"https:\/\/bluestudio.estadao.com.br\/agencia-de-comunicacao\/wp-json\/wp\/v2\/posts\/80178\/revisions"}],"wp:featuredmedia":[{"embeddable":true,"href":"https:\/\/bluestudio.estadao.com.br\/agencia-de-comunicacao\/wp-json\/wp\/v2\/media\/80179"}],"wp:attachment":[{"href":"https:\/\/bluestudio.estadao.com.br\/agencia-de-comunicacao\/wp-json\/wp\/v2\/media?parent=80178"}],"wp:term":[{"taxonomy":"category","embeddable":true,"href":"https:\/\/bluestudio.estadao.com.br\/agencia-de-comunicacao\/wp-json\/wp\/v2\/categories?post=80178"},{"taxonomy":"post_tag","embeddable":true,"href":"https:\/\/bluestudio.estadao.com.br\/agencia-de-comunicacao\/wp-json\/wp\/v2\/tags?post=80178"}],"curies":[{"name":"wp","href":"https:\/\/api.w.org\/{rel}","templated":true}]}}