{"id":80059,"date":"2023-11-20T10:05:00","date_gmt":"2023-11-20T13:05:00","guid":{"rendered":"https:\/\/bluestudio.estadao.com.br\/agencia-de-comunicacao\/releases\/releases-geral\/ananindeua-pa-recebera-usina-solar-por-meio-de-ppp\/"},"modified":"2023-11-20T10:05:00","modified_gmt":"2023-11-20T13:05:00","slug":"ananindeua-pa-recebera-usina-solar-por-meio-de-ppp","status":"publish","type":"post","link":"https:\/\/bluestudio.estadao.com.br\/agencia-de-comunicacao\/releases\/releases-geral\/ananindeua-pa-recebera-usina-solar-por-meio-de-ppp\/","title":{"rendered":"Ananindeua (PA) receber\u00e1 usina solar por meio de PPP"},"content":{"rendered":"<p><b>DINO DIVULGADOR DE NOT\u00cdCIAS<\/b><\/p>\n<p>Ananindeua (PA)&#8211;(<a target='_blank' href='http:\/\/www.dino.com.br' rel=\"noopener\">DINO<\/a> &#8211; 20 nov, 2023) &#8211;<br \/>\nA cidade de Ananindeua, no estado do Par\u00e1, se estrutura para a instala\u00e7\u00e3o de uma usina solar que abastecer\u00e1 os pr\u00e9dios e os bens p\u00fablicos da administra\u00e7\u00e3o municipal. Conforme descreveu a Prefeitura Municipal em seu <a rel=\"follow noopener\" target='_blank' href='https:\/\/www.ananindeua.pa.gov.br\/consultoria\/noticia\/2976\/prefeitura-firmara-parceria-publico-privada-para-implantar-sistema-inovador' data-mce-target='_blank'>site<\/a>, esse empreendimento ocorre a partir de um contrato por meio de Parceria P\u00fablico-Privada (PPP) e, na pr\u00e1tica, converte luz solar em eletricidade usando c\u00e9lulas fotovoltaicas que s\u00e3o instaladas em telhados ou terrenos.<\/p>\n<p>Como um todo, o sistema utiliza de suas placas solares para captar a luz e convert\u00ea-la em eletricidade. Para que isso ocorra, ser\u00e3o, inicialmente, cerca de R$ 30 milh\u00f5es de investimento privado no munic\u00edpio, a partir de um contrato com prazo de 25 anos e que atender\u00e1 mais de 330 unidades p\u00fablicas.<\/p>\n<p>O pr\u00f3ximo passo \u00e9 a assinatura deste documento, prevista para ser no in\u00edcio de janeiro de 2024. Concretizada, a empresa Energia Ananindeua, vencedora do processo licitat\u00f3rio, ter\u00e1 o prazo de um ano para concluir a constru\u00e7\u00e3o e dar in\u00edcio \u00e0 opera\u00e7\u00e3o dos servi\u00e7os.<\/p>\n<p>&#8216;Este projeto de usina solar representa um grande passo para o munic\u00edpio de Ananindeua e \u00e9 um exemplo claro de como o setor p\u00fablico pode tamb\u00e9m liderar a transi\u00e7\u00e3o energ\u00e9tica. A energia solar \u00e9 uma fonte limpa e sustent\u00e1vel, e estamos comprometidos em reduzir nossa emiss\u00e3o de carbono e economizar recursos p\u00fablicos&#8217;, afirma o prefeito do munic\u00edpio, Dr. Daniel Santos.<\/p>\n<p>Para ele, a parceria p\u00fablico-privada permite realizar esse investimento significativo gerando economia para os cofres municipais, permitindo aporte em outras \u00e1reas essenciais, como sa\u00fade, educa\u00e7\u00e3o, obras, entre outras. &#8216;Estamos olhando para o futuro, visando a economia, o meio ambiente e o bem-estar de nossos cidad\u00e3os. A assinatura deste contrato \u00e9 um marco importante para Ananindeua&#8217;, completa o prefeito.<\/p>\n<p>De acordo com o Instituto de Planejamento e Gest\u00e3o de Cidades (IPGC), \u00f3rg\u00e3o respons\u00e1vel pela estrutura\u00e7\u00e3o do projeto, a implanta\u00e7\u00e3o da usina ir\u00e1 impactar de forma positiva a produ\u00e7\u00e3o energ\u00e9tica municipal. A iniciativa ainda \u00e9 vista como uma case de sucesso que pode ser replicada pelo IPGC.<\/p>\n<p>&#8216;O projeto vai proporcionar uma economia de R$ 26 milh\u00f5es aos cofres do munic\u00edpio, al\u00e9m de uma redu\u00e7\u00e3o de 643 toneladas de carbono na atmosfera anualmente. Esses indicativos participam do nosso estudo de viabilidade, elaborado por engenheiros e outros especialistas do IPGC. Esse projeto \u00e9 uma refer\u00eancia n\u00e3o s\u00f3 para a regi\u00e3o norte do pa\u00eds, como para todo o Brasil, no tocante \u00e0 explora\u00e7\u00e3o das potencialidades naturais dos munic\u00edpios de forma sustent\u00e1vel e eficiente&#8217;, explica <a rel=\"follow noopener\" target='_blank' href='https:\/\/ipgc.com.br\/' data-mce-target='_blank'>Caroline Braga, coordenadora de projetos&nbsp;do&nbsp;IPGC<\/a>.<\/p>\n<p>Esse projeto ocorre no momento quando o Par\u00e1 se prepara para a 30\u00aa Confer\u00eancia da ONU sobre Mudan\u00e7as Clim\u00e1ticas (COP-30), prevista para novembro de 2025. Bel\u00e9m, capital do estado, sediar\u00e1 o encontro que deve reunir l\u00edderes pol\u00edticos, especialistas e entusiastas ambientais para debates e recortes sobre os diferentes temas que partem da ecologia.<\/p>\n<p>&#8216;A COP-30 afeta a agenda estrat\u00e9gica de eventos de todo o Par\u00e1 e coloca a PPP de Ananindeua como um grande exemplo de pr\u00e1tica sustent\u00e1vel por diferentes quest\u00f5es. Especialmente pela relev\u00e2ncia de debatermos e implantarmos as op\u00e7\u00f5es de energia limpa frente a quest\u00f5es como cr\u00e9ditos de carbono e at\u00e9 mesmo quanto a renova\u00e7\u00e3o das fontes energ\u00e9ticas mundiais&#8217;, endossa a coordenadora de projetos do IPGC.<\/p>\n<p>Website: <a target='_blank' href='https:\/\/ipgc.com.br\/' rel=\"follow noopener\">https:\/\/ipgc.com.br\/<\/a><img src='https:\/\/api.dino.com.br\/v2\/news\/tr\/293158' alt='' style='border:0px;width:1px;height:1px' \/><br \/>\nA <b>OESP<\/b> n\u00e3o \u00e9(s\u00e3o) respons\u00e1vel(is) por erros, incorre\u00e7\u00f5es, atrasos ou quaisquer decis\u00f5es tomadas por seus clientes com base nos Conte\u00fados ora disponibilizados, bem como tais Conte\u00fados n\u00e3o representam a opini\u00e3o da <b>OESP<\/b> e s\u00e3o de inteira responsabilidade da <b>Dino Divulgador de Noticias Online Ltda<\/b><\/p>\n","protected":false},"excerpt":{"rendered":"DINO DIVULGADOR DE NOT\u00cdCIAS Ananindeua (PA)&#8211;(DINO &#8211; 20 nov, 2023) &#8211; A cidade de Ananindeua, no estado do Par\u00e1, se estrutura para a instala\u00e7\u00e3o de uma usina solar que abastecer\u00e1","protected":false},"author":1,"featured_media":80060,"comment_status":"open","ping_status":"closed","sticky":false,"template":"","format":"standard","meta":{"_acf_changed":false,"inline_featured_image":false,"_monsterinsights_skip_tracking":false,"_monsterinsights_sitenote_active":false,"_monsterinsights_sitenote_note":"","_monsterinsights_sitenote_category":0,"footnotes":""},"categories":[34],"tags":[],"class_list":["post-80059","post","type-post","status-publish","format-standard","has-post-thumbnail","hentry","category-releases-geral"],"acf":[],"_links":{"self":[{"href":"https:\/\/bluestudio.estadao.com.br\/agencia-de-comunicacao\/wp-json\/wp\/v2\/posts\/80059","targetHints":{"allow":["GET"]}}],"collection":[{"href":"https:\/\/bluestudio.estadao.com.br\/agencia-de-comunicacao\/wp-json\/wp\/v2\/posts"}],"about":[{"href":"https:\/\/bluestudio.estadao.com.br\/agencia-de-comunicacao\/wp-json\/wp\/v2\/types\/post"}],"author":[{"embeddable":true,"href":"https:\/\/bluestudio.estadao.com.br\/agencia-de-comunicacao\/wp-json\/wp\/v2\/users\/1"}],"replies":[{"embeddable":true,"href":"https:\/\/bluestudio.estadao.com.br\/agencia-de-comunicacao\/wp-json\/wp\/v2\/comments?post=80059"}],"version-history":[{"count":0,"href":"https:\/\/bluestudio.estadao.com.br\/agencia-de-comunicacao\/wp-json\/wp\/v2\/posts\/80059\/revisions"}],"wp:featuredmedia":[{"embeddable":true,"href":"https:\/\/bluestudio.estadao.com.br\/agencia-de-comunicacao\/wp-json\/wp\/v2\/media\/80060"}],"wp:attachment":[{"href":"https:\/\/bluestudio.estadao.com.br\/agencia-de-comunicacao\/wp-json\/wp\/v2\/media?parent=80059"}],"wp:term":[{"taxonomy":"category","embeddable":true,"href":"https:\/\/bluestudio.estadao.com.br\/agencia-de-comunicacao\/wp-json\/wp\/v2\/categories?post=80059"},{"taxonomy":"post_tag","embeddable":true,"href":"https:\/\/bluestudio.estadao.com.br\/agencia-de-comunicacao\/wp-json\/wp\/v2\/tags?post=80059"}],"curies":[{"name":"wp","href":"https:\/\/api.w.org\/{rel}","templated":true}]}}