{"id":79998,"date":"2023-11-19T08:00:00","date_gmt":"2023-11-19T11:00:00","guid":{"rendered":"https:\/\/bluestudio.estadao.com.br\/agencia-de-comunicacao\/?p=79998"},"modified":"2023-11-24T14:32:10","modified_gmt":"2023-11-24T17:32:10","slug":"mulheres-encontram-no-empreendedorismo-caminho-para-transformacao-pessoal-e-profissional","status":"publish","type":"post","link":"https:\/\/bluestudio.estadao.com.br\/agencia-de-comunicacao\/grupo-boticario\/mulheres-encontram-no-empreendedorismo-caminho-para-transformacao-pessoal-e-profissional\/","title":{"rendered":"Mulheres encontram no empreendedorismo caminho para transforma\u00e7\u00e3o pessoal e profissional"},"content":{"rendered":"<h4 style=\"font-size: 26px; line-height:30px;\"><strong><em>O Brasil atingiu um marco significativo, registrando o maior n\u00famero de mulheres \u00e0 frente de neg\u00f3cios<\/em><\/strong><\/h4>\n<p>Para muitas mulheres, empreender n\u00e3o \u00e9 apenas uma escolha, mas sim uma alternativa para conciliar flexibilidade no trabalho com a conquista da independ\u00eancia financeira. De acordo com uma pesquisa do Sebrae, com dados do IBGE, o n\u00famero de empreendedoras no Brasil tem crescido rapidamente, alcan\u00e7ando 34,4% em 2022 e totalizando 10,3 milh\u00f5es de mulheres \u00e0 frente de neg\u00f3cios no Pa\u00eds. Isso destaca uma mudan\u00e7a importante em dire\u00e7\u00e3o \u00e0 autonomia econ\u00f4mica para as mulheres brasileiras.<\/p>\n<p>Josefa Adeilde, de 35 anos, \u00e9 um exemplo deste cen\u00e1rio. Ela come\u00e7ou a empreender aos 12 anos, vendendo geladinho pelas ruas da cidade de Aracaju, mas foi na revenda de cosm\u00e9ticos que encontrou um caminho para mudar de vida.<\/p>\n<p>Conhecida na cidade por acoplar uma cesta de frutas \u00e0 sua moto \u2013 onde carrega os produtos de beleza \u2013, com o tempo, Adeilde desenvolveu suas habilidades de vendas, construindo uma clientela leal e expandindo gradualmente seu neg\u00f3cio. Seu empenho n\u00e3o apenas a destacou no mercado, mas tamb\u00e9m a ajudou a alcan\u00e7ar conquistas pessoais.<\/p>\n<p>\u201cQuando conquistei minha moto, eu n\u00e3o dormia de tanta felicidade\u201d, conta a empreendedora, que tamb\u00e9m conseguiu financiar um apartamento e planejar a constru\u00e7\u00e3o de sua casa.<\/p>\n<p style=\"font-size: 12px; text-align: center;\"><img loading=\"lazy\" decoding=\"async\" class=\"size-medium wp-image-80006 aligncenter\" src=\"https:\/\/bluestudio.estadao.com.br\/agencia-de-comunicacao\/wp-content\/uploads\/2023\/11\/Foto-2-Josefa-Adeilde-225x300.jpeg\" alt=\"\" width=\"337\" height=\"450\" srcset=\"https:\/\/bluestudio.estadao.com.br\/agencia-de-comunicacao\/wp-content\/uploads\/2023\/11\/Foto-2-Josefa-Adeilde-225x300.jpeg 225w, https:\/\/bluestudio.estadao.com.br\/agencia-de-comunicacao\/wp-content\/uploads\/2023\/11\/Foto-2-Josefa-Adeilde.jpeg 768w\" sizes=\"auto, (max-width: 337px) 100vw, 337px\" \/><br \/>\n<em>Josefa Adeilde encontrou na revenda de cosm\u00e9ticos a oportunidade de mudar de vida &#8211; Cr\u00e9dito: Arquivo\u00a0Pessoal<\/em><\/p>\n<p>Empreender vai al\u00e9m de simplesmente fazer neg\u00f3cios; \u00e9 tamb\u00e9m uma oportunidade de impactar vidas. Imara Borges, ex-diretora escolar, decidiu abrir sua primeira loja de O Botic\u00e1rio em 1988 e hoje lidera 28 franquias no interior de S\u00e3o Paulo.<\/p>\n<p>Essa escolha n\u00e3o s\u00f3 marcou uma nova etapa em sua vida, mas tamb\u00e9m criou espa\u00e7o para o desenvolvimento de seus colaboradores. Segundo ela, oferecer oportunidades de crescimento e aperfei\u00e7oamento para a equipe faz parte da sua vis\u00e3o de neg\u00f3cio. \u201cA partir do momento em que eu mostro que eu acredito neles, eles acreditam na empresa tamb\u00e9m, e, assim, eles permanecem com a gente\u201d, conta.<\/p>\n<p>A hist\u00f3ria da fam\u00edlia de Imara com o Grupo Botic\u00e1rio chegou \u00e0 terceira gera\u00e7\u00e3o, e hoje ela conta com suas filhas como s\u00f3cias e seus netos trabalhando ao seu lado. \u201cEu tenho um entusiasmo muito grande pelo nosso neg\u00f3cio e passei isso para a minha fam\u00edlia\u201d, diz.<\/p>\n<p><strong>A arte de se reinventar<\/strong><br \/>\nDurante a pandemia, outras mulheres tamb\u00e9m viram uma sa\u00edda no empreendedorismo. Diante das limita\u00e7\u00f5es para retornar ao mercado de trabalho, Emanuela Machado, 32, se viu hipertensa e m\u00e3e solo de um filho de 4 meses. Foi quando precisou se reinventar para sustentar sua fam\u00edlia e decidiu fazer doces para vender em sua cidade, Bel\u00e9m do Par\u00e1.<\/p>\n<p>Segundo ela, a capacita\u00e7\u00e3o desempenhou um papel fundamental no desenvolvimento do seu neg\u00f3cio. Em 2022, ela participou do curso Vendedora de Milh\u00f5es, do projeto Empreendedoras da Beleza, do Grupo Botic\u00e1rio, e p\u00f4de aprender sobre estrat\u00e9gias de venda e empreendedorismo. Como n\u00e3o tinha muitos clientes, era muito dif\u00edcil fazer a venda na pandemia, mas foi uma das aulas do curso, sobre encantamento do cliente, que ajudou a expandir sua clientela.<\/p>\n<p>\u201cEu sempre fui a pessoa que fazia doces nas festas. Aprender a ouvir e entender um pouco da necessidade do cliente me ajudou a transformar isso em trabalho\u201d, conta.<\/p>\n<p style=\"font-size: 12px; text-align: center;\"><img loading=\"lazy\" decoding=\"async\" class=\"size-medium wp-image-80015 aligncenter\" src=\"https:\/\/bluestudio.estadao.com.br\/agencia-de-comunicacao\/wp-content\/uploads\/2023\/11\/Foto-4-Emanuela-Machado-fundadora-da-Doces-da-Tia-Moringa-2-225x300.jpeg\" alt=\"\" width=\"450\" height=\"600\" srcset=\"https:\/\/bluestudio.estadao.com.br\/agencia-de-comunicacao\/wp-content\/uploads\/2023\/11\/Foto-4-Emanuela-Machado-fundadora-da-Doces-da-Tia-Moringa-2-225x300.jpeg 225w, https:\/\/bluestudio.estadao.com.br\/agencia-de-comunicacao\/wp-content\/uploads\/2023\/11\/Foto-4-Emanuela-Machado-fundadora-da-Doces-da-Tia-Moringa-2-768x1024.jpeg 768w, https:\/\/bluestudio.estadao.com.br\/agencia-de-comunicacao\/wp-content\/uploads\/2023\/11\/Foto-4-Emanuela-Machado-fundadora-da-Doces-da-Tia-Moringa-2-1152x1536.jpeg 1152w, https:\/\/bluestudio.estadao.com.br\/agencia-de-comunicacao\/wp-content\/uploads\/2023\/11\/Foto-4-Emanuela-Machado-fundadora-da-Doces-da-Tia-Moringa-2.jpeg 1200w\" sizes=\"auto, (max-width: 450px) 100vw, 450px\" \/><br \/>\n<em>Ap\u00f3s participar do Empreendedoras da Beleza, Emanuela Machado viu sua clientela crescer &#8211; Cr\u00e9dito: Arquivo\u00a0Pessoal<\/em><\/p>\n<p>Cristiane Costa e Souza tamb\u00e9m participou das capacita\u00e7\u00f5es oferecidas pelo Grupo Botic\u00e1rio no Empreendedoras da Beleza e conta que foi um divisor de \u00e1guas para o seu crescimento profissional. Ap\u00f3s seis anos dedicados \u00e0 \u00e1rea de Recursos Humanos, perdeu seu emprego e, diante das dificuldades de encontrar uma recoloca\u00e7\u00e3o profissional, voltou \u00e0s suas ra\u00edzes como manicure, consolidando sua presen\u00e7a no est\u00fadio de sua irm\u00e3.<\/p>\n<p>Um diagn\u00f3stico de um c\u00e2ncer cerebral em 2022 a afastou do of\u00edcio, mas ela encontrou na revenda de cosm\u00e9ticos uma forma de complementar sua renda. Ap\u00f3s passar por radioterapia, quimioterapia e ficar com uma paralisia parcial de um lado do corpo, Cristiane ficou impossibilitada de voltar a trabalhar como manicure e a revenda de cosm\u00e9ticos foi o caminho que encontrou para continuar profissionalmente ativa de alguma forma.<\/p>\n<p>\u201cEmpreender tem transformado minha vida, porque consigo alcan\u00e7ar pequenas realiza\u00e7\u00f5es mesmo diante dos desafios apresentados pelo meu atual diagn\u00f3stico\u201d, conta.<\/p>\n<p style=\"font-size: 12px; text-align: center;\"><img loading=\"lazy\" decoding=\"async\" class=\"size-medium wp-image-80018 aligncenter\" src=\"https:\/\/bluestudio.estadao.com.br\/agencia-de-comunicacao\/wp-content\/uploads\/2023\/11\/Foto-5-Cristiane-Costa-e-Sousa-revendedora-do-Boticario-300x169.jpeg\" alt=\"\" width=\"600\" height=\"338\" srcset=\"https:\/\/bluestudio.estadao.com.br\/agencia-de-comunicacao\/wp-content\/uploads\/2023\/11\/Foto-5-Cristiane-Costa-e-Sousa-revendedora-do-Boticario-300x169.jpeg 300w, https:\/\/bluestudio.estadao.com.br\/agencia-de-comunicacao\/wp-content\/uploads\/2023\/11\/Foto-5-Cristiane-Costa-e-Sousa-revendedora-do-Boticario-1024x576.jpeg 1024w, https:\/\/bluestudio.estadao.com.br\/agencia-de-comunicacao\/wp-content\/uploads\/2023\/11\/Foto-5-Cristiane-Costa-e-Sousa-revendedora-do-Boticario-768x432.jpeg 768w, https:\/\/bluestudio.estadao.com.br\/agencia-de-comunicacao\/wp-content\/uploads\/2023\/11\/Foto-5-Cristiane-Costa-e-Sousa-revendedora-do-Boticario.jpeg 1280w\" sizes=\"auto, (max-width: 600px) 100vw, 600px\" \/><br \/>\nCristiane Costa e Souza come\u00e7ou a empreender durante o tratamento contra o c\u00e2ncer &#8211; Cr\u00e9dito: Divulga\u00e7\u00e3o\/Grupo\u00a0Botic\u00e1rio<\/p>\n<p>A\u00a0<b>OESP<\/b>\u00a0n\u00e3o \u00e9(s\u00e3o) respons\u00e1vel(is) por erros, incorre\u00e7\u00f5es, atrasos ou quaisquer decis\u00f5es tomadas por seus clientes com base nos Conte\u00fados ora disponibilizados, bem como tais Conte\u00fados n\u00e3o representam a opini\u00e3o da\u00a0<b>OESP<\/b>\u00a0e s\u00e3o de inteira responsabilidade da\u00a0<b>Botic\u00e1rio Produtos de Beleza Ltda.<\/b><\/p>\n<p style=\"font-size: 12px; text-align: center;\">Imagem em destaque: Imara Borges e as filhas est\u00e3o \u00e0 frente de franquias de O Botic\u00e1rio no interior de SP &#8211; Cr\u00e9dito: Arquivo Pessoal<\/p>\n","protected":false},"excerpt":{"rendered":"O Brasil atingiu um marco significativo, registrando o maior n\u00famero de mulheres \u00e0 frente de neg\u00f3cios Para muitas mulheres, empreender n\u00e3o \u00e9 apenas uma escolha, mas sim uma alternativa para","protected":false},"author":15,"featured_media":80229,"comment_status":"open","ping_status":"closed","sticky":false,"template":"","format":"standard","meta":{"_acf_changed":false,"inline_featured_image":false,"_monsterinsights_skip_tracking":false,"_monsterinsights_sitenote_active":false,"_monsterinsights_sitenote_note":"","_monsterinsights_sitenote_category":0,"footnotes":""},"categories":[293],"tags":[296,113,114,300,298,299],"class_list":["post-79998","post","type-post","status-publish","format-standard","has-post-thumbnail","hentry","category-grupo-boticario","tag-empreendedorismo-feminino","tag-estadao","tag-estadao-conteudo","tag-negocios","tag-transformacao-pessoal","tag-transformacao-profissional"],"acf":[],"_links":{"self":[{"href":"https:\/\/bluestudio.estadao.com.br\/agencia-de-comunicacao\/wp-json\/wp\/v2\/posts\/79998","targetHints":{"allow":["GET"]}}],"collection":[{"href":"https:\/\/bluestudio.estadao.com.br\/agencia-de-comunicacao\/wp-json\/wp\/v2\/posts"}],"about":[{"href":"https:\/\/bluestudio.estadao.com.br\/agencia-de-comunicacao\/wp-json\/wp\/v2\/types\/post"}],"author":[{"embeddable":true,"href":"https:\/\/bluestudio.estadao.com.br\/agencia-de-comunicacao\/wp-json\/wp\/v2\/users\/15"}],"replies":[{"embeddable":true,"href":"https:\/\/bluestudio.estadao.com.br\/agencia-de-comunicacao\/wp-json\/wp\/v2\/comments?post=79998"}],"version-history":[{"count":18,"href":"https:\/\/bluestudio.estadao.com.br\/agencia-de-comunicacao\/wp-json\/wp\/v2\/posts\/79998\/revisions"}],"predecessor-version":[{"id":80247,"href":"https:\/\/bluestudio.estadao.com.br\/agencia-de-comunicacao\/wp-json\/wp\/v2\/posts\/79998\/revisions\/80247"}],"wp:featuredmedia":[{"embeddable":true,"href":"https:\/\/bluestudio.estadao.com.br\/agencia-de-comunicacao\/wp-json\/wp\/v2\/media\/80229"}],"wp:attachment":[{"href":"https:\/\/bluestudio.estadao.com.br\/agencia-de-comunicacao\/wp-json\/wp\/v2\/media?parent=79998"}],"wp:term":[{"taxonomy":"category","embeddable":true,"href":"https:\/\/bluestudio.estadao.com.br\/agencia-de-comunicacao\/wp-json\/wp\/v2\/categories?post=79998"},{"taxonomy":"post_tag","embeddable":true,"href":"https:\/\/bluestudio.estadao.com.br\/agencia-de-comunicacao\/wp-json\/wp\/v2\/tags?post=79998"}],"curies":[{"name":"wp","href":"https:\/\/api.w.org\/{rel}","templated":true}]}}